{"id":10551,"date":"2024-05-18T13:59:36","date_gmt":"2024-05-18T13:59:36","guid":{"rendered":"https:\/\/www.lifescienceart.com\/?p=10551"},"modified":"2024-05-18T13:59:36","modified_gmt":"2024-05-18T13:59:36","slug":"mini-freezers-comprehensive-guide","status":"publish","type":"post","link":"https:\/\/www.lifescienceart.com\/cs\/life\/home-and-kitchen\/mini-freezers-comprehensive-guide\/","title":{"rendered":"Mini mraz\u00e1ky: Pr\u016fvodce pro snadn\u00e9 skladov\u00e1n\u00ed potravin"},"content":{"rendered":"<h2 class=\"wp-block-heading\">Miniledni\u010dky: Kompletn\u00ed pr\u016fvodce<\/h2>\n\n<h2 class=\"wp-block-heading\">Co jsou miniledni\u010dky<\/h2>\n\n<p>Miniledni\u010dky jsou kompaktn\u00ed spot\u0159ebi\u010de navr\u017een\u00e9 tak, aby poskytovaly dal\u0161\u00ed \u00falo\u017en\u00fd prostor pro potraviny v mal\u00fdch prostorech nebo pro specifick\u00e9 \u00fa\u010dely. Dod\u00e1vaj\u00ed se ve dvou hlavn\u00edch typech: vertik\u00e1ln\u00ed a horizont\u00e1ln\u00ed. Vertik\u00e1ln\u00ed miniledni\u010dky maj\u00ed dve\u0159e otev\u00edraj\u00edc\u00ed se dop\u0159edu, zat\u00edmco horizont\u00e1ln\u00ed miniledni\u010dky maj\u00ed v\u00edka otev\u00edraj\u00edc\u00ed se nahoru.<\/p>\n\n<h2 class=\"wp-block-heading\">V\u00fdb\u011br spr\u00e1vn\u00e9 miniledni\u010dky<\/h2>\n\n<p>P\u0159i v\u00fdb\u011bru miniledni\u010dky zva\u017ete tyto faktory:<\/p>\n\n<ul class=\"wp-block-list\">\n<li><strong>Um\u00edst\u011bn\u00ed:<\/strong> Zm\u011b\u0159te dostupn\u00fd prostor a ujist\u011bte se, \u017ee se miniledni\u010dka vejde. Zva\u017ete v\u00fd\u0161ku, \u0161\u00ed\u0159ku a hloubku a tak\u00e9 prostor pot\u0159ebn\u00fd pro spr\u00e1vnou cirkulaci vzduchu.<\/li>\n<li><strong>Typ:<\/strong> Vertik\u00e1ln\u00ed miniledni\u010dky nab\u00edzej\u00ed snadn\u00fd p\u0159\u00edstup k obsahu, ale maj\u00ed omezenou \u00falo\u017enou kapacitu. Horizont\u00e1ln\u00ed miniledni\u010dky maj\u00ed v\u011bt\u0161\u00ed \u00falo\u017en\u00fd prostor, ale jsou obt\u00ed\u017en\u011bji organizovateln\u00e9 a vyhled\u00e1vateln\u00e9.<\/li>\n<li><strong>Kapacita:<\/strong> Miniledni\u010dky se obvykle pohybuj\u00ed v kapacit\u011b od 1 do 5 krychlov\u00fdch stop. Zvolte velikost, kter\u00e1 vyhovuje va\u0161im \u00falo\u017en\u00fdm pot\u0159eb\u00e1m, ani\u017e byste ji p\u0159eplnili.<\/li>\n<li><strong>Rozmrazov\u00e1n\u00ed:<\/strong> V\u011bt\u0161ina miniledni\u010dek vy\u017eaduje manu\u00e1ln\u00ed rozmrazov\u00e1n\u00ed, zat\u00edmco n\u011bkter\u00e9 maj\u00ed automatick\u00e9 nebo bezmrazov\u00e9 funkce. Zva\u017ete sv\u00e9 preference a \u010detnost pou\u017e\u00edv\u00e1n\u00ed.<\/li>\n<li><strong>Energetick\u00e1 \u00fa\u010dinnost:<\/strong> Hledejte modely s hodnocen\u00edm Energy Star, abyste sn\u00ed\u017eili spot\u0159ebu energie a u\u0161et\u0159ili pen\u00edze za \u00fa\u010dty za elekt\u0159inu.<\/li>\n<li><strong>Funkce:<\/strong> N\u011bkter\u00e9 miniledni\u010dky nab\u00edzej\u00ed dal\u0161\u00ed funkce, jako jsou ovl\u00e1d\u00e1n\u00ed teploty, bezpe\u010dnostn\u00ed z\u00e1mky a v\u00fdsuvn\u00e9 ko\u0161e pro organizaci.<\/li>\n<\/ul>\n\n<h2 class=\"wp-block-heading\">Vertik\u00e1ln\u00ed miniledni\u010dky<\/h2>\n\n<p>Vertik\u00e1ln\u00ed miniledni\u010dky jsou ide\u00e1ln\u00ed do mal\u00fdch kuchyn\u00ed nebo prostor s omezen\u00fdm prostorem. Nab\u00edzej\u00ed pohodln\u00fd p\u0159\u00edstup, ale maj\u00ed men\u0161\u00ed \u00falo\u017enou kapacitu ve srovn\u00e1n\u00ed s horizont\u00e1ln\u00edmi miniledni\u010dkami.<\/p>\n\n<h2 class=\"wp-block-heading\">Horizont\u00e1ln\u00ed miniledni\u010dky<\/h2>\n\n<p>Horizont\u00e1ln\u00ed miniledni\u010dky jsou prostorn\u011bj\u0161\u00ed ne\u017e vertik\u00e1ln\u00ed modely a pojmou v\u011bt\u0161\u00ed p\u0159edm\u011bty. Mohou b\u00fdt v\u0161ak obt\u00ed\u017en\u011bj\u0161\u00ed uspo\u0159\u00e1dat a naj\u00edt v nich p\u0159edm\u011bty kv\u016fli nedostatku polic.<\/p>\n\n<h2 class=\"wp-block-heading\">Miniledni\u010dky vhodn\u00e9 do gar\u00e1\u017ee<\/h2>\n\n<p>Miniledni\u010dky vhodn\u00e9 do gar\u00e1\u017ee jsou navr\u017eeny tak, aby odol\u00e1valy extr\u00e9mn\u00edm teplot\u00e1m, co\u017e je \u010din\u00ed vhodn\u00fdmi pro venkovn\u00ed pou\u017eit\u00ed. Obvykle maj\u00ed v\u011bt\u0161\u00ed kapacitu a odoln\u011bj\u0161\u00ed konstrukci.<\/p>\n\n<h2 class=\"wp-block-heading\">Tipy pro pou\u017e\u00edv\u00e1n\u00ed miniledni\u010dek<\/h2>\n\n<ul class=\"wp-block-list\">\n<li><strong>Spr\u00e1vn\u00e9 skladov\u00e1n\u00ed:<\/strong> Zmrazujte pouze potraviny vhodn\u00e9 k zmrazen\u00ed. Nep\u0159epl\u0148ujte miniledni\u010dku, abyste zajistili spr\u00e1vnou cirkulaci vzduchu.<\/li>\n<li><strong>Organizace:<\/strong> Pou\u017e\u00edvejte ko\u0161e nebo p\u0159ep\u00e1\u017eky k uspo\u0159\u00e1d\u00e1n\u00ed p\u0159edm\u011bt\u016f a zabr\u00e1n\u011bn\u00ed jejich zavalen\u00ed.<\/li>\n<li><strong>Rozmrazov\u00e1n\u00ed:<\/strong> Pravideln\u011b rozmrazujte miniledni\u010dky s manu\u00e1ln\u00edm odmrazov\u00e1n\u00edm, abyste odstranili n\u00e1mrazu a udr\u017eeli optim\u00e1ln\u00ed v\u00fdkon.<\/li>\n<li><strong>\u00daspora energie:<\/strong> Udr\u017eujte miniledni\u010dku co nejv\u00edce zav\u0159enou a vyh\u00fdbejte se vkl\u00e1d\u00e1n\u00ed tepl\u00fdch p\u0159edm\u011bt\u016f dovnit\u0159.<\/li>\n<li><strong>Bezpe\u010dnost:<\/strong> V p\u0159\u00edpad\u011b pot\u0159eby miniledni\u010dku uzamkn\u011bte a dohl\u00ed\u017eejte na d\u011bti, abyste p\u0159ede\u0161li nehod\u00e1m.<\/li>\n<\/ul>\n\n<h2 class=\"wp-block-heading\">Recepty pro miniledni\u010dky<\/h2>\n\n<p>Miniledni\u010dky lze pou\u017e\u00edt k uchov\u00e1v\u00e1n\u00ed cel\u00e9 \u0159ady zmrazen\u00fdch potravin, v\u010detn\u011b:<\/p>\n\n<ul class=\"wp-block-list\">\n<li><strong>Zmrzlina:<\/strong> Skladujte p\u0159edbalenou zmrzlinu nebo si vyrobte vlastn\u00ed dom\u00e1c\u00ed pochoutky.<\/li>\n<li><strong>Zmrazen\u00e9 ovoce a zelenina:<\/strong> Blan\u0161\u00edrujte a zmrazte \u010derstv\u00e9 produkty, abyste zachovali \u017eiviny.<\/li>\n<li><strong>Maso:<\/strong> Zmrazte maso v jednotliv\u00fdch porc\u00edch nebo ve velk\u00fdch d\u00e1vk\u00e1ch pro p\u0159\u00edpravu j\u00eddel.<\/li>\n<li><strong>Zbytky:<\/strong> Zmrazte zbytky z j\u00eddel, abyste omezili pl\u00fdtv\u00e1n\u00ed potravinami.<\/li>\n<li><strong>P\u0159ipraven\u00e1 j\u00eddla:<\/strong> P\u0159ipravte j\u00eddla p\u0159edem a zmrazte je pro rychl\u00e1 a snadn\u00e1 j\u00eddla.<\/li>\n<\/ul>\n\n<h2 class=\"wp-block-heading\">V\u00fdb\u011br nejlep\u0161\u00ed miniledni\u010dky pro va\u0161e pot\u0159eby<\/h2>\n\n<p>Nejlep\u0161\u00ed miniledni\u010dka pro v\u00e1s z\u00e1vis\u00ed na va\u0161ich konkr\u00e9tn\u00edch po\u017eadavc\u00edch. Zva\u017ete faktory uveden\u00e9 v\u00fd\u0161e a prozkoumejte r\u016fzn\u00e9 modely, abyste na\u0161li ten, kter\u00fd odpov\u00edd\u00e1 va\u0161im pot\u0159eb\u00e1m, prostorov\u00fdm omezen\u00edm a rozpo\u010dtu.<\/p>","protected":false},"excerpt":{"rendered":"<p>Miniledni\u010dky: Kompletn\u00ed pr\u016fvodce Co jsou miniledni\u010dky Miniledni\u010dky jsou kompaktn\u00ed spot\u0159ebi\u010de navr\u017een\u00e9 tak, aby poskytovaly dal\u0161\u00ed \u00falo\u017en\u00fd prostor pro potraviny v mal\u00fdch prostorech nebo pro specifick\u00e9 \u00fa\u010dely. Dod\u00e1vaj\u00ed se ve dvou&hellip;<\/p>\n","protected":false},"author":3,"featured_media":23376,"comment_status":"closed","ping_status":"closed","sticky":false,"template":"","format":"standard","meta":{"footnotes":""},"categories":[9612],"tags":[2161,14647,8853,1084,8968],"class_list":["post-10551","post","type-post","status-publish","format-standard","has-post-thumbnail","hentry","category-home-and-kitchen","tag-energy-efficiency","tag-mini-freezers","tag-organization","tag-food-storage","tag-space-saving"],"_links":{"self":[{"href":"https:\/\/www.lifescienceart.com\/cs\/wp-json\/wp\/v2\/posts\/10551","targetHints":{"allow":["GET"]}}],"collection":[{"href":"https:\/\/www.lifescienceart.com\/cs\/wp-json\/wp\/v2\/posts"}],"about":[{"href":"https:\/\/www.lifescienceart.com\/cs\/wp-json\/wp\/v2\/types\/post"}],"author":[{"embeddable":true,"href":"https:\/\/www.lifescienceart.com\/cs\/wp-json\/wp\/v2\/users\/3"}],"replies":[{"embeddable":true,"href":"https:\/\/www.lifescienceart.com\/cs\/wp-json\/wp\/v2\/comments?post=10551"}],"version-history":[{"count":1,"href":"https:\/\/www.lifescienceart.com\/cs\/wp-json\/wp\/v2\/posts\/10551\/revisions"}],"predecessor-version":[{"id":10552,"href":"https:\/\/www.lifescienceart.com\/cs\/wp-json\/wp\/v2\/posts\/10551\/revisions\/10552"}],"wp:featuredmedia":[{"embeddable":true,"href":"https:\/\/www.lifescienceart.com\/cs\/wp-json\/wp\/v2\/media\/23376"}],"wp:attachment":[{"href":"https:\/\/www.lifescienceart.com\/cs\/wp-json\/wp\/v2\/media?parent=10551"}],"wp:term":[{"taxonomy":"category","embeddable":true,"href":"https:\/\/www.lifescienceart.com\/cs\/wp-json\/wp\/v2\/categories?post=10551"},{"taxonomy":"post_tag","embeddable":true,"href":"https:\/\/www.lifescienceart.com\/cs\/wp-json\/wp\/v2\/tags?post=10551"}],"curies":[{"name":"wp","href":"https:\/\/api.w.org\/{rel}","templated":true}]}}