{"id":13225,"date":"2023-04-05T12:26:21","date_gmt":"2023-04-05T12:26:21","guid":{"rendered":"https:\/\/www.lifescienceart.com\/?p=13225"},"modified":"2023-04-05T12:26:21","modified_gmt":"2023-04-05T12:26:21","slug":"climate-change-its-not-too-late-to-take-action","status":"publish","type":"post","link":"https:\/\/www.lifescienceart.com\/cs\/science\/climate-science\/climate-change-its-not-too-late-to-take-action\/","title":{"rendered":"Zm\u011bna klimatu: Nen\u00ed je\u0161t\u011b pozd\u011b jednat!"},"content":{"rendered":"<h2 class=\"wp-block-heading\">Zm\u011bna klimatu: Nen\u00ed je\u0161t\u011b pozd\u011b jednat<\/h2>\n\n<h2 class=\"wp-block-heading\">Co je to zm\u011bna klimatu?<\/h2>\n\n<p>Zm\u011bna klimatu se t\u00fdk\u00e1 dlouhodob\u00fdch zm\u011bn v klimatick\u00e9m syst\u00e9mu Zem\u011b, kter\u00e9 jsou prim\u00e1rn\u011b zp\u016fsobeny lidsk\u00fdmi \u010dinnostmi, kter\u00e9 uvol\u0148uj\u00ed do atmosf\u00e9ry sklen\u00edkov\u00e9 plyny. Tyto plyny zachycuj\u00ed teplo, co\u017e vede k postupn\u00e9mu n\u00e1r\u016fstu glob\u00e1ln\u00edch teplot a zm\u011bn\u011b vzorc\u016f po\u010das\u00ed.<\/p>\n\n<h2 class=\"wp-block-heading\">Nejhor\u0161\u00ed mo\u017en\u00fd sc\u00e9n\u00e1\u0159<\/h2>\n\n<p>Pokud se nebudou \u0159e\u0161it, m\u016f\u017ee m\u00edt zm\u011bna klimatu ni\u010div\u00e9 d\u016fsledky pro na\u0161i planetu. Odborn\u00edci varuj\u00ed p\u0159ed extr\u00e9mn\u00edmi pov\u011btrnostn\u00edmi ud\u00e1lostmi, stoupaj\u00edc\u00ed hladinou mo\u0159\u00ed, nedostatkem potravin a vyhynut\u00edm nes\u010detn\u00fdch druh\u016f. Mezivl\u00e1dn\u00ed panel pro zm\u011bnu klimatu (IPCC) identifikoval pr\u00e1h 2 \u00b0C (3,6 \u00b0F) nad p\u0159edindustri\u00e1ln\u00ed \u00farovn\u00ed jako limit pro p\u0159ijateln\u00e9 \u00farovn\u011b glob\u00e1ln\u00edho oteplov\u00e1n\u00ed.<\/p>\n\n<h2 class=\"wp-block-heading\">Role fosiln\u00edch paliv<\/h2>\n\n<p>Fosiln\u00ed paliva, jako je uhl\u00ed, ropa a zemn\u00ed plyn, jsou hlavn\u00edm zdrojem emis\u00ed sklen\u00edkov\u00fdch plyn\u016f. Spalov\u00e1n\u00ed t\u011bchto paliv uvol\u0148uje do atmosf\u00e9ry oxid uhli\u010dit\u00fd a dal\u0161\u00ed \u0161kodliv\u00e9 plyny, co\u017e v\u00fdznamn\u011b p\u0159isp\u00edv\u00e1 ke zm\u011bn\u011b klimatu.<\/p>\n\n<h2 class=\"wp-block-heading\">Obnoviteln\u00e1 energie: \u0158e\u0161en\u00ed<\/h2>\n\n<p>Abychom zm\u00edrnili zm\u011bnu klimatu, mus\u00edme p\u0159ej\u00edt na obnoviteln\u00e9 zdroje energie, jako je sol\u00e1rn\u00ed a v\u011btrn\u00e1 energie, kter\u00e9 neprodukuj\u00ed sklen\u00edkov\u00e9 plyny. N\u00e1klady na obnovitelnou energii v posledn\u00edch letech prudce klesly, co\u017e z n\u00ed \u010din\u00ed \u017eivotaschopn\u011bj\u0161\u00ed mo\u017enost ne\u017e kdykoli p\u0159edt\u00edm.<\/p>\n\n<h2 class=\"wp-block-heading\">V\u00fdznam sni\u017eov\u00e1n\u00ed emis\u00ed<\/h2>\n\n<p>Abychom udr\u017eeli glob\u00e1ln\u00ed teploty pod hranic\u00ed 2 \u00b0C, mus\u00edme drasticky sn\u00ed\u017eit emise sklen\u00edkov\u00fdch plyn\u016f. IPCC odhaduje, \u017ee do poloviny stolet\u00ed mus\u00edme sn\u00ed\u017eit emise o 41 a\u017e 72 procent pod \u00farove\u0148 z roku 2010.<\/p>\n\n<h2 class=\"wp-block-heading\">Zachycov\u00e1n\u00ed a ukl\u00e1d\u00e1n\u00ed uhl\u00edku: Mo\u017en\u00e9 \u0159e\u0161en\u00ed<\/h2>\n\n<p>Krom\u011b sni\u017eov\u00e1n\u00ed emis\u00ed mo\u017en\u00e1 budeme muset tak\u00e9 vyvinout technologie pro zachycov\u00e1n\u00ed oxidu uhli\u010dit\u00e9ho z atmosf\u00e9ry. Tyto technologie, zn\u00e1m\u00e9 jako zachycov\u00e1n\u00ed a ukl\u00e1d\u00e1n\u00ed uhl\u00edku (CCS), jsou st\u00e1le ve v\u00fdvoji, ale mohly by potenci\u00e1ln\u011b hr\u00e1t roli p\u0159i zm\u00edr\u0148ov\u00e1n\u00ed zm\u011bny klimatu.<\/p>\n\n<h2 class=\"wp-block-heading\">Ekonomick\u00e1 proveditelnost boje proti zm\u011bn\u011b klimatu<\/h2>\n\n<p>Na rozd\u00edl od v\u0161eobecn\u00e9ho p\u0159esv\u011bd\u010den\u00ed je boj proti zm\u011bn\u011b klimatu ekonomicky provediteln\u00fd. IPCC odhaduje, \u017ee by st\u00e1lo pouze 0,06 % glob\u00e1ln\u00edho HDP ro\u010dn\u011b, aby se zabr\u00e1nilo n\u00e1r\u016fstu teplot o v\u00edce ne\u017e 2 \u00b0C. To je mal\u00e1 cena, kterou je t\u0159eba zaplatit za dlouhodob\u00e9 v\u00fdhody stabiln\u00edho klimatu.<\/p>\n\n<h2 class=\"wp-block-heading\">V\u00fdzvy a p\u0159\u00edle\u017eitosti<\/h2>\n\n<p>V\u00fdvoj a implementace \u0159e\u0161en\u00ed zm\u011bny klimatu \u010del\u00ed \u0159ad\u011b v\u00fdzev, v\u010detn\u011b ekonomick\u00fdch, politick\u00fdch a v\u011bdeck\u00fdch p\u0159ek\u00e1\u017eek. Je v\u0161ak d\u016fle\u017eit\u00e9 si uv\u011bdomit, \u017ee je toho hodn\u011b v s\u00e1zce. Pokud nebudeme jednat, mohou b\u00fdt d\u016fsledky pro na\u0161i planetu a budouc\u00ed generace hroziv\u00e9.<\/p>\n\n<h2 class=\"wp-block-heading\">Mezin\u00e1rodn\u00ed spolupr\u00e1ce a zapojen\u00ed ve\u0159ejnosti<\/h2>\n\n<p>\u0158e\u0161en\u00ed zm\u011bny klimatu vy\u017eaduje mezin\u00e1rodn\u00ed spolupr\u00e1ci a zapojen\u00ed ve\u0159ejnosti. Vl\u00e1dy, podniky a jednotlivci mus\u00ed spolupracovat na sni\u017eov\u00e1n\u00ed emis\u00ed, v\u00fdvoji udr\u017eiteln\u00fdch \u0159e\u0161en\u00ed a zvy\u0161ov\u00e1n\u00ed pov\u011bdom\u00ed o nal\u00e9havosti tohoto probl\u00e9mu. Ve\u0159ejn\u00e9 pov\u011bdom\u00ed a podpora jsou kl\u00ed\u010dov\u00e9 pro prosazov\u00e1n\u00ed zm\u011bn v politice a vytv\u00e1\u0159en\u00ed udr\u017eiteln\u011bj\u0161\u00ed budoucnosti.<\/p>\n\n<h2 class=\"wp-block-heading\">Jednejte nyn\u00ed<\/h2>\n\n<p>P\u0159esto\u017ee je situace nal\u00e9hav\u00e1, nen\u00ed beznad\u011bjn\u00e1. P\u0159ijet\u00edm okam\u017eit\u00fdch a rozhodn\u00fdch opat\u0159en\u00ed m\u016f\u017eeme st\u00e1le zm\u00edrnit nejhor\u0161\u00ed dopady zm\u011bny klimatu a vytvo\u0159it udr\u017eiteln\u011bj\u0161\u00ed budoucnost pro sebe i pro budouc\u00ed generace.<\/p>","protected":false},"excerpt":{"rendered":"<p>Zm\u011bna klimatu: Nen\u00ed je\u0161t\u011b pozd\u011b jednat Co je to zm\u011bna klimatu? Zm\u011bna klimatu se t\u00fdk\u00e1 dlouhodob\u00fdch zm\u011bn v klimatick\u00e9m syst\u00e9mu Zem\u011b, kter\u00e9 jsou prim\u00e1rn\u011b zp\u016fsobeny lidsk\u00fdmi \u010dinnostmi, kter\u00e9 uvol\u0148uj\u00ed do&hellip;<\/p>\n","protected":false},"author":1,"featured_media":0,"comment_status":"closed","ping_status":"","sticky":false,"template":"","format":"standard","meta":{"footnotes":""},"categories":[284],"tags":[569,119,291,120,34],"class_list":["post-13225","post","type-post","status-publish","format-standard","hentry","category-climate-science","tag-global-warming","tag-renewable-energy","tag-greenhouse-gases","tag-sustainability","tag-climate-change"],"_links":{"self":[{"href":"https:\/\/www.lifescienceart.com\/cs\/wp-json\/wp\/v2\/posts\/13225","targetHints":{"allow":["GET"]}}],"collection":[{"href":"https:\/\/www.lifescienceart.com\/cs\/wp-json\/wp\/v2\/posts"}],"about":[{"href":"https:\/\/www.lifescienceart.com\/cs\/wp-json\/wp\/v2\/types\/post"}],"author":[{"embeddable":true,"href":"https:\/\/www.lifescienceart.com\/cs\/wp-json\/wp\/v2\/users\/1"}],"replies":[{"embeddable":true,"href":"https:\/\/www.lifescienceart.com\/cs\/wp-json\/wp\/v2\/comments?post=13225"}],"version-history":[{"count":1,"href":"https:\/\/www.lifescienceart.com\/cs\/wp-json\/wp\/v2\/posts\/13225\/revisions"}],"predecessor-version":[{"id":13226,"href":"https:\/\/www.lifescienceart.com\/cs\/wp-json\/wp\/v2\/posts\/13225\/revisions\/13226"}],"wp:attachment":[{"href":"https:\/\/www.lifescienceart.com\/cs\/wp-json\/wp\/v2\/media?parent=13225"}],"wp:term":[{"taxonomy":"category","embeddable":true,"href":"https:\/\/www.lifescienceart.com\/cs\/wp-json\/wp\/v2\/categories?post=13225"},{"taxonomy":"post_tag","embeddable":true,"href":"https:\/\/www.lifescienceart.com\/cs\/wp-json\/wp\/v2\/tags?post=13225"}],"curies":[{"name":"wp","href":"https:\/\/api.w.org\/{rel}","templated":true}]}}