{"id":14804,"date":"2024-05-04T12:24:13","date_gmt":"2024-05-04T12:24:13","guid":{"rendered":"https:\/\/www.lifescienceart.com\/?p=14804"},"modified":"2024-05-04T12:24:13","modified_gmt":"2024-05-04T12:24:13","slug":"cop27-climate-summit-key-storylines","status":"publish","type":"post","link":"https:\/\/www.lifescienceart.com\/cs\/science\/climate-science\/cop27-climate-summit-key-storylines\/","title":{"rendered":"COP27: P\u011bt d\u016fle\u017eit\u00fdch p\u0159\u00edb\u011bh\u016f o zm\u011bn\u011b klimatu"},"content":{"rendered":"<h2 class=\"wp-block-heading\">COP27 klimatick\u00fd summit: P\u011bt kl\u00ed\u010dov\u00fdch d\u011bjov\u00fdch lini\u00ed<\/h2>\n\n<h2 class=\"wp-block-heading\">Fond pro ztr\u00e1ty a \u0161kody<\/h2>\n\n<p>Deleg\u00e1ti na COP27 se dohodli na z\u0159\u00edzen\u00ed fondu na podporu rozvojov\u00fdch zem\u00ed, kter\u00e9 utrp\u011bly z\u00e1va\u017en\u00e9 katastrofy souvisej\u00edc\u00ed s klimatem. Tyto zem\u011b \u010dasto nesou t\u00edhu dopad\u016f zm\u011bny klimatu, p\u0159esto\u017ee se jen m\u00e1lo pod\u00edlej\u00ed na glob\u00e1ln\u00edch emis\u00edch sklen\u00edkov\u00fdch plyn\u016f.<\/p>\n\n<p>Podrobnosti o fondu, jako jsou zdroje financov\u00e1n\u00ed a krit\u00e9ria zp\u016fsobilosti, stanov\u00ed v\u00fdbor v pr\u016fb\u011bhu p\u0159\u00ed\u0161t\u00edho roku. P\u00e1kist\u00e1n, kter\u00fd letos za\u017eil katastrofick\u00e9 z\u00e1plavy, sehr\u00e1l kl\u00ed\u010dovou roli v prosazov\u00e1n\u00ed fondu.<\/p>\n\n<h2 class=\"wp-block-heading\">Fosiln\u00ed paliva<\/h2>\n\n<p>Zat\u00edmco fond pro ztr\u00e1ty a \u0161kody byl v\u00fdznamn\u00fdm \u00fasp\u011bchem, odborn\u00edci kritizovali nedostate\u010dn\u00fd pokrok konference v oblasti sni\u017eov\u00e1n\u00ed vyu\u017e\u00edv\u00e1n\u00ed fosiln\u00edch paliv. Dohoda vyzvala pouze k postupn\u00e9mu vy\u0159azov\u00e1n\u00ed neefektivn\u00edch dotac\u00ed na fosiln\u00ed paliva a ke sn\u00ed\u017een\u00ed spot\u0159eby uhl\u00ed.<\/p>\n\n<p>Navzdory nal\u00e9havosti klimatick\u00e9 krize se p\u0159edpokl\u00e1d\u00e1, \u017ee sou\u010dasn\u00e1 politika povede do konce stolet\u00ed k oteplen\u00ed o 2,1 a\u017e 2,9 stupn\u011b Celsia nad p\u0159edindustri\u00e1ln\u00ed \u00farove\u0148, co\u017e zaost\u00e1v\u00e1 za c\u00edlem omezit oteplov\u00e1n\u00ed na 1,5 stupn\u011b Celsia.<\/p>\n\n<h2 class=\"wp-block-heading\">Ukrajina a zm\u011bna klimatu<\/h2>\n\n<p>V projevu na summitu prost\u0159ednictv\u00edm videohovoru zd\u016fraznil ukrajinsk\u00fd prezident Volodymyr Zelenskyj souvislost mezi v\u00e1lkou na Ukrajin\u011b a zm\u011bnou klimatu. Zd\u016fraznil, \u017ee ukon\u010den\u00ed rusk\u00e9 invaze je z\u00e1sadn\u00ed pro \u0159e\u0161en\u00ed klimatick\u00e9 krize.<\/p>\n\n<p>V\u00e1lka vedla ke zv\u00fd\u0161en\u00e9mu vyu\u017e\u00edv\u00e1n\u00ed fosiln\u00edch paliv, zejm\u00e9na uhl\u00ed, proto\u017ee Evropa se sna\u017e\u00ed sn\u00ed\u017eit svou z\u00e1vislost na rusk\u00e9m plynu. Konflikt nav\u00edc vedl ke zni\u010den\u00ed milion\u016f akr\u016f ukrajinsk\u00fdch les\u016f, kter\u00e9 hraj\u00ed d\u016fle\u017eitou roli p\u0159i zachycov\u00e1n\u00ed uhl\u00edku.<\/p>\n\n<h2 class=\"wp-block-heading\">Odles\u0148ov\u00e1n\u00ed Amazonie<\/h2>\n\n<p>Nov\u00fd brazilsk\u00fd prezident Luiz In\u00e1cio Lula da Silva sl\u00edbil do roku 2030 ukon\u010dit odles\u0148ov\u00e1n\u00ed v amazonsk\u00e9m pralese. Tento z\u00e1vazek p\u0159edstavuje v\u00fdznamn\u00fd posun oproti politice sou\u010dasn\u00e9 vl\u00e1dy, kter\u00e1 byla sv\u011bdkem prudk\u00e9ho n\u00e1r\u016fstu m\u00edry odles\u0148ov\u00e1n\u00ed.<\/p>\n\n<p>Ochrana Amazonie je nezbytn\u00e1 pro glob\u00e1ln\u00ed klimatickou stabilitu, proto\u017ee prales p\u016fsob\u00ed jako v\u00fdznamn\u00fd uhl\u00edkov\u00fd propad. Odborn\u00edci v\u0161ak poznamen\u00e1vaj\u00ed, \u017ee prosazen\u00ed Lulyova slibu bude vzhledem ke vlivu pravicov\u00fdch stran v brazilsk\u00e9m kongresu n\u00e1ro\u010dn\u00e9.<\/p>\n\n<h2 class=\"wp-block-heading\">Omezen\u00ed protest\u016f<\/h2>\n\n<p>Protesty byly historicky v\u00fdznamn\u00fdm prvkem klimatick\u00fdch konferenc\u00ed a poskytovaly aktivist\u016fm platformu pro vyj\u00e1d\u0159en\u00ed jejich obav. Na COP27 v\u0161ak byly protesty omezeny na vymezenou z\u00f3nu daleko od konferen\u010dn\u00edho centra.<\/p>\n\n<p>Klimatologi\u010dt\u00ed aktivist\u00e9 kritizovali tato omezen\u00ed s t\u00edm, \u017ee potla\u010duj\u00ed jejich schopnost \u017e\u00e1dat sv\u011btov\u00e9 l\u00eddry za odpov\u011bdnost. N\u011bkolik americk\u00fdch aktivist\u016f bylo dokonce vyhozeno z konference za kr\u00e1tk\u00fd protest b\u011bhem projevu prezidenta Bidena.<\/p>\n\n<h2 class=\"wp-block-heading\">Dal\u0161\u00ed kl\u00ed\u010dov\u00e9 body<\/h2>\n\n<ul class=\"wp-block-list\">\n<li><strong>Adaptace a zm\u00edr\u0148ov\u00e1n\u00ed:<\/strong> COP27 tak\u00e9 diskutoval o pot\u0159eb\u011b adapta\u010dn\u00edch i zm\u00edr\u0148uj\u00edc\u00edch opat\u0159en\u00ed k \u0159e\u0161en\u00ed zm\u011bny klimatu. Adaptace zahrnuje p\u0159izp\u016fsoben\u00ed se dopad\u016fm zm\u011bny klimatu, jako je n\u00e1r\u016fst hladiny mo\u0159\u00ed a extr\u00e9mn\u00ed pov\u011btrnostn\u00ed jevy. Zm\u00edrn\u011bn\u00ed zahrnuje sni\u017eov\u00e1n\u00ed emis\u00ed sklen\u00edkov\u00fdch plyn\u016f a zpomalen\u00ed tempa zm\u011bny klimatu.<\/li>\n<li><strong>Obnoviteln\u00e1 energie:<\/strong> P\u0159echod na obnoviteln\u00e9 zdroje energie, jako je sol\u00e1rn\u00ed a v\u011btrn\u00e1 energie, byl zd\u016frazn\u011bn jako kl\u00ed\u010dov\u00e1 strategie ke zm\u00edrn\u011bn\u00ed zm\u011bny klimatu a sn\u00ed\u017een\u00ed z\u00e1vislosti na fosiln\u00edch palivech.<\/li>\n<li><strong>Klimatick\u00e1 spravedlnost:<\/strong> COP27 zd\u016fraznil v\u00fdznam zaji\u0161t\u011bn\u00ed toho, aby opat\u0159en\u00ed v oblasti klimatu byla spravedliv\u00e1 a \u0159e\u0161ila nep\u0159im\u011b\u0159en\u00e9 dopady zm\u011bny klimatu na zraniteln\u00e9 komunity.<\/li>\n<li><strong>Spolupr\u00e1ce a partnerstv\u00ed:<\/strong> Summit zd\u016fraznil pot\u0159ebu spolupr\u00e1ce a partnerstv\u00ed mezi vl\u00e1dami, podniky a organizacemi ob\u010dansk\u00e9 spole\u010dnosti pro \u00fa\u010dinn\u00e9 \u0159e\u0161en\u00ed klimatick\u00e9 krize.<\/li>\n<\/ul>","protected":false},"excerpt":{"rendered":"<p>COP27 klimatick\u00fd summit: P\u011bt kl\u00ed\u010dov\u00fdch d\u011bjov\u00fdch lini\u00ed Fond pro ztr\u00e1ty a \u0161kody Deleg\u00e1ti na COP27 se dohodli na z\u0159\u00edzen\u00ed fondu na podporu rozvojov\u00fdch zem\u00ed, kter\u00e9 utrp\u011bly z\u00e1va\u017en\u00e9 katastrofy souvisej\u00edc\u00ed s&hellip;<\/p>\n","protected":false},"author":6,"featured_media":0,"comment_status":"closed","ping_status":"closed","sticky":false,"template":"","format":"standard","meta":{"footnotes":""},"categories":[284],"tags":[17675,2838,119,120,34,19819],"class_list":["post-14804","post","type-post","status-publish","format-standard","hentry","category-climate-science","tag-cop27","tag-fossil-fuels","tag-renewable-energy","tag-sustainability","tag-climate-change","tag-loss-and-damage"],"_links":{"self":[{"href":"https:\/\/www.lifescienceart.com\/cs\/wp-json\/wp\/v2\/posts\/14804","targetHints":{"allow":["GET"]}}],"collection":[{"href":"https:\/\/www.lifescienceart.com\/cs\/wp-json\/wp\/v2\/posts"}],"about":[{"href":"https:\/\/www.lifescienceart.com\/cs\/wp-json\/wp\/v2\/types\/post"}],"author":[{"embeddable":true,"href":"https:\/\/www.lifescienceart.com\/cs\/wp-json\/wp\/v2\/users\/6"}],"replies":[{"embeddable":true,"href":"https:\/\/www.lifescienceart.com\/cs\/wp-json\/wp\/v2\/comments?post=14804"}],"version-history":[{"count":1,"href":"https:\/\/www.lifescienceart.com\/cs\/wp-json\/wp\/v2\/posts\/14804\/revisions"}],"predecessor-version":[{"id":14805,"href":"https:\/\/www.lifescienceart.com\/cs\/wp-json\/wp\/v2\/posts\/14804\/revisions\/14805"}],"wp:attachment":[{"href":"https:\/\/www.lifescienceart.com\/cs\/wp-json\/wp\/v2\/media?parent=14804"}],"wp:term":[{"taxonomy":"category","embeddable":true,"href":"https:\/\/www.lifescienceart.com\/cs\/wp-json\/wp\/v2\/categories?post=14804"},{"taxonomy":"post_tag","embeddable":true,"href":"https:\/\/www.lifescienceart.com\/cs\/wp-json\/wp\/v2\/tags?post=14804"}],"curies":[{"name":"wp","href":"https:\/\/api.w.org\/{rel}","templated":true}]}}