{"id":1851,"date":"2026-08-31T23:54:55","date_gmt":"2026-08-31T23:54:55","guid":{"rendered":"https:\/\/www.lifescienceart.com\/?p=1851"},"modified":"2026-08-31T23:54:55","modified_gmt":"2026-08-31T23:54:55","slug":"tsch-gg-tta-unveiling-the-enigmatic-carnival-tradition-of-switzerland-s-ltschental-valley","status":"publish","type":"post","link":"https:\/\/www.lifescienceart.com\/cs\/art\/folk-art\/tsch-gg-tta-unveiling-the-enigmatic-carnival-tradition-of-switzerland-s-ltschental-valley\/","title":{"rendered":"Tsch\u00e4gg\u00e4tt\u00e4: Tajemn\u00e1 karnevalov\u00e1 tradice \u00fadol\u00ed L\u00f6tchental ve \u0160v\u00fdcarsku"},"content":{"rendered":"<h2 class=\"wp-block-heading\">Tsch\u00e4gg\u00e4tt\u00e4: Odhalen\u00ed tajemn\u00e9 karnevalov\u00e9 tradice \u00fadol\u00ed L\u00f6tchental ve \u0160v\u00fdcarsku<\/h2>\n\n<h2 class=\"wp-block-heading\">Historick\u00e9 po\u010d\u00e1tky a folkl\u00f3r<\/h2>\n\n<p class=\"wp-block-paragraph\">Tsch\u00e4gg\u00e4tt\u00e4, jedine\u010dn\u00e1 a z\u00e1hadn\u00e1 tradice, kter\u00e1 se kon\u00e1 v \u00fadol\u00ed L\u00f6tchental ve \u0160v\u00fdcarsku, po stalet\u00ed fascinuje m\u00edstn\u00ed i n\u00e1v\u0161t\u011bvn\u00edky. P\u016fvod tohoto fascinuj\u00edc\u00edho zvyku z\u016fst\u00e1v\u00e1 zahalen tajemstv\u00edm a r\u016fzn\u00e9 teorie se sna\u017e\u00ed vysv\u011btlit jeho vznik.<\/p>\n\n<p class=\"wp-block-paragraph\">Jedna popul\u00e1rn\u00ed legenda spojuje Tsch\u00e4gg\u00e4tt\u00e4 s \u201eSchurten Diebe\u201c, skupinou mlad\u00fdch mu\u017e\u016f, kte\u0159\u00ed nosili zv\u00ed\u0159ec\u00ed k\u016f\u017ee a d\u0159ev\u011bn\u00e9 masky a kradli vesni\u010dan\u016fm po cel\u00e9m \u00fadol\u00ed. Dal\u0161\u00ed teorie nazna\u010duje, \u017ee Tsch\u00e4gg\u00e4tt\u00e4 vzniklo jako prost\u0159edek pro svobodn\u00e9 setk\u00e1v\u00e1n\u00ed svobodn\u00fdch mu\u017e\u016f s \u017eenami v r\u00e1mci p\u0159\u00edsn\u00fdch katolick\u00fdch spole\u010densk\u00fdch norem.<\/p>\n\n<h2 class=\"wp-block-heading\">C\u00edrkevn\u00ed vliv<\/h2>\n\n<p class=\"wp-block-paragraph\">N\u011bkte\u0159\u00ed v\u011bdci se domn\u00edvaj\u00ed, \u017ee Tsch\u00e4gg\u00e4tt\u00e4 mohlo vzniknout z \u010f\u00e1blov\u00fdch postav barokn\u00edho divadla, kter\u00e9 rozkv\u00e9talo v 17. a 18. stolet\u00ed. Tato teorie souzn\u00ed s hroziv\u00fdm vzhledem Tsch\u00e4gg\u00e4tt\u00e4 a pou\u017e\u00edv\u00e1n\u00edm masek k zakryt\u00ed jejich identity.<\/p>\n\n<h2 class=\"wp-block-heading\">Role masek<\/h2>\n\n<p class=\"wp-block-paragraph\">St\u0159edobodem tradice Tsch\u00e4gg\u00e4tt\u00e4 jsou propracovan\u00e9 ru\u010dn\u011b \u0159ezan\u00e9 masky, kter\u00e9 se staly ikonick\u00fdmi symboly festivalu. P\u016fvodn\u011b vyroben\u00e9 z hol\u00e9ho d\u0159eva, masky se postupn\u011b vyv\u00edjely s p\u0159id\u00e1n\u00edm malby a um\u011bleck\u00fdch prvk\u016f. Dnes je v\u00fdroba masek respektovan\u00fdm \u0159emeslem, kde zru\u010dn\u00ed \u0159emesln\u00edci p\u0159edv\u00e1d\u011bj\u00ed sv\u00e9 dovednosti a kreativitu.<\/p>\n\n<h2 class=\"wp-block-heading\">Modern\u00ed projevy<\/h2>\n\n<p class=\"wp-block-paragraph\">A\u010dkoliv tradice Tsch\u00e4gg\u00e4tt\u00e4 z\u016fst\u00e1v\u00e1 v\u011brn\u00e1 sv\u00fdm ko\u0159en\u016fm, modern\u00ed vlivy se postupn\u011b prosazuj\u00ed. N\u011bkter\u00e9 masky nyn\u00ed obsahuj\u00ed odkazy na popkulturu, nap\u0159\u00edklad na Marvel\u016fv Venoma nebo Edvarda Munchova V\u00fdk\u0159iku. Tsch\u00e4gg\u00e4tt\u00e4 tak\u00e9 participuj\u00ed na velk\u00e9 pr\u016fvode s flotily a po\u0161lechy b\u011bhem karnevalov\u00fdch oslav.<\/p>\n\n<h2 class=\"wp-block-heading\">Za\u017e\u00edt Tsch\u00e4gg\u00e4tt\u00e4<\/h2>\n\n<p class=\"wp-block-paragraph\">Pro n\u00e1v\u0161t\u011bvn\u00edky jsou nejlep\u0161\u00ed p\u0159\u00edle\u017eitosti k pozorov\u00e1n\u00ed Tsch\u00e4gg\u00e4tt\u00e4 ve \u010dtvrtek ve\u010der a v sobotu odpoledne p\u0159ed Popele\u010dn\u00ed st\u0159edou. Ve \u010dtvrtek ve\u010der \u201eob\u010dansk\u00e9 bestie\u201c b\u011b\u017e\u00ed po ulic\u00edch Blatten a Ferden, zat\u00edmco v sobotu se kon\u00e1 sout\u011b\u017e v kost\u00fdmech, kde se p\u0159edstavuj\u00ed nejimpresivn\u011bj\u0161\u00ed masky a ko\u017ee\u0161iny.<\/p>\n\n<h2 class=\"wp-block-heading\">Kulturn\u00ed dopad a v\u00fdznam<\/h2>\n\n<p class=\"wp-block-paragraph\">Tradice Tsch\u00e4gg\u00e4tt\u00e4 je \u00fazce prov\u00e1z\u00e1na s kulturn\u00ed identitou \u00fadol\u00ed L\u00f6tchental. Poskytuje jedine\u010dn\u00fd pohled na \u0161v\u00fdcarsk\u00fd folkl\u00f3r, um\u011bn\u00ed a vz\u00e1jemn\u00e9 propojen\u00ed tradice a modernosti. Festival p\u0159itahuje tak\u00e9 mezin\u00e1rodn\u00ed pozornost, kdy n\u00e1v\u0161t\u011bvn\u00edci proud\u00ed, aby byli sv\u011bdky tohoto mimo\u0159\u00e1dn\u00e9ho p\u0159edstaven\u00ed.<\/p>","protected":false},"excerpt":{"rendered":"<p>Tsch\u00e4gg\u00e4tt\u00e4: Odhalen\u00ed tajemn\u00e9 karnevalov\u00e9 tradice \u00fadol\u00ed L\u00f6tchental ve \u0160v\u00fdcarsku Historick\u00e9 po\u010d\u00e1tky a folkl\u00f3r Tsch\u00e4gg\u00e4tt\u00e4, jedine\u010dn\u00e1 a z\u00e1hadn\u00e1 tradice, kter\u00e1 se kon\u00e1 v \u00fadol\u00ed L\u00f6tchental ve \u0160v\u00fdcarsku, po stalet\u00ed fascinuje m\u00edstn\u00ed&hellip;<\/p>\n","protected":false},"author":2,"featured_media":25567,"comment_status":"closed","ping_status":"closed","sticky":false,"template":"","format":"standard","meta":{"footnotes":""},"categories":[3669],"tags":[3967,89,3969,3968,3966],"class_list":["post-1851","post","type-post","status-publish","format-standard","has-post-thumbnail","hentry","category-folk-art","tag-carnival","tag-cultural-heritage","tag-mask-art","tag-swiss-folklore","tag-tschaggatta"],"_links":{"self":[{"href":"https:\/\/www.lifescienceart.com\/cs\/wp-json\/wp\/v2\/posts\/1851","targetHints":{"allow":["GET"]}}],"collection":[{"href":"https:\/\/www.lifescienceart.com\/cs\/wp-json\/wp\/v2\/posts"}],"about":[{"href":"https:\/\/www.lifescienceart.com\/cs\/wp-json\/wp\/v2\/types\/post"}],"author":[{"embeddable":true,"href":"https:\/\/www.lifescienceart.com\/cs\/wp-json\/wp\/v2\/users\/2"}],"replies":[{"embeddable":true,"href":"https:\/\/www.lifescienceart.com\/cs\/wp-json\/wp\/v2\/comments?post=1851"}],"version-history":[{"count":2,"href":"https:\/\/www.lifescienceart.com\/cs\/wp-json\/wp\/v2\/posts\/1851\/revisions"}],"predecessor-version":[{"id":25568,"href":"https:\/\/www.lifescienceart.com\/cs\/wp-json\/wp\/v2\/posts\/1851\/revisions\/25568"}],"wp:featuredmedia":[{"embeddable":true,"href":"https:\/\/www.lifescienceart.com\/cs\/wp-json\/wp\/v2\/media\/25567"}],"wp:attachment":[{"href":"https:\/\/www.lifescienceart.com\/cs\/wp-json\/wp\/v2\/media?parent=1851"}],"wp:term":[{"taxonomy":"category","embeddable":true,"href":"https:\/\/www.lifescienceart.com\/cs\/wp-json\/wp\/v2\/categories?post=1851"},{"taxonomy":"post_tag","embeddable":true,"href":"https:\/\/www.lifescienceart.com\/cs\/wp-json\/wp\/v2\/tags?post=1851"}],"curies":[{"name":"wp","href":"https:\/\/api.w.org\/{rel}","templated":true}]}}