{"id":2157,"date":"2019-05-02T11:47:05","date_gmt":"2019-05-02T11:47:05","guid":{"rendered":"https:\/\/www.lifescienceart.com\/?p=2157"},"modified":"2019-05-02T11:47:05","modified_gmt":"2019-05-02T11:47:05","slug":"racism-in-japan-a-growing-problem-foreign-residents-speak-out","status":"publish","type":"post","link":"https:\/\/www.lifescienceart.com\/cs\/life\/society\/racism-in-japan-a-growing-problem-foreign-residents-speak-out\/","title":{"rendered":"Rasismus v Japonsku: Rostouc\u00ed probl\u00e9m"},"content":{"rendered":"<h2 class=\"wp-block-heading\">Rasismus v Japonsku: Rostouc\u00ed probl\u00e9m<\/h2>\n\n<h2 class=\"wp-block-heading\">Zahrani\u010dn\u00ed rezidenti promluvili<\/h2>\n\n<p>Japonsko zaznamen\u00e1v\u00e1 n\u00e1r\u016fst zahrani\u010dn\u00edch n\u00e1v\u0161t\u011bvn\u00edk\u016f a rezident\u016f, ale tento p\u0159\u00edliv s sebou p\u0159inesl tak\u00e9 n\u00e1r\u016fst rasov\u00e9 nesn\u00e1\u0161enlivosti. Aby japonsk\u00e1 vl\u00e1da tento probl\u00e9m vy\u0159e\u0161ila, zah\u00e1jila bezprecedentn\u00ed pr\u016fzkum mezi 18 500 zahrani\u010dn\u00edmi rezidenty, aby shrom\u00e1\u017edila \u00fadaje o jejich zku\u0161enostech s rasovou diskriminac\u00ed.<\/p>\n\n<p>Pr\u016fzkum, kter\u00fd je k dispozici ve 13 jazyc\u00edch, po\u017e\u00e1d\u00e1 zahrani\u010dn\u00ed rezidenty star\u0161\u00ed 17 let, aby popsali incidenty rasov\u00e9 nesn\u00e1\u0161enlivosti, se kter\u00fdmi se setkali na pracovi\u0161ti a v jin\u00fdch prost\u0159ed\u00edch. V\u00fdsledky poskytnou prvn\u00ed komplexn\u00ed, neanekdotick\u00fd pohled na rozsah rasismu, kter\u00e9mu \u010del\u00ed zahrani\u010dn\u00ed obyvatelstvo Japonska.<\/p>\n\n<h2 class=\"wp-block-heading\">M\u011bn\u00edc\u00ed se spole\u010dnost<\/h2>\n\n<p>Rostouc\u00ed rozmanitost Japonska je relativn\u011b ned\u00e1vn\u00fd jev. V minulosti byla japonsk\u00e1 spole\u010dnost do zna\u010dn\u00e9 m\u00edry homogenn\u00ed, ale dnes v\u00edce ne\u017e 2 miliony zahrani\u010dn\u00edch rezident\u016f naz\u00fdv\u00e1 Japonsko sv\u00fdm domovem. Tato zm\u011bna vedla ke zv\u00fd\u0161en\u00e9mu rasov\u00e9mu nap\u011bt\u00ed, kter\u00e9 je \u010dasto \u017eiveno japonsk\u00fdmi z\u00e1kony a spole\u010densk\u00fdmi normami.<\/p>\n\n<p>Nap\u0159\u00edklad japonsk\u00e9 z\u00e1kony o ob\u010danstv\u00ed jsou zalo\u017eeny na krvi, nikoli na m\u00edst\u011b narozen\u00ed, co\u017e znamen\u00e1, \u017ee rezidenti s dvoj\u00ed ob\u010danstv\u00edm si mus\u00ed ve v\u011bku 22 let vybrat mezi japonsk\u00fdm a ciz\u00edm ob\u010danstv\u00edm. To m\u016f\u017ee vytv\u00e1\u0159et pocit odcizen\u00ed a vylou\u010den\u00ed pro zahrani\u010dn\u00ed rezidenty, kte\u0159\u00ed maj\u00ed hlubok\u00e9 vazby na Japonsko.<\/p>\n\n<h2 class=\"wp-block-heading\">Ve\u0159ejn\u00e9 konfrontace<\/h2>\n\n<p>Rostouc\u00ed po\u010det cizinc\u016f v Japonsku vedl tak\u00e9 ke zv\u00fd\u0161en\u00ed po\u010dtu ve\u0159ejn\u00fdch konfrontac\u00ed. V posledn\u00edch letech do\u0161lo k n\u011bkolika vysoce medializovan\u00fdm incident\u016fm diskriminace zahrani\u010dn\u00edch z\u00e1kazn\u00edk\u016f v restaurac\u00edch a ve\u0159ejn\u00e9 doprav\u011b.<\/p>\n\n<p>V jednom p\u0159\u00edpad\u011b se \u0159et\u011bzec sushi restaurac\u00ed omluvil za to, \u017ee zahrani\u010dn\u00edm z\u00e1kazn\u00edk\u016fm pod\u00e1val ryby s nadm\u011brn\u00fdm mno\u017estv\u00edm wasabi. V jin\u00e9m p\u0159\u00edpad\u011b byl pr\u016fvod\u010d\u00ed vlaku napomenut pot\u00e9, co pou\u017eil reproduktor k obvi\u0148ov\u00e1n\u00ed cizinc\u016f z toho, \u017ee obt\u011b\u017euj\u00ed japonsk\u00e9 cestuj\u00edc\u00ed.<\/p>\n\n<h2 class=\"wp-block-heading\">Reakce vl\u00e1dy<\/h2>\n\n<p>Japonsk\u00e1 vl\u00e1da podnikla n\u011bkter\u00e9 kroky k \u0159e\u0161en\u00ed probl\u00e9mu rasismu. V roce 2016 zem\u011b p\u0159ijala sv\u016fj prvn\u00ed z\u00e1kon proti trestn\u00fdm \u010din\u016fm z nen\u00e1visti. Kritici v\u0161ak tvrd\u00ed, \u017ee tento z\u00e1kon je p\u0159\u00edli\u0161 slab\u00fd na to, aby \u00fa\u010dinn\u011b bojoval proti rostouc\u00edmu probl\u00e9mu rasismu v Japonsku.<\/p>\n\n<p>Ned\u00e1vn\u00fd vl\u00e1dn\u00ed pr\u016fzkum o rasismu je pova\u017eov\u00e1n za pozitivn\u00ed krok k pochopen\u00ed rozsahu probl\u00e9mu a k vypracov\u00e1n\u00ed \u00fa\u010dinn\u011bj\u0161\u00edch politik k jeho \u0159e\u0161en\u00ed.<\/p>\n\n<h2 class=\"wp-block-heading\">V\u00fdzvy a p\u0159\u00edle\u017eitosti<\/h2>\n\n<p>Rostouc\u00ed rozmanitost japonsk\u00e9 spole\u010dnosti p\u0159edstavuje pro zemi jak v\u00fdzvy, tak p\u0159\u00edle\u017eitosti. Na jedn\u00e9 stran\u011b m\u016f\u017ee v\u00e9st ke zv\u00fd\u0161en\u00e9mu rasov\u00e9mu nap\u011bt\u00ed a diskriminaci. Na druhou stranu m\u016f\u017ee tak\u00e9 podporovat v\u011bt\u0161\u00ed porozum\u011bn\u00ed a toleranci mezi r\u016fzn\u00fdmi kulturn\u00edmi skupinami.<\/p>\n\n<p>Japonsk\u00e1 vl\u00e1da a spole\u010dnost jako celek mus\u00ed spolupracovat na \u0159e\u0161en\u00ed probl\u00e9mu rasismu a vytvo\u0159en\u00ed inkluzivn\u011bj\u0161\u00ed spole\u010dnosti pro v\u0161echny. V\u00fdsledky vl\u00e1dn\u00edho pr\u016fzkumu o rasismu poskytnou cenn\u00e9 poznatky o v\u00fdzv\u00e1ch, kter\u00fdm zahrani\u010dn\u00ed rezidenti v Japonsku \u010del\u00ed, a pomohou informovat o politick\u00fdch rozhodnut\u00edch na mnoho dal\u0161\u00edch let.<\/p>\n\n<h2 class=\"wp-block-heading\">Dal\u0161\u00ed long-tailov\u00e1 kl\u00ed\u010dov\u00e1 slova:<\/h2>\n\n<ul class=\"wp-block-list\">\n<li>Zku\u0161enosti s rasovou diskriminac\u00ed v Japonsku pro zahrani\u010dn\u00ed rezidenty<\/li>\n<li>V\u00fdzvy, kter\u00fdm zahrani\u010dn\u00ed rezidenti v Japonsku \u010del\u00ed v d\u016fsledku rasov\u00e9 diskriminace<\/li>\n<li>Dopad rasismu na Japonsko jako na vst\u0159\u00edcnou a inkluzivn\u00ed spole\u010dnost<\/li>\n<li>Reakce vl\u00e1dy na rasismus v Japonsku a efektivita sou\u010dasn\u00e9 politiky<\/li>\n<li>Role japonsk\u00e9ho pr\u00e1va a spole\u010densk\u00fdch norem v udr\u017eov\u00e1n\u00ed rasov\u00e9 diskriminace<\/li>\n<li>Ve\u0159ejn\u00e9 konfrontace mezi japonsk\u00fdmi ob\u010dany a zahrani\u010dn\u00edmi rezidenty<\/li>\n<li>R\u016fst protiimigra\u010dn\u00edch n\u00e1lad v Japonsku a jeho p\u0159\u00ed\u010diny<\/li>\n<li>Pr\u016fzkum o rasismu v Japonsku k informov\u00e1n\u00ed o politick\u00fdch rozhodnut\u00edch a ke zlep\u0161en\u00ed \u017eivota zahrani\u010dn\u00edch rezident\u016f<\/li>\n<li>D\u016fsledky rasismu pro japonskou spole\u010dnost jako celek, v\u010detn\u011b jej\u00ed ekonomiky a reputace<\/li>\n<\/ul>","protected":false},"excerpt":{"rendered":"<p>Rasismus v Japonsku: Rostouc\u00ed probl\u00e9m Zahrani\u010dn\u00ed rezidenti promluvili Japonsko zaznamen\u00e1v\u00e1 n\u00e1r\u016fst zahrani\u010dn\u00edch n\u00e1v\u0161t\u011bvn\u00edk\u016f a rezident\u016f, ale tento p\u0159\u00edliv s sebou p\u0159inesl tak\u00e9 n\u00e1r\u016fst rasov\u00e9 nesn\u00e1\u0161enlivosti. Aby japonsk\u00e1 vl\u00e1da tento probl\u00e9m&hellip;<\/p>\n","protected":false},"author":4,"featured_media":0,"comment_status":"closed","ping_status":"closed","sticky":false,"template":"","format":"standard","meta":{"footnotes":""},"categories":[66],"tags":[4513,4514,4260,902,4515],"class_list":["post-2157","post","type-post","status-publish","format-standard","hentry","category-society","tag-discrimination","tag-foreign-residents","tag-japan","tag-racism","tag-social-issues"],"_links":{"self":[{"href":"https:\/\/www.lifescienceart.com\/cs\/wp-json\/wp\/v2\/posts\/2157","targetHints":{"allow":["GET"]}}],"collection":[{"href":"https:\/\/www.lifescienceart.com\/cs\/wp-json\/wp\/v2\/posts"}],"about":[{"href":"https:\/\/www.lifescienceart.com\/cs\/wp-json\/wp\/v2\/types\/post"}],"author":[{"embeddable":true,"href":"https:\/\/www.lifescienceart.com\/cs\/wp-json\/wp\/v2\/users\/4"}],"replies":[{"embeddable":true,"href":"https:\/\/www.lifescienceart.com\/cs\/wp-json\/wp\/v2\/comments?post=2157"}],"version-history":[{"count":1,"href":"https:\/\/www.lifescienceart.com\/cs\/wp-json\/wp\/v2\/posts\/2157\/revisions"}],"predecessor-version":[{"id":2158,"href":"https:\/\/www.lifescienceart.com\/cs\/wp-json\/wp\/v2\/posts\/2157\/revisions\/2158"}],"wp:attachment":[{"href":"https:\/\/www.lifescienceart.com\/cs\/wp-json\/wp\/v2\/media?parent=2157"}],"wp:term":[{"taxonomy":"category","embeddable":true,"href":"https:\/\/www.lifescienceart.com\/cs\/wp-json\/wp\/v2\/categories?post=2157"},{"taxonomy":"post_tag","embeddable":true,"href":"https:\/\/www.lifescienceart.com\/cs\/wp-json\/wp\/v2\/tags?post=2157"}],"curies":[{"name":"wp","href":"https:\/\/api.w.org\/{rel}","templated":true}]}}