{"id":3922,"date":"2021-07-27T10:11:33","date_gmt":"2021-07-27T10:11:33","guid":{"rendered":"https:\/\/www.lifescienceart.com\/?p=3922"},"modified":"2021-07-27T10:11:33","modified_gmt":"2021-07-27T10:11:33","slug":"art-meets-science-personalizing-eco-grief","status":"publish","type":"post","link":"https:\/\/www.lifescienceart.com\/cs\/art\/climate-art\/art-meets-science-personalizing-eco-grief\/","title":{"rendered":"Um\u011bn\u00ed se setk\u00e1v\u00e1 s v\u011bdou: Dv\u011b um\u011blkyn\u011b z Kalifornie v\u00e1m pomohou vyj\u00e1d\u0159it v\u00e1\u0161 ekologick\u00fd z\u00e1rmutek"},"content":{"rendered":"<h2 class=\"wp-block-heading\">Setk\u00e1v\u00e1 se um\u011bn\u00ed s v\u011bdou: Jak v\u00e1m mohou dv\u011b um\u011blkyn\u011b z Kalifornie pomoci vyj\u00e1d\u0159it v\u00e1\u0161 ekologick\u00fd z\u00e1rmutek<\/h2>\n\n<h2 class=\"wp-block-heading\">\u00da\u0159ad jazykov\u00e9 reality<\/h2>\n\n<p>Alicia Escott a Heidi Quante, dv\u011b um\u011blkyn\u011b z Kalifornie, zalo\u017eily \u00da\u0159ad jazykov\u00e9 reality, aby vytvo\u0159ily slova, kter\u00e1 lidem pomohou popsat jejich slo\u017eit\u00e9 emoce ohledn\u011b zm\u011bny klimatu. Tento participativn\u00ed um\u011bleck\u00fd projekt zve lidi ze v\u0161ech spole\u010densk\u00fdch vrstev ke spolupr\u00e1ci na tvorb\u011b neologism\u016f, tedy nov\u011b vynalezen\u00fdch pojm\u016f, kter\u00e9 zachycuj\u00ed jedine\u010dn\u00e9 zku\u0161enosti klimatick\u00e9 t\u00edsn\u011b.<\/p>\n\n<h2 class=\"wp-block-heading\">S\u00edla slov<\/h2>\n\n<p>Jazyk hraje z\u00e1sadn\u00ed roli v na\u0161em ch\u00e1p\u00e1n\u00ed a vyjad\u0159ov\u00e1n\u00ed emoc\u00ed. Kdy\u017e m\u00e1me slova, kter\u00e1 popisuj\u00ed na\u0161e pocity, m\u016f\u017eeme je l\u00e9pe zpracovat a zvl\u00e1dnout. \u00da\u0159ad jazykov\u00e9 reality si tuto s\u00edlu uv\u011bdomuje a poskytuje lidem prostor k prozkoum\u00e1v\u00e1n\u00ed a vyj\u00e1d\u0159en\u00ed jejich emoc\u00ed souvisej\u00edc\u00edch s klimatem.<\/p>\n\n<h2 class=\"wp-block-heading\">Vytv\u00e1\u0159en\u00ed neologism\u016f<\/h2>\n\n<p>Proces vytv\u00e1\u0159en\u00ed neologism\u016f s \u00da\u0159adem jazykov\u00e9 reality je zalo\u017een na spolupr\u00e1ci a d\u016fmyslu. Um\u011blkyn\u011b vedou rozhovory s \u00fa\u010dastn\u00edky, kladou ot\u00e1zky a pozorn\u011b naslouchaj\u00ed jejich zku\u0161enostem. Pomoc\u00ed brainstormingu a vypr\u00e1v\u011bn\u00ed pom\u00e1haj\u00ed \u00fa\u010dastn\u00edk\u016fm identifikovat a definovat jejich emoce, co\u017e vede k vytvo\u0159en\u00ed nov\u00fdch slov, kter\u00e1 rezonuj\u00ed s jejich jedine\u010dn\u00fdmi perspektivami.<\/p>\n\n<h2 class=\"wp-block-heading\">P\u0159\u00edklady neologism\u016f<\/h2>\n\n<p>V pr\u016fb\u011bhu let \u00da\u0159ad jazykov\u00e9 reality pomohl vytvo\u0159it rozs\u00e1hl\u00fd slovn\u00edk neologism\u016f, kter\u00e9 zachycuj\u00ed nuance klimatick\u00e9 t\u00edsn\u011b. Mezi pozoruhodn\u00e9 p\u0159\u00edklady pat\u0159\u00ed:<\/p>\n\n<ul class=\"wp-block-list\">\n<li><strong>Quieseed:<\/strong> Semeno, kter\u00e9 z\u016fst\u00e1v\u00e1 v klidu kv\u016fli spole\u010densk\u00e9mu traumatu a zako\u0159en\u00ed, kdy\u017e najde bezpe\u010dn\u00e9 prost\u0159ed\u00ed, co\u017e p\u0159edstavuje akt vysloven\u00ed sv\u00e9 pravdy.<\/li>\n<li><strong>Shadowtime:<\/strong> Akutn\u00ed v\u011bdom\u00ed potenci\u00e1lu pro drasticky odli\u0161nou budoucnost, kter\u00e9 odr\u00e1\u017e\u00ed nejistotu a \u00fazkost spojenou se zm\u011bnou klimatu.<\/li>\n<li><strong>Blissonance:<\/strong> Naru\u0161en\u00ed bla\u017een\u00e9ho z\u00e1\u017eitku v p\u0159\u00edrod\u011b pocitem, \u017ee n\u011b\u010d\u00ed p\u0159\u00edtomnost po\u0161kozuje \u017eivotn\u00ed prost\u0159ed\u00ed.<\/li>\n<li><strong>Ennuipocalypse:<\/strong> Pomal\u00fd a postupn\u00fd soudn\u00fd den, zachycuj\u00edc\u00ed pocit bl\u00ed\u017e\u00edc\u00ed se zk\u00e1zy, kter\u00fd m\u016f\u017ee doprov\u00e1zet zm\u011bnu klimatu.<\/li>\n<\/ul>\n\n<h2 class=\"wp-block-heading\">Dopad \u00fa\u0159adu<\/h2>\n\n<p>Pr\u00e1ce \u00da\u0159adu jazykov\u00e9 reality m\u011bla hlubok\u00fd dopad na jednotlivce i komunity. T\u00edm, \u017ee lidem poskytl prostor k vyj\u00e1d\u0159en\u00ed jejich emoc\u00ed, \u00da\u0159ad pom\u00e1h\u00e1 sni\u017eovat pocity izolace a zmoc\u0148uje lidi, aby jednali. Projekt byl p\u0159edstaven na festivalech, muze\u00edch a \u0161kol\u00e1ch po cel\u00e9m sv\u011bt\u011b a inspiroval nespo\u010det lid\u00ed k tomu, aby se zapojili do zm\u011bny klimatu nov\u00fdmi a smyslupln\u00fdmi zp\u016fsoby.<\/p>\n\n<h2 class=\"wp-block-heading\">Yonderlonging: Osobn\u00ed p\u0159\u00edklad<\/h2>\n\n<p>Jedna z \u00fa\u010dastnic projektu \u00da\u0159adu, kter\u00e1 se pot\u00fdkala s hroz\u00edc\u00ed ztr\u00e1tou nedalek\u00e9ho pole krav kv\u016fli v\u00fdstavb\u011b, vymyslela term\u00edn \u201eyonderlonging\u201c. Toto slovo vystihuje pocit truchlen\u00ed nad \u0161iroce otev\u0159en\u00fdm prostorem, o kter\u00e9m se ob\u00e1v\u00e1, \u017ee zmiz\u00ed, osobn\u00ed projev solastalgie, \u00fazkosti zp\u016fsoben\u00e9 zm\u011bnami \u017eivotn\u00edho prost\u0159ed\u00ed.<\/p>\n\n<h2 class=\"wp-block-heading\">Budoucnost \u00fa\u0159adu<\/h2>\n\n<p>\u00da\u0159ad jazykov\u00e9 reality neust\u00e1le roste a vyv\u00edj\u00ed se, s pl\u00e1ny na budouc\u00ed akce a spolupr\u00e1ce. Um\u011blkyn\u011b se zavazuj\u00ed roz\u0161\u00ed\u0159it diskusi o zm\u011bn\u011b klimatu a poskytnout platformu pro vyslechnut\u00ed r\u016fzn\u00fdch hlas\u016f. V\u011b\u0159\u00ed, \u017ee prost\u0159ednictv\u00edm s\u00edly slov m\u016f\u017eeme vytvo\u0159it spravedliv\u011bj\u0161\u00ed a udr\u017eiteln\u011bj\u0161\u00ed sv\u011bt.<\/p>\n\n<h2 class=\"wp-block-heading\">Personalizace va\u0161eho ekologick\u00e9ho z\u00e1rmutku<\/h2>\n\n<p>Pokud se pot\u00fdk\u00e1te s emocion\u00e1ln\u00edm dopadem zm\u011bny klimatu, \u00da\u0159ad jazykov\u00e9 reality nab\u00edz\u00ed jedine\u010dnou p\u0159\u00edle\u017eitost prozkoumat a vyj\u00e1d\u0159it sv\u00e9 pocity. \u00da\u010dast\u00ed na jejich workshopech nebo zasl\u00e1n\u00edm slov prost\u0159ednictv\u00edm jejich webov\u00fdch str\u00e1nek m\u016f\u017eete p\u0159isp\u011bt do rostouc\u00edho slovn\u00edku klimatick\u00e9 t\u00edsn\u011b a naj\u00edt \u00fat\u011bchu ve v\u011bdom\u00ed, \u017ee nejste sami.<\/p>","protected":false},"excerpt":{"rendered":"<p>Setk\u00e1v\u00e1 se um\u011bn\u00ed s v\u011bdou: Jak v\u00e1m mohou dv\u011b um\u011blkyn\u011b z Kalifornie pomoci vyj\u00e1d\u0159it v\u00e1\u0161 ekologick\u00fd z\u00e1rmutek \u00da\u0159ad jazykov\u00e9 reality Alicia Escott a Heidi Quante, dv\u011b um\u011blkyn\u011b z Kalifornie, zalo\u017eily&hellip;<\/p>\n","protected":false},"author":4,"featured_media":0,"comment_status":"closed","ping_status":"","sticky":false,"template":"","format":"standard","meta":{"footnotes":""},"categories":[2808],"tags":[7317,7313,7314,7316,7318,7315],"class_list":["post-3922","post","type-post","status-publish","format-standard","hentry","category-climate-art","tag-climate-distress","tag-eco-grief","tag-climate-emotions","tag-neologisms","tag-participatory-art","tag-art-heals"],"_links":{"self":[{"href":"https:\/\/www.lifescienceart.com\/cs\/wp-json\/wp\/v2\/posts\/3922","targetHints":{"allow":["GET"]}}],"collection":[{"href":"https:\/\/www.lifescienceart.com\/cs\/wp-json\/wp\/v2\/posts"}],"about":[{"href":"https:\/\/www.lifescienceart.com\/cs\/wp-json\/wp\/v2\/types\/post"}],"author":[{"embeddable":true,"href":"https:\/\/www.lifescienceart.com\/cs\/wp-json\/wp\/v2\/users\/4"}],"replies":[{"embeddable":true,"href":"https:\/\/www.lifescienceart.com\/cs\/wp-json\/wp\/v2\/comments?post=3922"}],"version-history":[{"count":1,"href":"https:\/\/www.lifescienceart.com\/cs\/wp-json\/wp\/v2\/posts\/3922\/revisions"}],"predecessor-version":[{"id":3923,"href":"https:\/\/www.lifescienceart.com\/cs\/wp-json\/wp\/v2\/posts\/3922\/revisions\/3923"}],"wp:attachment":[{"href":"https:\/\/www.lifescienceart.com\/cs\/wp-json\/wp\/v2\/media?parent=3922"}],"wp:term":[{"taxonomy":"category","embeddable":true,"href":"https:\/\/www.lifescienceart.com\/cs\/wp-json\/wp\/v2\/categories?post=3922"},{"taxonomy":"post_tag","embeddable":true,"href":"https:\/\/www.lifescienceart.com\/cs\/wp-json\/wp\/v2\/tags?post=3922"}],"curies":[{"name":"wp","href":"https:\/\/api.w.org\/{rel}","templated":true}]}}