{"id":409,"date":"2022-08-09T08:17:11","date_gmt":"2022-08-09T08:17:11","guid":{"rendered":"https:\/\/www.lifescienceart.com\/?p=409"},"modified":"2022-08-09T08:17:11","modified_gmt":"2022-08-09T08:17:11","slug":"turkey-dust-bathing-captivating-behavior-wildlife","status":"publish","type":"post","link":"https:\/\/www.lifescienceart.com\/cs\/science\/wildlife-biology\/turkey-dust-bathing-captivating-behavior-wildlife\/","title":{"rendered":"Prachov\u00e9 koup\u00e1n\u00ed krocan\u016f: Divok\u00e9 chov\u00e1n\u00ed, kter\u00e9 v\u00e1s okouzl\u00ed"},"content":{"rendered":"<h2 class=\"wp-block-heading\">Prachov\u00e9 koup\u00e1n\u00ed krocan\u016f: \u00dachvatn\u00e9 chov\u00e1n\u00ed v p\u0159\u00edrod\u011b<\/h2>\n\n<h2 class=\"wp-block-heading\">Fotografie divok\u00e9 zv\u011b\u0159e zachycuj\u00ed jedine\u010dn\u00fd pohled<\/h2>\n\n<p>Fotografka Carla Rhodesov\u00e1, zn\u00e1m\u00e1 sv\u00fdmi fotografiemi na ochranu divok\u00e9 zv\u011b\u0159e, zachytila \u00fa\u017easn\u00e9 z\u00e1b\u011bry divok\u00e9ho krocana, kter\u00fd se v\u011bnuje fascinuj\u00edc\u00edmu chov\u00e1n\u00ed: prachov\u00e9 koupeli. Tento \u00fachvatn\u00fd ritu\u00e1l pom\u00e1h\u00e1 krocan\u016fm udr\u017eovat jejich \u017eiv\u00e9 pe\u0159\u00ed a celkov\u00e9 zdrav\u00ed.<\/p>\n\n<h2 class=\"wp-block-heading\">Prachov\u00e9 koup\u00e1n\u00ed: \u017divotn\u011b d\u016fle\u017eit\u00fd zvyk p\u00e9\u010de o sebe<\/h2>\n\n<p>Prachov\u00e9 koup\u00e1n\u00ed je pro kr\u016fty z\u00e1sadn\u00edm zvykem p\u00e9\u010de o sebe. Odstra\u0148uje \u0161k\u016fdce a parazity, udr\u017euje jejich poko\u017eku zdravou a zabra\u0148uje zplstnat\u011bn\u00ed jejich pe\u0159\u00ed, co\u017e by mohlo br\u00e1nit jejich schopnosti l\u00e9tat. Krocani prov\u00e1d\u011bj\u00ed tento ritu\u00e1l m\u00e1v\u00e1n\u00edm k\u0159\u00eddly, n\u011bkdy se p\u0159evrac\u00ed na z\u00e1da a vrt\u00ed se v prachu.<\/p>\n\n<h2 class=\"wp-block-heading\">Pozorov\u00e1n\u00ed osam\u011bl\u00e9ho krocana<\/h2>\n\n<p>Rhodesov\u00e1 postavila maskovan\u00fd loveck\u00fd \u00fakryt na sv\u00e9 p\u0159\u00edjezdov\u00e9 cest\u011b, aby pozorovala divok\u00e9ho krocana. V\u0161imla si, \u017ee pt\u00e1k nav\u0161t\u011bvuje jej\u00ed dv\u016fr ka\u017ed\u00e9 odpoledne, aby se vykoupal v prachu. Tento konkr\u00e9tn\u00ed krocan byl samice, kter\u00e1 postr\u00e1dala jasn\u011b \u010derven\u00fd a modr\u00fd lalok a v\u011bj\u00ed\u0159ovit\u00e1 ocasn\u00ed pera charakteristick\u00e1 pro samce.<\/p>\n\n<h2 class=\"wp-block-heading\">Osobn\u00ed spojen\u00ed<\/h2>\n\n<p>Rhodesov\u00e1 se po hodin\u00e1ch pozorov\u00e1n\u00ed k pt\u00e1kovi p\u0159imkla a dala j\u00ed jm\u00e9no Della. V\u011b\u0159\u00ed, \u017ee pojmenov\u00e1n\u00ed divok\u00fdch zv\u00ed\u0159at pom\u00e1h\u00e1 lidem spojit se s divokou zv\u011b\u0159\u00ed na osobn\u011bj\u0161\u00ed \u00farovni.<\/p>\n\n<h2 class=\"wp-block-heading\">Duhov\u00e1 kr\u00e1sa<\/h2>\n\n<p>B\u011bhem prachov\u00e9 koupele se naplno projevovaly duhov\u00e9 pe\u0159\u00ed k\u0159\u00eddel Delly. Zat\u00edmco sam\u010d\u00ed krocani \u010dasto dost\u00e1vaj\u00ed v\u011bt\u0161\u00ed pozornost, fotografie Rhodesov\u00e9 vyzdvihuj\u00ed tak\u00e9 n\u00e1padnou kr\u00e1su sami\u010d\u00edch krocan\u016f.<\/p>\n\n<h2 class=\"wp-block-heading\">P\u0159ipom\u00ednka ekologick\u00e9ho v\u00fdznamu<\/h2>\n\n<p>Divoc\u00ed krocani hraj\u00ed v New Yorku a po cel\u00e9 zemi z\u00e1sadn\u00ed ekologickou roli. Rozptyluj\u00ed semena, \u017eiv\u00ed se hmyzem a mal\u00fdmi hlodavci a pom\u00e1haj\u00ed udr\u017eovat zdrav\u00e9 ekosyst\u00e9my.<\/p>\n\n<h2 class=\"wp-block-heading\">Historick\u00e9 o\u017eiven\u00ed<\/h2>\n\n<p>Divoc\u00ed krocani, kdysi hojn\u00ed v New Yorku, byli ve 40. letech 19. stolet\u00ed vyhubeni lovem a ztr\u00e1tou p\u0159irozen\u00e9ho prost\u0159ed\u00ed. D\u00edky \u00fasil\u00ed o ochranu se v\u0161ak populace vzpamatovala. Dnes \u017eije v New Yorku asi 180 000 divok\u00fdch krocan\u016f a v cel\u00e9 zemi asi 7 milion\u016f.<\/p>\n\n<h2 class=\"wp-block-heading\">\u00dachvatn\u00e9 rozpt\u00fdlen\u00ed<\/h2>\n\n<p>B\u011bhem pandemie COVID-19 Rhodesov\u00e1 zjistila, \u017ee pozorov\u00e1n\u00ed Delly je v\u00edtan\u00fdm rozpt\u00fdlen\u00edm. Uchvacuj\u00edc\u00ed chov\u00e1n\u00ed krocana a kr\u00e1sa p\u0159\u00edrody poskytly tolik pot\u0159ebn\u00fd oddech od v\u00fdzev t\u00e9 doby.<\/p>\n\n<h2 class=\"wp-block-heading\">Dal\u0161\u00ed post\u0159ehy<\/h2>\n\n<ul class=\"wp-block-list\">\n<li>Krocani za\u010d\u00ednaj\u00ed s prachov\u00fdmi koupelemi a p\u0159edv\u00e1d\u011bn\u00edm se ji\u017e n\u011bkolik dn\u00ed po vyl\u00edhnut\u00ed.<\/li>\n<li>Prachov\u00e9 koup\u00e1n\u00ed je obvykle spole\u010denskou aktivitou, ale Della v\u017edy nav\u0161t\u011bvovala Rhodesiny dvorky sama, mo\u017en\u00e1 kv\u016fli tomu, \u017ee to byla doba p\u00e1\u0159en\u00ed.<\/li>\n<li>Samice jsou nejpravd\u011bpodobn\u011bji osam\u011bl\u00e9 b\u011bhem obdob\u00ed rozmno\u017eov\u00e1n\u00ed, kdy hn\u00edzd\u00ed.<\/li>\n<li>Divoc\u00ed krocani jsou v New Yorku z\u00e1konn\u011b chr\u00e1n\u011bni jako loven\u00e1 zv\u011b\u0159.<\/li>\n<\/ul>\n\n<h2 class=\"wp-block-heading\">Sv\u011bdectv\u00ed o divech p\u0159\u00edrody<\/h2>\n\n<p>Rhodesovy fotografie a pozorov\u00e1n\u00ed nab\u00edzej\u00ed nahl\u00e9dnut\u00ed do fascinuj\u00edc\u00edho sv\u011bta divok\u00fdch krocan\u016f. Zachycov\u00e1n\u00edm kr\u00e1sy a d\u016fle\u017eitosti t\u011bchto tvor\u016f n\u00e1m pom\u00e1h\u00e1 ocenit divy p\u0159\u00edrody a v\u00fdznam ochrany.<\/p>","protected":false},"excerpt":{"rendered":"<p>Prachov\u00e9 koup\u00e1n\u00ed krocan\u016f: \u00dachvatn\u00e9 chov\u00e1n\u00ed v p\u0159\u00edrod\u011b Fotografie divok\u00e9 zv\u011b\u0159e zachycuj\u00ed jedine\u010dn\u00fd pohled Fotografka Carla Rhodesov\u00e1, zn\u00e1m\u00e1 sv\u00fdmi fotografiemi na ochranu divok\u00e9 zv\u011b\u0159e, zachytila \u00fa\u017easn\u00e9 z\u00e1b\u011bry divok\u00e9ho krocana, kter\u00fd se&hellip;<\/p>\n","protected":false},"author":1,"featured_media":0,"comment_status":"closed","ping_status":"","sticky":false,"template":"","format":"standard","meta":{"footnotes":""},"categories":[1045],"tags":[219,1063,1061,605,1064,1062,252,930],"class_list":["post-409","post","type-post","status-publish","format-standard","hentry","category-wildlife-biology","tag-ecology","tag-wildlife-photography","tag-turkey","tag-wildlife-conservation","tag-feathers","tag-dust-bathing","tag-nature","tag-birds"],"_links":{"self":[{"href":"https:\/\/www.lifescienceart.com\/cs\/wp-json\/wp\/v2\/posts\/409","targetHints":{"allow":["GET"]}}],"collection":[{"href":"https:\/\/www.lifescienceart.com\/cs\/wp-json\/wp\/v2\/posts"}],"about":[{"href":"https:\/\/www.lifescienceart.com\/cs\/wp-json\/wp\/v2\/types\/post"}],"author":[{"embeddable":true,"href":"https:\/\/www.lifescienceart.com\/cs\/wp-json\/wp\/v2\/users\/1"}],"replies":[{"embeddable":true,"href":"https:\/\/www.lifescienceart.com\/cs\/wp-json\/wp\/v2\/comments?post=409"}],"version-history":[{"count":1,"href":"https:\/\/www.lifescienceart.com\/cs\/wp-json\/wp\/v2\/posts\/409\/revisions"}],"predecessor-version":[{"id":410,"href":"https:\/\/www.lifescienceart.com\/cs\/wp-json\/wp\/v2\/posts\/409\/revisions\/410"}],"wp:attachment":[{"href":"https:\/\/www.lifescienceart.com\/cs\/wp-json\/wp\/v2\/media?parent=409"}],"wp:term":[{"taxonomy":"category","embeddable":true,"href":"https:\/\/www.lifescienceart.com\/cs\/wp-json\/wp\/v2\/categories?post=409"},{"taxonomy":"post_tag","embeddable":true,"href":"https:\/\/www.lifescienceart.com\/cs\/wp-json\/wp\/v2\/tags?post=409"}],"curies":[{"name":"wp","href":"https:\/\/api.w.org\/{rel}","templated":true}]}}