{"id":4365,"date":"2024-07-08T04:21:21","date_gmt":"2024-07-08T04:21:21","guid":{"rendered":"https:\/\/www.lifescienceart.com\/?p=4365"},"modified":"2024-07-08T04:21:21","modified_gmt":"2024-07-08T04:21:21","slug":"climate-change-and-the-resilience-of-corals","status":"publish","type":"post","link":"https:\/\/www.lifescienceart.com\/cs\/science\/marine-biology\/climate-change-and-the-resilience-of-corals\/","title":{"rendered":"Odolnost kor\u00e1l\u016f: Paprsek nad\u011bje tv\u00e1\u0159\u00ed v tv\u00e1\u0159 zm\u011bn\u011b klimatu"},"content":{"rendered":"<h2 class=\"wp-block-heading\">Zm\u011bna klimatu a odolnost kor\u00e1l\u016f<\/h2>\n\n<h2 class=\"wp-block-heading\">B\u011blen\u00ed kor\u00e1l\u016f: Hrozba pro kor\u00e1lov\u00e9 \u00fatesy<\/h2>\n\n<p>Kor\u00e1lov\u00e9 \u00fatesy jsou \u017eiv\u00e9 a rozmanit\u00e9 ekosyst\u00e9my, kter\u00e9 podporuj\u00ed \u0161irokou \u0161k\u00e1lu mo\u0159sk\u00e9ho \u017eivota. Zm\u011bna klimatu v\u0161ak p\u0159edstavuje pro tyto citliv\u00e9 ekosyst\u00e9my zna\u010dnou hrozbu. Jak teplota oce\u00e1n\u016f stoup\u00e1 a kyselost se zvy\u0161uje, kor\u00e1ly za\u017e\u00edvaj\u00ed jev zn\u00e1m\u00fd jako b\u011blen\u00ed kor\u00e1l\u016f.<\/p>\n\n<p>B\u011bhem b\u011blen\u00ed kor\u00e1l\u016f kor\u00e1ly vypuzuj\u00ed symbiotick\u00e9 \u0159asy, kter\u00e9 \u017eij\u00ed v jejich tk\u00e1n\u00edch a poskytuj\u00ed jim potravu a barvu. Tento proces nast\u00e1v\u00e1, kdy\u017e jsou \u0159asy vystaveny stresu v d\u016fsledku zm\u011bn prost\u0159ed\u00ed, jako jsou zv\u00fd\u0161en\u00e9 teploty. Bez t\u011bchto \u0159as se kor\u00e1ly st\u00e1vaj\u00ed n\u00e1chyln\u00e9 k chorob\u00e1m a hladov\u011bn\u00ed, co\u017e nakonec vede k jejich smrti.<\/p>\n\n<h2 class=\"wp-block-heading\">P\u0159izp\u016fsoben\u00ed: Paprsek nad\u011bje<\/h2>\n\n<p>P\u0159es v\u00fdzvy, kter\u00e9 zm\u011bna klimatu p\u0159edstavuje, n\u011bkter\u00e9 druhy kor\u00e1l\u016f prok\u00e1zaly pozoruhodnou odolnost. Ned\u00e1vn\u00e1 studie zve\u0159ejn\u011bn\u00e1 v \u010dasopise Science zjistila, \u017ee jeden druh deskov\u00e9ho kor\u00e1lu (Acropora hyacinthus) z Tich\u00e9ho oce\u00e1nu m\u00e1 pozoruhodnou schopnost p\u0159izp\u016fsobit se teplej\u0161\u00ed vod\u011b.<\/p>\n\n<h2 class=\"wp-block-heading\">Mechanismy p\u0159izp\u016fsoben\u00ed<\/h2>\n\n<p>Organismy maj\u00ed t\u0159i hlavn\u00ed mechanismy pro zvl\u00e1d\u00e1n\u00ed zm\u011bn prost\u0159ed\u00ed:<\/p>\n\n<ul class=\"wp-block-list\">\n<li><strong>Migrace:<\/strong> P\u0159esun do oblast\u00ed s p\u0159\u00edzniv\u011bj\u0161\u00edmi podm\u00ednkami<\/li>\n<li><strong>Aklimatizace:<\/strong> \u00daprava jejich fyziologie, aby tolerovaly nov\u00e9 podm\u00ednky<\/li>\n<li><strong>Genetick\u00e1 adaptace:<\/strong> D\u011bd\u011bn\u00ed znak\u016f, kter\u00e9 zlep\u0161uj\u00ed jejich schopnost p\u0159e\u017e\u00edt v m\u011bn\u00edc\u00edm se prost\u0159ed\u00ed<\/li>\n<\/ul>\n\n<h2 class=\"wp-block-heading\">Aklimatizace a genetick\u00e1 adaptace u kor\u00e1l\u016f<\/h2>\n\n<p>Studie kor\u00e1l\u016f A. hyacinthus zjistila, \u017ee jejich schopnost zvl\u00e1dat vy\u0161\u0161\u00ed teploty je kombinac\u00ed aklimatizace a genetick\u00e9 adaptace. Aklimatizace nast\u00e1v\u00e1, kdy\u017e kor\u00e1ly aktivuj\u00ed geny, kter\u00e9 jim umo\u017e\u0148uj\u00ed tolerovat vy\u0161\u0161\u00ed teploty po kr\u00e1tkou dobu. Genetick\u00e1 adaptace naopak zahrnuje d\u011bd\u011bn\u00ed gen\u016f, kter\u00e9 zlep\u0161uj\u00ed jejich tepelnou toleranci v pr\u016fb\u011bhu generac\u00ed.<\/p>\n\n<h2 class=\"wp-block-heading\">D\u016fsledky pro p\u0159e\u017eit\u00ed kor\u00e1l\u016f<\/h2>\n\n<p>Schopnost kor\u00e1l\u016f p\u0159izp\u016fsobit se teplej\u0161\u00ed vod\u011b poskytuje z\u00e1blesk nad\u011bje tv\u00e1\u0159\u00ed v tv\u00e1\u0159 zm\u011bn\u011b klimatu. Je v\u0161ak d\u016fle\u017eit\u00e9 si uv\u011bdomit, \u017ee tato adaptace nen\u00ed v\u0161el\u00e9kem. V ur\u010dit\u00e9m okam\u017eiku se teplota oce\u00e1n\u016f m\u016f\u017ee st\u00e1t p\u0159\u00edli\u0161 extr\u00e9mn\u00ed i pro ty nejodoln\u011bj\u0161\u00ed kor\u00e1ly.<\/p>\n\n<h2 class=\"wp-block-heading\">Role \u010dlov\u011bka<\/h2>\n\n<p>Zat\u00edmco kor\u00e1ly maj\u00ed omezenou schopnost p\u0159izp\u016fsobit se zm\u011bn\u011b klimatu, lid\u00e9 hraj\u00ed kl\u00ed\u010dovou roli p\u0159i zm\u00edr\u0148ov\u00e1n\u00ed jej\u00edch dopad\u016f. Sn\u00ed\u017een\u00edm emis\u00ed sklen\u00edkov\u00fdch plyn\u016f m\u016f\u017eeme zpomalit rychlost oteplov\u00e1n\u00ed a okyselov\u00e1n\u00ed oce\u00e1n\u016f, co\u017e d\u00e1v\u00e1 kor\u00e1l\u016fm v\u00edce \u010dasu na p\u0159izp\u016fsoben\u00ed a p\u0159e\u017eit\u00ed.<\/p>\n\n<h2 class=\"wp-block-heading\">Dlouhodob\u00e1 odolnost kor\u00e1lov\u00fdch \u00fates\u016f<\/h2>\n\n<p>Dlouhodob\u00e1 odolnost kor\u00e1lov\u00fdch \u00fates\u016f z\u00e1vis\u00ed na kombinaci faktor\u016f:<\/p>\n\n<ul class=\"wp-block-list\">\n<li><strong>P\u0159izp\u016fsobivost kor\u00e1l\u016f:<\/strong> Schopnost kor\u00e1l\u016f aklimati\u0437\u043e\u0432\u0430\u0442\u044c se a geneticky se p\u0159izp\u016fsobit m\u011bn\u00edc\u00edm se podm\u00ednk\u00e1m<\/li>\n<li><strong>\u00dasil\u00ed o zm\u00edrn\u011bn\u00ed:<\/strong> Lidsk\u00e9 \u010dinnosti ke sn\u00ed\u017een\u00ed emis\u00ed sklen\u00edkov\u00fdch plyn\u016f a omezen\u00ed oteplov\u00e1n\u00ed oce\u00e1n\u016f<\/li>\n<li><strong>Ochrann\u00e1 opat\u0159en\u00ed:<\/strong> Ochrana kor\u00e1lov\u00fdch \u00fates\u016f p\u0159ed jin\u00fdmi hrozbami, jako je nadm\u011brn\u00fd rybolov a zne\u010di\u0161t\u011bn\u00ed<\/li>\n<\/ul>\n\n<p>Pochopen\u00edm mechanism\u016f adaptace kor\u00e1l\u016f a role \u010dlov\u011bka ve zm\u00edr\u0148ov\u00e1n\u00ed zm\u011bny klimatu m\u016f\u017eeme pracovat na zachov\u00e1n\u00ed t\u011bchto \u017eivotn\u011b d\u016fle\u017eit\u00fdch ekosyst\u00e9m\u016f pro budouc\u00ed generace.<\/p>","protected":false},"excerpt":{"rendered":"<p>Zm\u011bna klimatu a odolnost kor\u00e1l\u016f B\u011blen\u00ed kor\u00e1l\u016f: Hrozba pro kor\u00e1lov\u00e9 \u00fatesy Kor\u00e1lov\u00e9 \u00fatesy jsou \u017eiv\u00e9 a rozmanit\u00e9 ekosyst\u00e9my, kter\u00e9 podporuj\u00ed \u0161irokou \u0161k\u00e1lu mo\u0159sk\u00e9ho \u017eivota. Zm\u011bna klimatu v\u0161ak p\u0159edstavuje pro tyto&hellip;<\/p>\n","protected":false},"author":6,"featured_media":23809,"comment_status":"closed","ping_status":"closed","sticky":false,"template":"","format":"standard","meta":{"footnotes":""},"categories":[84],"tags":[7946,1298,243,3398,34],"class_list":["post-4365","post","type-post","status-publish","format-standard","has-post-thumbnail","hentry","category-marine-biology","tag-coral-adaptation","tag-marine-conservation","tag-resilience","tag-ocean-acidification","tag-climate-change"],"_links":{"self":[{"href":"https:\/\/www.lifescienceart.com\/cs\/wp-json\/wp\/v2\/posts\/4365","targetHints":{"allow":["GET"]}}],"collection":[{"href":"https:\/\/www.lifescienceart.com\/cs\/wp-json\/wp\/v2\/posts"}],"about":[{"href":"https:\/\/www.lifescienceart.com\/cs\/wp-json\/wp\/v2\/types\/post"}],"author":[{"embeddable":true,"href":"https:\/\/www.lifescienceart.com\/cs\/wp-json\/wp\/v2\/users\/6"}],"replies":[{"embeddable":true,"href":"https:\/\/www.lifescienceart.com\/cs\/wp-json\/wp\/v2\/comments?post=4365"}],"version-history":[{"count":1,"href":"https:\/\/www.lifescienceart.com\/cs\/wp-json\/wp\/v2\/posts\/4365\/revisions"}],"predecessor-version":[{"id":4366,"href":"https:\/\/www.lifescienceart.com\/cs\/wp-json\/wp\/v2\/posts\/4365\/revisions\/4366"}],"wp:featuredmedia":[{"embeddable":true,"href":"https:\/\/www.lifescienceart.com\/cs\/wp-json\/wp\/v2\/media\/23809"}],"wp:attachment":[{"href":"https:\/\/www.lifescienceart.com\/cs\/wp-json\/wp\/v2\/media?parent=4365"}],"wp:term":[{"taxonomy":"category","embeddable":true,"href":"https:\/\/www.lifescienceart.com\/cs\/wp-json\/wp\/v2\/categories?post=4365"},{"taxonomy":"post_tag","embeddable":true,"href":"https:\/\/www.lifescienceart.com\/cs\/wp-json\/wp\/v2\/tags?post=4365"}],"curies":[{"name":"wp","href":"https:\/\/api.w.org\/{rel}","templated":true}]}}