{"id":4883,"date":"2021-10-18T07:44:18","date_gmt":"2021-10-18T07:44:18","guid":{"rendered":"https:\/\/www.lifescienceart.com\/?p=4883"},"modified":"2021-10-18T07:44:18","modified_gmt":"2021-10-18T07:44:18","slug":"martin-luther-king-jr-a-complex-legacy","status":"publish","type":"post","link":"https:\/\/www.lifescienceart.com\/cs\/life\/history\/martin-luther-king-jr-a-complex-legacy\/","title":{"rendered":"Martin Luther King Jr.: Odkaz pln\u00fd rozpor\u016f, trval\u00fd v\u00fdznam"},"content":{"rendered":"<h2 class=\"wp-block-heading\">Martin Luther King Jr.: Odkaz pln\u00fd rozpor\u016f<\/h2>\n\n<h2 class=\"wp-block-heading\">Ve\u0159ejn\u00e9 m\u00edn\u011bn\u00ed a nesouhlas<\/h2>\n\n<p>V roce 1968 byl Martin Luther King Jr. uzn\u00e1vanou osobnost\u00ed, ale americk\u00e1 ve\u0159ejnost ho tak\u00e9 z velk\u00e9 \u010d\u00e1sti nem\u011bla r\u00e1da. Pr\u016fzkum spole\u010dnosti Harris Poll proveden\u00fd kr\u00e1tce p\u0159ed jeho atent\u00e1tem uk\u00e1zal, \u017ee 75 % Ameri\u010dan\u016f ho neschvaluje. Tato nespokojenost pramenila z jeho otev\u0159en\u00e9ho odporu v\u016f\u010di v\u00e1lce ve Vietnamu a jeho prosazov\u00e1n\u00ed hospod\u00e1\u0159sk\u00e9 rovnosti.<\/p>\n\n<h2 class=\"wp-block-heading\">Aktivismus v oblasti ob\u010dansk\u00fdch pr\u00e1v a pr\u00e1ce<\/h2>\n\n<p>King\u016fv ran\u00fd aktivismus se zam\u011b\u0159oval na boj proti rasov\u00e9 diskriminaci na jihu. V polovin\u011b 60. let v\u0161ak roz\u0161\u00ed\u0159il svou \u010dinnost tak, aby zahrnovala i ot\u00e1zky hospod\u00e1\u0159sk\u00e9 a soci\u00e1ln\u00ed spravedlnosti. V\u016fd\u010dil protesty proti vyko\u0159is\u0165ov\u00e1n\u00ed pracovn\u00edk\u016f a vyz\u00fdval k \u201erevoluci hodnot\u201c, kter\u00e1 by \u0159e\u0161ila k\u0159iklav\u00e9 rozd\u00edly mezi bohat\u00fdmi a chud\u00fdmi.<\/p>\n\n<h2 class=\"wp-block-heading\">V\u00e1lka ve Vietnamu a antiimperialismus<\/h2>\n\n<p>King\u016fv odpor v\u016f\u010di v\u00e1lce ve Vietnamu odcizil mnoho Ameri\u010dan\u016f. Odsoudil pokrytectv\u00ed pos\u00edl\u00e1n\u00ed mlad\u00fdch \u010dern\u00fdch mu\u017e\u016f do boje v jihov\u00fdchodn\u00ed Asii, zat\u00edmco doma \u010delili diskriminaci. Kritizoval tak\u00e9 roli americk\u00e9 vl\u00e1dy p\u0159i destabilizov\u00e1n\u00ed Vietnamu a poukazoval na zni\u010duj\u00edc\u00ed dopad na civiln\u00ed obyvatelstvo.<\/p>\n\n<h2 class=\"wp-block-heading\">Militance \u010dernoch\u016f a nen\u00e1sil\u00ed<\/h2>\n\n<p>King\u016fv z\u00e1vazek k nen\u00e1sil\u00ed zpochybnila mlad\u0161\u00ed generace \u010derno\u0161sk\u00fdch v\u016fdc\u016f, kte\u0159\u00ed prosazovali militantn\u011bj\u0161\u00ed taktiky. N\u011bkte\u0159\u00ed se vysm\u00edvali jeho \u0159e\u010dnick\u00e9mu stylu \u201eDe Lawd\u201c a obvi\u0148ovali ho z p\u0159\u00edli\u0161n\u00e9 pomalosti a neefektivity. Navzdory t\u00e9to kritice z\u016fstal King neochv\u011bjn\u00fd ve sv\u00e9m p\u0159esv\u011bd\u010den\u00ed, \u017ee nen\u00e1sil\u00ed je jedin\u00e1 cesta k dosa\u017een\u00ed trval\u00e9 zm\u011bny.<\/p>\n\n<h2 class=\"wp-block-heading\">St\u00e1vka pracovn\u00edk\u016f odpadov\u00e9ho hospod\u00e1\u0159stv\u00ed v Memphisu a atent\u00e1t<\/h2>\n\n<p>V roce 1968 King odcestoval do Memphisu, aby podpo\u0159il st\u00e1vkuj\u00edc\u00ed pracovn\u00edky odpadov\u00e9ho hospod\u00e1\u0159stv\u00ed. Pochod 28. b\u0159ezna se zm\u011bnil v n\u00e1silnou ud\u00e1lost a King se musel o t\u00fdden pozd\u011bji vr\u00e1tit na dal\u0161\u00ed pochod. 4. dubna 1968 byl King zavra\u017ed\u011bn jedinou st\u0159elou.<\/p>\n\n<h2 class=\"wp-block-heading\">Odkaz a dopad<\/h2>\n\n<p>Kingova vra\u017eda vyvolala nepokoje ve v\u00edce ne\u017e 100 m\u011bstech a odhalila hlubok\u00e9 rasov\u00e9 nap\u011bt\u00ed, kter\u00e1 v Americe st\u00e1le existovala. Jeho smrt v\u0161ak vedla tak\u00e9 k p\u0159ehodnocen\u00ed jeho odkazu. Dnes je King v\u0161eobecn\u011b pova\u017eov\u00e1n za jednu z nejd\u016fle\u017eit\u011bj\u0161\u00edch osobnost\u00ed americk\u00e9 historie. Jeho poselstv\u00ed nen\u00e1sil\u00ed, rovnosti a soci\u00e1ln\u00ed spravedlnosti nad\u00e1le inspiruje aktivisty po cel\u00e9m sv\u011bt\u011b.<\/p>\n\n<h2 class=\"wp-block-heading\">P\u0159ehl\u00ed\u017een\u00e9 boje a komplexnost<\/h2>\n\n<p>Zat\u00edmco Kingovy \u00fasp\u011bchy v hnut\u00ed za ob\u010dansk\u00e1 pr\u00e1va jsou nesporn\u00e9, je d\u016fle\u017eit\u00e9 uznat v\u00fdzvy a komplexnost, kter\u00fdm \u010delil. Jeho obhajoba hospod\u00e1\u0159sk\u00e9 rovnosti a jeho odpor v\u016f\u010di v\u00e1lce ve Vietnamu odcizily mnoho b\u00edl\u00fdch Ameri\u010dan\u016f. Krom\u011b toho byl jeho z\u00e1vazek k nen\u00e1sil\u00ed zkou\u0161en rostouc\u00ed militost\u00ed hnut\u00ed za moc \u010dernoch\u016f.<\/p>\n\n<h2 class=\"wp-block-heading\">Trval\u00fd v\u00fdznam<\/h2>\n\n<p>Navzdory v\u00fdzv\u00e1m, kter\u00fdm \u010delil, z\u016fst\u00e1v\u00e1 Kingova vize spravedliv\u011bj\u0161\u00ed a rovnost\u00e1\u0159\u0161t\u011bj\u0161\u00ed spole\u010dnosti i dnes aktu\u00e1ln\u00ed. Jeho poselstv\u00ed nen\u00e1sil\u00ed, jeho v\u00fdzva k \u201erevoluci hodnot\u201c a jeho neochv\u011bjn\u00e1 v\u00edra v moc lid\u00ed m\u011bnit v\u011bci nad\u00e1le inspiruj\u00ed aktivisty i b\u011b\u017en\u00e9 ob\u010dany.<\/p>","protected":false},"excerpt":{"rendered":"<p>Martin Luther King Jr.: Odkaz pln\u00fd rozpor\u016f Ve\u0159ejn\u00e9 m\u00edn\u011bn\u00ed a nesouhlas V roce 1968 byl Martin Luther King Jr. uzn\u00e1vanou osobnost\u00ed, ale americk\u00e1 ve\u0159ejnost ho tak\u00e9 z velk\u00e9 \u010d\u00e1sti nem\u011bla&hellip;<\/p>\n","protected":false},"author":1,"featured_media":0,"comment_status":"closed","ping_status":"","sticky":false,"template":"","format":"standard","meta":{"footnotes":""},"categories":[767],"tags":[1368,3064,6026,8749,1879,527],"class_list":["post-4883","post","type-post","status-publish","format-standard","hentry","category-history","tag-activism","tag-legacy","tag-martin-luther-king-jr","tag-nonviolence","tag-civil-rights","tag-social-justice"],"_links":{"self":[{"href":"https:\/\/www.lifescienceart.com\/cs\/wp-json\/wp\/v2\/posts\/4883","targetHints":{"allow":["GET"]}}],"collection":[{"href":"https:\/\/www.lifescienceart.com\/cs\/wp-json\/wp\/v2\/posts"}],"about":[{"href":"https:\/\/www.lifescienceart.com\/cs\/wp-json\/wp\/v2\/types\/post"}],"author":[{"embeddable":true,"href":"https:\/\/www.lifescienceart.com\/cs\/wp-json\/wp\/v2\/users\/1"}],"replies":[{"embeddable":true,"href":"https:\/\/www.lifescienceart.com\/cs\/wp-json\/wp\/v2\/comments?post=4883"}],"version-history":[{"count":1,"href":"https:\/\/www.lifescienceart.com\/cs\/wp-json\/wp\/v2\/posts\/4883\/revisions"}],"predecessor-version":[{"id":4884,"href":"https:\/\/www.lifescienceart.com\/cs\/wp-json\/wp\/v2\/posts\/4883\/revisions\/4884"}],"wp:attachment":[{"href":"https:\/\/www.lifescienceart.com\/cs\/wp-json\/wp\/v2\/media?parent=4883"}],"wp:term":[{"taxonomy":"category","embeddable":true,"href":"https:\/\/www.lifescienceart.com\/cs\/wp-json\/wp\/v2\/categories?post=4883"},{"taxonomy":"post_tag","embeddable":true,"href":"https:\/\/www.lifescienceart.com\/cs\/wp-json\/wp\/v2\/tags?post=4883"}],"curies":[{"name":"wp","href":"https:\/\/api.w.org\/{rel}","templated":true}]}}