{"id":5262,"date":"2021-02-23T07:30:30","date_gmt":"2021-02-23T07:30:30","guid":{"rendered":"https:\/\/www.lifescienceart.com\/?p=5262"},"modified":"2021-02-23T07:30:30","modified_gmt":"2021-02-23T07:30:30","slug":"spring-decorating-trends-refresh-home","status":"publish","type":"post","link":"https:\/\/www.lifescienceart.com\/cs\/life\/home-and-living\/spring-decorating-trends-refresh-home\/","title":{"rendered":"Jarn\u00ed trendy v dekorov\u00e1n\u00ed pro domov pln\u00fd sv\u011b\u017eesti a radosti"},"content":{"rendered":"<h2 class=\"wp-block-heading\">Jarn\u00ed trendy v dekorov\u00e1n\u00ed pro osv\u011b\u017een\u00ed va\u0161eho domova<\/h2>\n\n<h2 class=\"wp-block-heading\">Zak\u0159iven\u00fd n\u00e1bytek: Jemn\u011bj\u0161\u00ed dotek<\/h2>\n\n<p>Pokud m\u00e1te r\u00e1di jemn\u011bj\u0161\u00ed linie modern\u00edch design\u016f n\u00e1bytku, pot\u011b\u0161\u00ed v\u00e1s, \u017ee zak\u0159iven\u00fd n\u00e1bytek z\u00edsk\u00e1v\u00e1 na popularit\u011b letos na ja\u0159e. Design\u00e9rka Breegan Jane p\u0159edpov\u00edd\u00e1 n\u00e1r\u016fst ledvinov\u00fdch tvar\u016f a organick\u00fdch, m\u011bkce zaoblen\u00fdch hran a lini\u00ed. Tyto stylizovan\u00e9 k\u0159ivky, kter\u00e9 naleznete na pohovk\u00e1ch, konferen\u010dn\u00edch stolc\u00edch a dal\u0161\u00edch kusech n\u00e1bytku, vytv\u00e1\u0159ej\u00ed p\u0159irozen\u00fd tok a odklon od ostr\u00fdch hran.<\/p>\n\n<h2 class=\"wp-block-heading\">Jemn\u00e9 pastely: N\u00e1dech barvy<\/h2>\n\n<p>Pastely se letos na ja\u0159e vracej\u00ed, ale v tlumen\u011bj\u0161\u00edm proveden\u00ed. Podle Brie Hammel, gener\u00e1ln\u00ed \u0159editelky spole\u010dnosti Bria Hammel Interiors, jsou pastely kombinov\u00e1ny s neutr\u00e1ln\u00edmi barvami, aby se zabr\u00e1nilo zahlcen\u00ed prostoru barvou. To umo\u017e\u0148uje snadnou integraci s ji\u017e existuj\u00edc\u00edm vybaven\u00edm. Brooke Lang, hlavn\u00ed design\u00e9rka spole\u010dnosti Brooke Lang Design, poznamen\u00e1v\u00e1, \u017ee i kdy\u017e jsou pastely v tomto obdob\u00ed roku v\u017edy trendy, m\u016f\u017eeme o\u010dek\u00e1vat modern\u00ed prvky, jako je jejich kombinov\u00e1n\u00ed s kontrastn\u00edmi neutr\u00e1ln\u00edmi barvami.<\/p>\n\n<h2 class=\"wp-block-heading\">Multifunk\u010dn\u00ed prostory: Maximalizace u\u017eitnosti<\/h2>\n\n<p>Na\u0161e sd\u00edlen\u00e9 prostory se staly mnohem univerz\u00e1ln\u011bj\u0161\u00edmi a design\u00e9\u0159i jako Sara Malek Barney ze spole\u010dnosti BANDD\/DESIGN v\u011b\u0159\u00ed, \u017ee m\u00edstnosti s v\u00edce funkcemi jsou cestou vp\u0159ed. O\u010dek\u00e1vejte v\u00edce textur, v\u00fdrazn\u00fdch barev a m\u011bk\u010d\u00edch hran v t\u011bchto prostorech. Sebastian Brauer, senior viceprezident pro design produkt\u016f ve spole\u010dnosti Crate &amp; Barrel, souhlas\u00ed a p\u0159edpov\u00edd\u00e1 \u201eobyvatelnou \u2013 a p\u0159esto luxusn\u00ed \u2013 estetiku\u201c v designu, a\u017e p\u0159ijde jaro.<\/p>\n\n<h2 class=\"wp-block-heading\">Vintage n\u00e1dech: Nad\u010dasov\u00e1 p\u0159ita\u017elivost<\/h2>\n\n<p>Vintage designy jsou v kurzu a letos je v\u00edt\u00e1n jak\u00fdkoli styl. Hayley English ze spole\u010dnosti Hayley English Interiors zaznamen\u00e1v\u00e1 n\u00e1vrat zejm\u00e9na \u010d\u00ednsk\u00e9ho stylu a zd\u016fraz\u0148uje d\u016fle\u017eitost hled\u00e1n\u00ed vintage kousk\u016f. Chaya Krinsky ze spole\u010dnosti TOV Furniture se d\u011bl\u00ed o sv\u00e9 nad\u0161en\u00ed pro styl art deco a holdy p\u0159edchoz\u00edm desetilet\u00edm a p\u0159edpov\u00edd\u00e1, \u017ee v\u00fdrazn\u00e9 kv\u011btinov\u00e9 l\u00e1tky a bucl\u00e9 z\u016fstanou popul\u00e1rn\u00ed. Sarah Solis ze spole\u010dnosti Sarah Solis Design Studio se p\u0159ikl\u00e1n\u00ed k design\u016fm inspirovan\u00fdm 70. a 80. l\u00e9ty a p\u0159ij\u00edm\u00e1 n\u00e1ladov\u00e9, monochromatick\u00e9 prostory, kr\u00e9mov\u00e9 odst\u00edny barev a v\u00fdrazn\u00e9 koberce s texturou.<\/p>\n\n<h2 class=\"wp-block-heading\">Pou\u017eit\u00fd n\u00e1bytek: Udr\u017eiteln\u00e1 volba<\/h2>\n\n<p>Stigma kolem pou\u017eit\u00e9ho n\u00e1bytku se rozplynulo a z\u00e1kazn\u00edci st\u00e1le v\u00edce p\u0159ij\u00edmaj\u00ed jeho jedine\u010dnost, \u0159emesln\u00e9 zpracov\u00e1n\u00ed a p\u0159\u00edb\u011bhy, kter\u00e9 se v\u00e1\u017eou k obl\u00edben\u00fdm kousk\u016fm. Grace Baena, expertka na interi\u00e9rov\u00fd design spole\u010dnosti Kaiyo, zd\u016fraz\u0148uje ekologick\u00e9 a estetick\u00e9 v\u00fdhody po\u0159izov\u00e1n\u00ed pou\u017eit\u00e9ho n\u00e1bytku bez ohledu na to, zda je konkr\u00e9tn\u011b vintage.<\/p>\n\n<h2 class=\"wp-block-heading\">Sm\u011bs star\u00e9ho a nov\u00e9ho: Harmonick\u00e9 spojen\u00ed<\/h2>\n\n<p>I kdy\u017e je vintage vzhled trendy, design\u00e9\u0159i n\u00e1s uji\u0161\u0165uj\u00ed, \u017ee nemus\u00edme j\u00edt \u00fapln\u011b do star\u00e9ho stylu. Angela Hamwey ze spole\u010dnosti Mackenzie &amp; Co zd\u016fraz\u0148uje d\u016fle\u017eitost kombinov\u00e1n\u00ed star\u00e9ho a nov\u00e9ho, aby vznikly prostory s r\u016fzn\u00fdmi vrstvami. Ka\u017ed\u00fd vintage kousek by m\u011bl b\u00fdt pe\u010dliv\u011b vybr\u00e1n tak, aby dopl\u0148oval celkov\u00fd design a vypr\u00e1v\u011bl soudr\u017en\u00fd p\u0159\u00edb\u011bh. Brauer p\u0159edpov\u00edd\u00e1, \u017ee vintage estetika ovlivn\u00ed i nov\u00e9 designy n\u00e1bytku a zkombinuje klasick\u00e9 tvary s nad\u010dasov\u00fdm vybaven\u00edm a osv\u011btlen\u00edm.<\/p>\n\n<h2 class=\"wp-block-heading\">Motivy inspirovan\u00e9 p\u0159\u00edrodou: P\u0159ineste si venkovn\u00ed prost\u0159ed\u00ed dovnit\u0159<\/h2>\n\n<p>Biofiln\u00ed design st\u00e1le z\u00edsk\u00e1v\u00e1 na popularit\u011b a letos na ja\u0159e se vrac\u00ed v\u0161e od kv\u011btinov\u00fdch vzor\u016f po p\u0159\u00edrodn\u00ed textury. Roy Marcus, ambasador zna\u010dky spole\u010dnosti Artistic Tile, zd\u016fraz\u0148uje p\u016fvab za\u010dlen\u011bn\u00ed zahrady do domova. Kv\u011btinov\u00e9 a botanick\u00e9 vzory dod\u00e1vaj\u00ed teplo a pohodl\u00ed, zat\u00edmco motivy ovoce a zeleniny, jako jsou maliny a citrony, vn\u00e1\u0161ej\u00ed n\u00e1dech hravosti.<\/p>\n\n<h2 class=\"wp-block-heading\">Odv\u00e1\u017en\u00e9 m\u00edch\u00e1n\u00ed vzor\u016f: Styl, kter\u00fd zaujme<\/h2>\n\n<p>Jennifer Matthews ze spole\u010dnosti Tempaper &amp; Co souhlas\u00ed s t\u00edm, \u017ee kv\u011btinov\u00e9 vzory se na ja\u0159e vr\u00e1t\u00ed, ale s nov\u00fdm n\u00e1dechem. Nostalgick\u00e9 a klasick\u00e9 kv\u011btinov\u00e9 vzory budou zkombinov\u00e1ny s neo\u010dek\u00e1van\u00fdmi geometrick\u00fdmi tvary ve jedine\u010dn\u00fdch kompozic\u00edch. Budou zkoum\u00e1ny jak velk\u00e9, tak mal\u00e9 vzory s v\u00fdrazn\u00fdmi barvami a povrchov\u00fdmi \u00fapravami.<\/p>\n\n<h2 class=\"wp-block-heading\">Leh\u010d\u00ed l\u00e1tky a<\/h2>","protected":false},"excerpt":{"rendered":"<p>Jarn\u00ed trendy v dekorov\u00e1n\u00ed pro osv\u011b\u017een\u00ed va\u0161eho domova Zak\u0159iven\u00fd n\u00e1bytek: Jemn\u011bj\u0161\u00ed dotek Pokud m\u00e1te r\u00e1di jemn\u011bj\u0161\u00ed linie modern\u00edch design\u016f n\u00e1bytku, pot\u011b\u0161\u00ed v\u00e1s, \u017ee zak\u0159iven\u00fd n\u00e1bytek z\u00edsk\u00e1v\u00e1 na popularit\u011b letos na&hellip;<\/p>\n","protected":false},"author":1,"featured_media":0,"comment_status":"closed","ping_status":"closed","sticky":false,"template":"","format":"standard","meta":{"footnotes":""},"categories":[1654],"tags":[9389,3377,9384,9387,8479,9373,9375,9382,9381,9380,9376,9383,9378,9385,9379,9386,9388,9377,9374],"class_list":["post-5262","post","type-post","status-publish","format-standard","hentry","category-home-and-living","tag-fresh-flowers","tag-home-decor","tag-fresh-lighting","tag-playful-tones","tag-interior-design","tag-spring-decorating","tag-subtle-pastels","tag-lighter-fabrics","tag-bold-pattern-mixing","tag-nature-inspired-motifs","tag-multi-functional-spaces","tag-woven-furniture","tag-secondhand-furniture","tag-statement-rugs","tag-mix-of-old-and-new","tag-sculptural-art","tag-rich-hues","tag-vintage-vibes","tag-curved-furniture"],"_links":{"self":[{"href":"https:\/\/www.lifescienceart.com\/cs\/wp-json\/wp\/v2\/posts\/5262","targetHints":{"allow":["GET"]}}],"collection":[{"href":"https:\/\/www.lifescienceart.com\/cs\/wp-json\/wp\/v2\/posts"}],"about":[{"href":"https:\/\/www.lifescienceart.com\/cs\/wp-json\/wp\/v2\/types\/post"}],"author":[{"embeddable":true,"href":"https:\/\/www.lifescienceart.com\/cs\/wp-json\/wp\/v2\/users\/1"}],"replies":[{"embeddable":true,"href":"https:\/\/www.lifescienceart.com\/cs\/wp-json\/wp\/v2\/comments?post=5262"}],"version-history":[{"count":1,"href":"https:\/\/www.lifescienceart.com\/cs\/wp-json\/wp\/v2\/posts\/5262\/revisions"}],"predecessor-version":[{"id":5263,"href":"https:\/\/www.lifescienceart.com\/cs\/wp-json\/wp\/v2\/posts\/5262\/revisions\/5263"}],"wp:attachment":[{"href":"https:\/\/www.lifescienceart.com\/cs\/wp-json\/wp\/v2\/media?parent=5262"}],"wp:term":[{"taxonomy":"category","embeddable":true,"href":"https:\/\/www.lifescienceart.com\/cs\/wp-json\/wp\/v2\/categories?post=5262"},{"taxonomy":"post_tag","embeddable":true,"href":"https:\/\/www.lifescienceart.com\/cs\/wp-json\/wp\/v2\/tags?post=5262"}],"curies":[{"name":"wp","href":"https:\/\/api.w.org\/{rel}","templated":true}]}}