{"id":7061,"date":"2024-07-23T20:35:21","date_gmt":"2024-07-23T20:35:21","guid":{"rendered":"https:\/\/www.lifescienceart.com\/?p=7061"},"modified":"2024-07-23T20:35:21","modified_gmt":"2024-07-23T20:35:21","slug":"laundry-basket-storage-ideas-conceal-clutter-enhance-functionality","status":"publish","type":"post","link":"https:\/\/www.lifescienceart.com\/cs\/life\/home-organization\/laundry-basket-storage-ideas-conceal-clutter-enhance-functionality\/","title":{"rendered":"N\u00e1pady na \u00faschovu pr\u00e1dla: schovejte nepo\u0159\u00e1dek a zvy\u0161te funk\u010dnost"},"content":{"rendered":"<h2 class=\"wp-block-heading\">N\u00e1pady na \u00faschovu pr\u00e1dla: schovejte nepo\u0159\u00e1dek a zvy\u0161te funk\u010dnost<\/h2>\n\n<h2 class=\"wp-block-heading\">Ukli\u010fte se pomoc\u00ed v\u00fdsuvn\u00fdch ko\u0161\u016f na pr\u00e1dlo<\/h2>\n\n<p>Pokud navrhujete novou pr\u00e1delnu nebo rekonstruujete st\u00e1vaj\u00edc\u00ed, zva\u017ete instalaci v\u00fdsuvn\u00e9ho ko\u0161e na pr\u00e1dlo. Tato chytr\u00e1 funkce snadno vyklouzne, kdy\u017e otev\u0159ete dv\u00ed\u0159ka sk\u0159\u00ed\u0148ky, a poskytne snadn\u00fd p\u0159\u00edstup ke skryt\u00e9mu ko\u0161i na pr\u00e1dlo. Vyberte ko\u0161, kter\u00fd bude ladit se stylem a velikost\u00ed va\u0161\u00ed sk\u0159\u00ed\u0148ky, abyste maximalizovali prostor a udr\u017eeli svou pr\u00e1delnu uklizenou.<\/p>\n\n<h2 class=\"wp-block-heading\">Kole\u010dkov\u00e9 ko\u0161e na pr\u00e1dlo: v\u0161estrann\u00e9 \u0159e\u0161en\u00ed<\/h2>\n\n<p>Kole\u010dkov\u00e9 ko\u0161e na pr\u00e1dlo jsou klasickou a praktickou mo\u017enost\u00ed pro ukl\u00e1d\u00e1n\u00ed pr\u00e1dla. Jejich robustn\u00ed r\u00e1my a hladce se pohybuj\u00edc\u00ed kole\u010dka umo\u017e\u0148uj\u00ed snadn\u00fd pohyb po m\u00edstnosti. Vytvo\u0159te vyhrazen\u00e9 m\u00edsto pro kole\u010dkov\u00e9 ko\u0161e na pr\u00e1dlo ve sv\u00e9 pr\u00e1deln\u011b vynech\u00e1n\u00edm spodn\u00edch sk\u0159\u00edn\u011bk na jedn\u00e9 stran\u011b. P\u0159i\u0159a\u010fte jeden ko\u0161 ka\u017ed\u00e9mu \u010dlenovi dom\u00e1cnosti nebo je rozt\u0159i\u010fte podle typu od\u011bv\u016f (sv\u011btl\u00e9, tmav\u00e9, jemn\u00e9), abyste zefektivnili svou rutinu pran\u00ed.<\/p>\n\n<h2 class=\"wp-block-heading\">Zvedn\u011bte spot\u0159ebi\u010de pro extra \u00falo\u017en\u00fd prostor<\/h2>\n\n<p>Zvednut\u00edm spot\u0159ebi\u010d\u016f ze zem\u011b se nejen snadn\u011bji pln\u00ed a vykl\u00e1daj\u00ed, ale tak\u00e9 se pod nimi vytvo\u0159\u00ed cenn\u00fd \u00falo\u017en\u00fd prostor. Vyu\u017eijte tento nov\u011b nalezen\u00fd prostor pro vlastn\u00ed v\u00fdsuvn\u00fd ko\u0161 na pr\u00e1dlo, kter\u00fd poskytne dostate\u010dnou \u00falo\u017enou kapacitu a z\u00e1rove\u0148 udr\u017e\u00ed va\u0161i pr\u00e1delnu bez nepo\u0159\u00e1dku.<\/p>\n\n<h2 class=\"wp-block-heading\">Ostrovy: multifunk\u010dn\u00ed \u00falo\u017en\u00e9 prostory<\/h2>\n\n<p>Pokud to prostor dovol\u00ed, za\u010dle\u0148te do sv\u00e9 pr\u00e1delny samostatn\u00fd ostrov. Vyberte si ostrov se spodn\u00ed polic\u00ed, kter\u00e1 pojme jeden nebo v\u00edce ko\u0161\u016f na pr\u00e1dlo. Toto uspo\u0159\u00e1d\u00e1n\u00ed udr\u017euje ko\u0161e p\u0159\u00edstupn\u00e9, ale p\u0159itom \u00fahledn\u011b schovan\u00e9, co\u017e zabra\u0148uje neuspo\u0159\u00e1dan\u00e9mu vzhledu. Vrchn\u00ed \u010d\u00e1st ostrova slou\u017e\u00ed tak\u00e9 jako dal\u0161\u00ed pracovn\u00ed plocha pro skl\u00e1d\u00e1n\u00ed oble\u010den\u00ed nebo o\u0161et\u0159en\u00ed skvrn, co\u017e zvy\u0161uje jeho funk\u010dnost.<\/p>\n\n<h2 class=\"wp-block-heading\">Stylov\u00e9 ko\u0161e s v\u00edkem: dekorativn\u00ed a schov\u00e1vac\u00ed<\/h2>\n\n<p>Pro ty, kte\u0159\u00ed d\u00e1vaj\u00ed p\u0159ednost uchov\u00e1v\u00e1n\u00ed ko\u0161\u016f na pr\u00e1dlo v lo\u017enic\u00edch nebo sk\u0159\u00edn\u00edch, zvolte stylov\u00e9 varianty s v\u00edkem, jako je prout\u011bn\u00fd v\u00fdplet. Tyto ko\u0161e efektivn\u011b skr\u00fdvaj\u00ed \u0161pinav\u00e9 pr\u00e1dlo a z\u00e1rove\u0148 dod\u00e1vaj\u00ed prostoru n\u00e1dech textury a \u0161armu. Zvolte v\u00edko s l\u00e1tkovou pod\u0161\u00edvkou, abyste ochr\u00e1nili sv\u00e9 oble\u010den\u00ed p\u0159ed zachycen\u00edm a usnadnili p\u0159en\u00e1\u0161en\u00ed ko\u0161e.<\/p>\n\n<h2 class=\"wp-block-heading\">Otev\u0159en\u00e9 p\u0159ihr\u00e1dky: vyhrazen\u00e9 z\u00f3ny pro pr\u00e1dlo<\/h2>\n\n<p>P\u0159idejte otev\u0159enou p\u0159ihr\u00e1dku do spodn\u00edch sk\u0159\u00edn\u011bk ve sv\u00e9 pr\u00e1deln\u011b, abyste vytvo\u0159ili vyhrazen\u00e9 m\u00edsto pro ko\u0161 na pr\u00e1dlo. Ujist\u011bte se, \u017ee je dostate\u010dn\u011b \u0161irok\u00e1 a hlubok\u00e1, aby pojmula ko\u0161 slu\u0161n\u00e9 velikosti, a\u0165 u\u017e je vyroben z plastu, prout\u00ed nebo dr\u00e1t\u016f. Tato vyhrazen\u00e1 \u00falo\u017en\u00e1 oblast udr\u017euje ko\u0161e uspo\u0159\u00e1dan\u00e9 a mimo dohled.<\/p>\n\n<h2 class=\"wp-block-heading\">Skl\u00e1dac\u00ed ko\u0161e na pr\u00e1dlo: z\u00e1zraky \u0161et\u0159\u00edc\u00ed m\u00edsto<\/h2>\n\n<p>Pokud je prostor omezen\u00fd, nab\u00edzej\u00ed skl\u00e1dac\u00ed ko\u0161e na pr\u00e1dlo geni\u00e1ln\u00ed \u0159e\u0161en\u00ed. Kdy\u017e se nepou\u017e\u00edvaj\u00ed, slo\u017e\u00ed se do kompaktn\u00edho tvaru a uvoln\u00ed tak cenn\u00e9 m\u00edsto na podlaze. Tyto ko\u0161e maj\u00ed obvykle robustn\u00ed pl\u00e1t\u011bnou konstrukci, dr\u00e1t\u011bnou z\u00e1kladnu pro zachov\u00e1n\u00ed tvaru a zes\u00edlen\u00e9 rukojeti pro snadn\u00e9 p\u0159en\u00e1\u0161en\u00ed.<\/p>\n\n<h2 class=\"wp-block-heading\">Sk\u0159\u00edn\u011b od podlahy ke stropu: maximalizace vertik\u00e1ln\u00edho prostoru<\/h2>\n\n<p>Roz\u0161i\u0159te sk\u0159\u00edn\u011b ve sv\u00e9 pr\u00e1deln\u011b od podlahy ke stropu, abyste maximalizovali \u00falo\u017enou kapacitu. Vyhra\u010fte spodn\u00ed polici pro ko\u0161e na pr\u00e1dlo a udr\u017eujte je mimo dohled, ale v dosahu. Toto vertik\u00e1ln\u00ed \u00falo\u017en\u00e9 \u0159e\u0161en\u00ed pom\u00e1h\u00e1 udr\u017eovat pr\u00e1delnu uklizenou a organizovanou.<\/p>\n\n<h2 class=\"wp-block-heading\">Sk\u0159\u00edn\u011b na pr\u00e1dlo: soukrom\u00e9 a praktick\u00e9<\/h2>\n\n<p>A\u0165 u\u017e bydl\u00edte v mal\u00e9m byt\u011b nebo chcete poskytnout host\u016fm soukrom\u00e9 prostory pro pran\u00ed pr\u00e1dla, sk\u0159\u00ed\u0148 na pr\u00e1dlo je funk\u010dn\u00edm \u0159e\u0161en\u00edm. Nainstalujte kompaktn\u00ed pra\u010dku a su\u0161i\u010dku a obklopte je plovouc\u00edmi policemi pro ulo\u017een\u00ed ko\u0161\u016f na pr\u00e1dlo. Tento design \u0161et\u0159\u00edc\u00ed m\u00edsto skr\u00fdv\u00e1 prostor pro pran\u00ed pr\u00e1dla a z\u00e1rove\u0148 poskytuje snadn\u00fd p\u0159\u00edstup.<\/p>\n\n<h2 class=\"wp-block-heading\">\u00dalo\u017en\u00e9 ko\u0161e z prout\u00ed: v\u0161estrannost a styl<\/h2>\n\n<p>Ko\u0161e z prout\u00ed jsou neuv\u011b\u0159iteln\u011b v\u0161estrann\u00e9 a do pr\u00e1delen je lze za\u010dlenit r\u016fzn\u00fdmi zp\u016fsoby. Vlo\u017ete do prout\u011bn\u00e9ho ko\u0161e pl\u00e1t\u011bn\u00fd pytel na pr\u00e1dlo, abyste ochr\u00e1nili sv\u00e9 oble\u010den\u00ed a dodali prostoru n\u00e1dech p\u0159\u00edrodn\u00edho kouzla. Um\u00edst\u011bte ko\u0161 na pult, do sk\u0159\u00edn\u011b nebo do \u00falo\u017en\u00e9ho otvoru pro snadn\u00fd p\u0159\u00edstup a stylov\u00e9 ulo\u017een\u00ed.<\/p>","protected":false},"excerpt":{"rendered":"<p>N\u00e1pady na \u00faschovu pr\u00e1dla: schovejte nepo\u0159\u00e1dek a zvy\u0161te funk\u010dnost Ukli\u010fte se pomoc\u00ed v\u00fdsuvn\u00fdch ko\u0161\u016f na pr\u00e1dlo Pokud navrhujete novou pr\u00e1delnu nebo rekonstruujete st\u00e1vaj\u00edc\u00ed, zva\u017ete instalaci v\u00fdsuvn\u00e9ho ko\u0161e na pr\u00e1dlo. Tato&hellip;<\/p>\n","protected":false},"author":4,"featured_media":23932,"comment_status":"closed","ping_status":"closed","sticky":false,"template":"","format":"standard","meta":{"footnotes":""},"categories":[9026],"tags":[546,11526,11525,1653],"class_list":["post-7061","post","type-post","status-publish","format-standard","has-post-thumbnail","hentry","category-home-organization","tag-decluttering","tag-laundry-room-design","tag-laundry-organization","tag-storage-solutions"],"_links":{"self":[{"href":"https:\/\/www.lifescienceart.com\/cs\/wp-json\/wp\/v2\/posts\/7061","targetHints":{"allow":["GET"]}}],"collection":[{"href":"https:\/\/www.lifescienceart.com\/cs\/wp-json\/wp\/v2\/posts"}],"about":[{"href":"https:\/\/www.lifescienceart.com\/cs\/wp-json\/wp\/v2\/types\/post"}],"author":[{"embeddable":true,"href":"https:\/\/www.lifescienceart.com\/cs\/wp-json\/wp\/v2\/users\/4"}],"replies":[{"embeddable":true,"href":"https:\/\/www.lifescienceart.com\/cs\/wp-json\/wp\/v2\/comments?post=7061"}],"version-history":[{"count":1,"href":"https:\/\/www.lifescienceart.com\/cs\/wp-json\/wp\/v2\/posts\/7061\/revisions"}],"predecessor-version":[{"id":7062,"href":"https:\/\/www.lifescienceart.com\/cs\/wp-json\/wp\/v2\/posts\/7061\/revisions\/7062"}],"wp:featuredmedia":[{"embeddable":true,"href":"https:\/\/www.lifescienceart.com\/cs\/wp-json\/wp\/v2\/media\/23932"}],"wp:attachment":[{"href":"https:\/\/www.lifescienceart.com\/cs\/wp-json\/wp\/v2\/media?parent=7061"}],"wp:term":[{"taxonomy":"category","embeddable":true,"href":"https:\/\/www.lifescienceart.com\/cs\/wp-json\/wp\/v2\/categories?post=7061"},{"taxonomy":"post_tag","embeddable":true,"href":"https:\/\/www.lifescienceart.com\/cs\/wp-json\/wp\/v2\/tags?post=7061"}],"curies":[{"name":"wp","href":"https:\/\/api.w.org\/{rel}","templated":true}]}}