{"id":7208,"date":"2023-03-07T02:04:24","date_gmt":"2023-03-07T02:04:24","guid":{"rendered":"https:\/\/www.lifescienceart.com\/?p=7208"},"modified":"2023-03-07T02:04:24","modified_gmt":"2023-03-07T02:04:24","slug":"timeless-wall-and-trim-color-combinations","status":"publish","type":"post","link":"https:\/\/www.lifescienceart.com\/cs\/life\/home-and-garden\/timeless-wall-and-trim-color-combinations\/","title":{"rendered":"15 nad\u010dasov\u00fdch kombinac\u00ed barev st\u011bn a li\u0161t pro v\u00e1\u0161 domov"},"content":{"rendered":"<h2 class=\"wp-block-heading\">Nad\u010dasov\u00e9 barevn\u00e9 kombinace pro st\u011bny a li\u0161ty<\/h2>\n\n<p><strong>V\u00fdb\u011br dokonal\u00fdch barev pro st\u011bny a li\u0161ty m\u016f\u017ee zm\u011bnit vzhled a atmosf\u00e9ru va\u0161eho domova.<\/strong> Od klasick\u00e9 b\u00edl\u00e9 na b\u00edl\u00e9 a\u017e po odv\u00e1\u017en\u00e9 a ne\u010dekan\u00e9 kombinace existuje nekone\u010dn\u00e9 mno\u017estv\u00ed mo\u017enost\u00ed, ze kter\u00fdch si m\u016f\u017eete vybrat. Zde je 15 nad\u010dasov\u00fdch n\u00e1pad\u016f na barevn\u00e9 kombinace pro st\u011bny a li\u0161ty, kter\u00e9 v\u00e1s mohou inspirovat pro v\u00e1\u0161 dal\u0161\u00ed mal\u00ed\u0159sk\u00fd projekt.<\/p>\n\n<h2 class=\"wp-block-heading\">B\u00edl\u00e1 na b\u00edl\u00e9<\/h2>\n\n<p>B\u00edl\u00e1 je klasick\u00e1 barva n\u00e1t\u011bru jak pro st\u011bny, tak pro li\u0161ty, a to z dobr\u00e9ho d\u016fvodu. Vytv\u00e1\u0159\u00ed \u010dist\u00fd, sv\u011b\u017e\u00ed a vzdu\u0161n\u00fd vzhled, d\u00edky n\u011bmu\u017e m\u016f\u017ee ka\u017ed\u00fd prostor p\u016fsobit v\u011bt\u0161\u00ed a sv\u011btlej\u0161\u00ed. Zkombinujte b\u00edl\u00e9 st\u011bny s b\u00edl\u00fdmi li\u0161tami pro hladk\u00fd, monochromatick\u00fd vzhled, nebo p\u0159idejte n\u00e1dech kontrastu s m\u00edrn\u011b off-white barvou li\u0161t.<\/p>\n\n<h2 class=\"wp-block-heading\">B\u00edl\u00e1 se \u0161ed\u00fdmi li\u0161tami<\/h2>\n\n<p>Pokud hled\u00e1te n\u011bco trochu zaj\u00edmav\u011bj\u0161\u00edho ne\u017e b\u00edl\u00e1 na b\u00edl\u00e9, zva\u017ete kombinaci b\u00edl\u00fdch st\u011bn se \u0161ed\u00fdmi li\u0161tami. \u0160ed\u00e1 je v\u0161estrann\u00e1 barva, kter\u00e1 se m\u016f\u017ee pohybovat od sv\u011btle \u0161ed\u00e9 a vzdu\u0161n\u00e9 a\u017e po tmav\u011b \u0161edou a dramatickou. Vyberte odst\u00edn \u0161ed\u00e9, kter\u00fd dopln\u00ed va\u0161e st\u011bny a celkov\u00fd styl va\u0161eho za\u0159\u00edzen\u00ed.<\/p>\n\n<h2 class=\"wp-block-heading\">Vzorovan\u00e9 st\u011bny se sv\u011btle modr\u00fdmi li\u0161tami<\/h2>\n\n<p>P\u0159idejte do sv\u00e9ho domova n\u00e1dech hravosti pomoc\u00ed vzorovan\u00fdch st\u011bn a sv\u011btle modr\u00fdch li\u0161t. Tato kombinace je ide\u00e1ln\u00ed pro d\u011btsk\u00e9 pokoje, herny nebo jak\u00e9koli prostory, ve kter\u00fdch chcete vytvo\u0159it veselou a \u00fatulnou atmosf\u00e9ru.<\/p>\n\n<h2 class=\"wp-block-heading\">Sv\u011btle b\u00e9\u017eov\u00e1 a b\u00edl\u00e9 li\u0161ty<\/h2>\n\n<p>Sv\u011btle b\u00e9\u017eov\u00e1 a b\u00edl\u00e1 je jemn\u00e1, ale sofistikovan\u00e1 barevn\u00e1 kombinace, kter\u00e1 dob\u0159e funguje jak v tradi\u010dn\u00edch, tak v modern\u00edch domech. Sv\u011btle b\u00e9\u017eov\u00e9 st\u011bny poskytuj\u00ed tepl\u00e9 a \u00fatuln\u00e9 pozad\u00ed pro b\u00edl\u00e9 li\u0161ty, \u010d\u00edm\u017e vytv\u00e1\u0159ej\u00ed nad\u010dasov\u00fd a elegantn\u00ed vzhled.<\/p>\n\n<h2 class=\"wp-block-heading\">B\u00edl\u00e1 s b\u00e9\u017eov\u00fdmi li\u0161tami<\/h2>\n\n<p>B\u00e9\u017eov\u00e1 je dal\u0161\u00ed v\u0161estrann\u00e1 barva, kterou lze kombinovat s b\u00edl\u00fdmi st\u011bnami pro celou \u0159adu r\u016fzn\u00fdch vzhled\u016f. Od tepl\u00fdch a \u00fatuln\u00fdch a\u017e po chladn\u00e9 a modern\u00ed, existuje odst\u00edn b\u00e9\u017eov\u00e9, kter\u00fd vyhovuje ka\u017ed\u00e9mu vkusu.<\/p>\n\n<h2 class=\"wp-block-heading\">B\u00edl\u00e1 s li\u0161tami v barv\u011b mo\u0159sk\u00e9 p\u011bny<\/h2>\n\n<p>Barva mo\u0159sk\u00e9 p\u011bny je sv\u011btl\u00fd a vzdu\u0161n\u00fd odst\u00edn zelen\u00e9, kter\u00fd m\u016f\u017ee dodat n\u00e1dech p\u0159\u00edmo\u0159sk\u00e9ho kouzla ka\u017ed\u00e9mu prostoru. Zkombinujte b\u00edl\u00e9 st\u011bny s li\u0161tami v barv\u011b mo\u0159sk\u00e9 p\u011bny pro sv\u011b\u017e\u00ed a \u00fatuln\u00fd vzhled, kter\u00fd je ide\u00e1ln\u00ed pro lo\u017enice, koupelny a ob\u00fdvac\u00ed pokoje.<\/p>\n\n<h2 class=\"wp-block-heading\">B\u00edl\u00e1 s modr\u00fdmi li\u0161tami<\/h2>\n\n<p>Modr\u00e1 a b\u00edl\u00e1 je klasick\u00e1 barevn\u00e1 kombinace, kter\u00e1 nikdy nevyjde z m\u00f3dy. A\u0165 u\u017e zvol\u00edte sv\u011btle modr\u00e9 li\u0161ty pro jemn\u00fd akcent, nebo tmav\u011b modr\u00e9 li\u0161ty pro dramati\u010dt\u011bj\u0161\u00ed vzhled, tato kombinace zaru\u010den\u011b dod\u00e1 va\u0161emu domovu n\u00e1dech elegance.<\/p>\n\n<h2 class=\"wp-block-heading\">Dvoubarevn\u00e9 st\u011bny a li\u0161ty<\/h2>\n\n<p>Pokud se nem\u016f\u017eete rozhodnout pouze pro jednu barvu st\u011bn a li\u0161t, pro\u010d nezvolit dvoubarevn\u00fd vzhled? Jedn\u00e1 se o skv\u011bl\u00fd zp\u016fsob, jak p\u0159idat do m\u00edstnosti vizu\u00e1ln\u00ed zaj\u00edmavost a vytvo\u0159it jedine\u010dn\u00fd a osobit\u00fd prostor.<\/p>\n\n<h2 class=\"wp-block-heading\">Odv\u00e1\u017en\u00e1 modr\u00e1 kombinace st\u011bn a li\u0161t<\/h2>\n\n<p>Pro odv\u00e1\u017en\u00fd a ne\u010dekan\u00fd vzhled zkuste zkom<\/p>","protected":false},"excerpt":{"rendered":"<p>Nad\u010dasov\u00e9 barevn\u00e9 kombinace pro st\u011bny a li\u0161ty V\u00fdb\u011br dokonal\u00fdch barev pro st\u011bny a li\u0161ty m\u016f\u017ee zm\u011bnit vzhled a atmosf\u00e9ru va\u0161eho domova. Od klasick\u00e9 b\u00edl\u00e9 na b\u00edl\u00e9 a\u017e po odv\u00e1\u017en\u00e9 a&hellip;<\/p>\n","protected":false},"author":5,"featured_media":0,"comment_status":"closed","ping_status":"","sticky":false,"template":"","format":"standard","meta":{"footnotes":""},"categories":[8825],"tags":[3377,8479,10205,1373,11681],"class_list":["post-7208","post","type-post","status-publish","format-standard","hentry","category-home-and-garden","tag-home-decor","tag-interior-design","tag-color-combinations","tag-painting","tag-wall-trim"],"_links":{"self":[{"href":"https:\/\/www.lifescienceart.com\/cs\/wp-json\/wp\/v2\/posts\/7208","targetHints":{"allow":["GET"]}}],"collection":[{"href":"https:\/\/www.lifescienceart.com\/cs\/wp-json\/wp\/v2\/posts"}],"about":[{"href":"https:\/\/www.lifescienceart.com\/cs\/wp-json\/wp\/v2\/types\/post"}],"author":[{"embeddable":true,"href":"https:\/\/www.lifescienceart.com\/cs\/wp-json\/wp\/v2\/users\/5"}],"replies":[{"embeddable":true,"href":"https:\/\/www.lifescienceart.com\/cs\/wp-json\/wp\/v2\/comments?post=7208"}],"version-history":[{"count":1,"href":"https:\/\/www.lifescienceart.com\/cs\/wp-json\/wp\/v2\/posts\/7208\/revisions"}],"predecessor-version":[{"id":7209,"href":"https:\/\/www.lifescienceart.com\/cs\/wp-json\/wp\/v2\/posts\/7208\/revisions\/7209"}],"wp:attachment":[{"href":"https:\/\/www.lifescienceart.com\/cs\/wp-json\/wp\/v2\/media?parent=7208"}],"wp:term":[{"taxonomy":"category","embeddable":true,"href":"https:\/\/www.lifescienceart.com\/cs\/wp-json\/wp\/v2\/categories?post=7208"},{"taxonomy":"post_tag","embeddable":true,"href":"https:\/\/www.lifescienceart.com\/cs\/wp-json\/wp\/v2\/tags?post=7208"}],"curies":[{"name":"wp","href":"https:\/\/api.w.org\/{rel}","templated":true}]}}