{"id":2060,"date":"2021-06-12T18:53:40","date_gmt":"2021-06-12T18:53:40","guid":{"rendered":"https:\/\/www.lifescienceart.com\/?p=2060"},"modified":"2021-06-12T18:53:40","modified_gmt":"2021-06-12T18:53:40","slug":"berlin-blockade-cold-war-turning-point","status":"publish","type":"post","link":"https:\/\/www.lifescienceart.com\/da\/uncategorized\/berlin-blockade-cold-war-turning-point\/","title":{"rendered":"Sovjetunionens blokade af Berlin: Et vendepunkt i Den Kolde Krig"},"content":{"rendered":"<h2 class=\"wp-block-heading\">Sovjetunionens blokade af Berlin: Et vendepunkt i Den Kolde Krig<\/h2>\n\n<p>Den 12. maj 1949 oph\u00e6vede Sovjetunionen sin \u00e5rlange blokade af Vestberlin, et tr\u00e6k, der havde bragt verden p\u00e5 randen af krig. Blokaden, der blev indf\u00f8rt som svar p\u00e5 de vestlige allieredes beslutning om at sammenl\u00e6gge deres bes\u00e6ttelseszoner i Tyskland, havde afsk\u00e5ret byens 2,5 millioner indbyggere fra f\u00f8devarer og forsyninger.<\/p>\n\n<h2 class=\"wp-block-heading\">Baggrund: Berlins deling<\/h2>\n\n<p>Efter Anden Verdenskrig blev Tyskland opdelt i fire bes\u00e6ttelseszoner, og Berlin, den tidligere hovedstad, blev ogs\u00e5 delt i fire sektorer. Berlin l\u00e5 imidlertid dybt inde i den sovjetiske bes\u00e6ttelseszone, hvilket skabte en usikker situation.<\/p>\n\n<h2 class=\"wp-block-heading\">Blokaden<\/h2>\n\n<p>I juni 1948 annoncerede de vestlige allierede planer om at sammenl\u00e6gge deres zoner til \u00e9n samlet vesttysk stat. Sovjetunionen, der frygtede oprettelsen af et provestligt Tyskland, reagerede ved at blokere alle land- og jernbaneruter til Vestberlin. Blokaden var et klart fors\u00f8g p\u00e5 at tvinge de vestlige allierede ud af byen.<\/p>\n\n<h2 class=\"wp-block-heading\">Berlinluftbroen<\/h2>\n\n<p>Over for truslen om hungersn\u00f8d iv\u00e6rksatte de vestlige allierede en massiv luftbro for at forsyne Vestberlin. Under ledelse af general Curtis LeMay leverede luftbroen over 2 millioner tons forsyninger til byen, holdt dens befolkning i live og forpurrede den sovjetiske blokade.<\/p>\n\n<h2 class=\"wp-block-heading\">Blokaden oph\u00e6ves<\/h2>\n\n<p>Efter 324 dage oph\u00e6vede Sovjetunionen endelig blokaden, ude af stand til at modst\u00e5 presset fra de vestlige allierede og det internationale samfund. Luftbroen havde vist Vestens beslutsomhed p\u00e5 at forsvare sine interesser og var blevet et symbol p\u00e5 vestlig enhed over for sovjetisk aggression.<\/p>\n\n<h2 class=\"wp-block-heading\">Indvirkning p\u00e5 Den Kolde Krig<\/h2>\n\n<p>Berlinblokaden var et stort vendepunkt i Den Kolde Krig. Den markerede den f\u00f8rste direkte konfrontation mellem Sovjetunionen og de vestlige allierede og satte scenen for \u00e5rtiers sp\u00e6ndinger mellem de to supermagter. Den succesfulde luftbro styrkede ogs\u00e5 Vestens moral og viste, at Sovjetunionen kunne indd\u00e6mmes.<\/p>\n\n<h2 class=\"wp-block-heading\">Arv<\/h2>\n\n<p>Berlinblokaden er stadig en p\u00e5mindelse om farerne ved international konflikt og vigtigheden af fredelige l\u00f8sninger. Luftbroen, en bem\u00e6rkelsesv\u00e6rdig bedrift inden for logistik og samarbejde, st\u00e5r som et vidnesbyrd om den menneskelige \u00e5nds modstandskraft.<\/p>\n\n<h2 class=\"wp-block-heading\">Udforskning af long-tail s\u00f8geord<\/h2>\n\n<ul class=\"wp-block-list\">\n<li><strong>Den historiske kontekst for Berlinblokaden:<\/strong> Tysklands og Berlins deling efter Anden Verdenskrig, sp\u00e6ndingerne mellem de vestlige allierede og Sovjetunionen og motiverne bag blokaden.<\/li>\n<li><strong>Berlinluftbroens indflydelse p\u00e5 Den Kolde Krig:<\/strong> Luftbroens rolle i at forpurre sovjetisk aggression, styrke Vestens moral og forme forl\u00f8bet af Den Kolde Krig.<\/li>\n<li><strong>Curtis LeMays lederskab under Berlinluftbroen:<\/strong> LeMays strategiske planl\u00e6gning, logistiske ekspertise og beslutsomhed i at overvinde udfordringer for at sikre luftbroens succes.<\/li>\n<li><strong>Internationalt samarbejde og diplomati under Berlinblokaden:<\/strong> FN&#8217;s, USA&#8217;s og andre vestlige magters rolle i at koordinere luftbroen og l\u00e6gge pres p\u00e5 Sovjetunionen for at oph\u00e6ve blokaden.<\/li>\n<li><strong>Lektioner fra Berlinblokaden:<\/strong> Vigtigheden af internationalt samarbejde, farerne ved nuklear eskalering og potentialet for fredelige l\u00f8sninger p\u00e5 internationale konflikter.<\/li>\n<\/ul>","protected":false},"excerpt":{"rendered":"<p>Sovjetunionens blokade af Berlin: Et vendepunkt i Den Kolde Krig Den 12. maj 1949 oph\u00e6vede Sovjetunionen sin \u00e5rlange blokade af Vestberlin, et tr\u00e6k, der havde bragt verden p\u00e5 randen af&hellip;<\/p>\n","protected":false},"author":1,"featured_media":0,"comment_status":"closed","ping_status":"closed","sticky":false,"template":"","format":"standard","meta":{"footnotes":""},"categories":[1],"tags":[4366,4367,770,27,4368,243],"class_list":["post-2060","post","type-post","status-publish","format-standard","hentry","category-uncategorized","tag-berlin-blockade","tag-berlin-airlift","tag-cold-war","tag-history","tag-international-cooperation","tag-resilience"],"_links":{"self":[{"href":"https:\/\/www.lifescienceart.com\/da\/wp-json\/wp\/v2\/posts\/2060","targetHints":{"allow":["GET"]}}],"collection":[{"href":"https:\/\/www.lifescienceart.com\/da\/wp-json\/wp\/v2\/posts"}],"about":[{"href":"https:\/\/www.lifescienceart.com\/da\/wp-json\/wp\/v2\/types\/post"}],"author":[{"embeddable":true,"href":"https:\/\/www.lifescienceart.com\/da\/wp-json\/wp\/v2\/users\/1"}],"replies":[{"embeddable":true,"href":"https:\/\/www.lifescienceart.com\/da\/wp-json\/wp\/v2\/comments?post=2060"}],"version-history":[{"count":1,"href":"https:\/\/www.lifescienceart.com\/da\/wp-json\/wp\/v2\/posts\/2060\/revisions"}],"predecessor-version":[{"id":2061,"href":"https:\/\/www.lifescienceart.com\/da\/wp-json\/wp\/v2\/posts\/2060\/revisions\/2061"}],"wp:attachment":[{"href":"https:\/\/www.lifescienceart.com\/da\/wp-json\/wp\/v2\/media?parent=2060"}],"wp:term":[{"taxonomy":"category","embeddable":true,"href":"https:\/\/www.lifescienceart.com\/da\/wp-json\/wp\/v2\/categories?post=2060"},{"taxonomy":"post_tag","embeddable":true,"href":"https:\/\/www.lifescienceart.com\/da\/wp-json\/wp\/v2\/tags?post=2060"}],"curies":[{"name":"wp","href":"https:\/\/api.w.org\/{rel}","templated":true}]}}