{"id":1097,"date":"2022-07-16T00:47:13","date_gmt":"2022-07-16T00:47:13","guid":{"rendered":"https:\/\/www.lifescienceart.com\/es\/?p=1097"},"modified":"2022-07-16T00:47:13","modified_gmt":"2022-07-16T00:47:13","slug":"nazi-concentration-camp-guard-convicted-of-accessory-to-murder","status":"publish","type":"post","link":"https:\/\/www.lifescienceart.com\/es\/uncategorized\/nazi-concentration-camp-guard-convicted-of-accessory-to-murder\/","title":{"rendered":"Condenado ex guardia nazi como c\u00f3mplice de asesinato en el campo de concentraci\u00f3n de Stutthof"},"content":{"rendered":"<h2 class=\"wp-block-heading\">Juicio a Bruno Dey<\/h2>\n\n<h2 class=\"wp-block-heading\">Condenado un guardia de un campo de concentraci\u00f3n nazi como c\u00f3mplice de asesinato<\/h2>\n\n<p>En un juicio hist\u00f3rico, un tribunal alem\u00e1n ha condenado a Bruno Dey, de 93 a\u00f1os, ex guardia de un campo de concentraci\u00f3n nazi, como c\u00f3mplice de asesinato en la muerte de 5.230 personas en el campo de concentraci\u00f3n de Stutthof, en Polonia.<\/p>\n\n<p>Dey, antiguo guardia de las SS, fue declarado culpable de apoyar conscientemente el asesinato de prisioneros asegur\u00e1ndose de que no escaparan ni se rebelaran. El veredicto supone uno de los \u00faltimos juicios sobre el Holocausto celebrados en Alemania, ya que los fiscales se apresuran para llevar ante la justicia a los responsables antes de que fallezcan.<\/p>\n\n<h2 class=\"wp-block-heading\">Campo de concentraci\u00f3n de Stutthof<\/h2>\n\n<p>Fundado en 1939, Stutthof fue el primer campo de concentraci\u00f3n de guerra fuera de Alemania. All\u00ed fueron recluidos m\u00e1s de 100.000 prisioneros, y m\u00e1s de 60.000 murieron por enfermedades, hambre, agotamiento y ejecuciones. Las v\u00edctimas fueron sometidas a terribles atrocidades, como el gaseamiento con Zyklon B, los fusilamientos y la denegaci\u00f3n de asistencia m\u00e9dica.<\/p>\n\n<h2 class=\"wp-block-heading\">Papel y condena de Dey<\/h2>\n\n<p>Dey trabaj\u00f3 como guardia de torre en Stutthof de agosto de 1944 a abril de 1945. Los fiscales argumentaron que desempe\u00f1\u00f3 un papel crucial en la maquinaria de asesinatos del campo, aunque no cometiera directamente los asesinatos.<\/p>\n\n<p>La jueza Anne Meier-G\u00f6ring rechaz\u00f3 la afirmaci\u00f3n de Dey de que no ten\u00eda m\u00e1s remedio que trabajar como guardia. Declar\u00f3 que &#8220;apoy\u00f3 conscientemente el asesinato insidioso y cruel de prisioneros&#8221; y que era &#8220;c\u00f3mplice de este infierno creado por el hombre&#8221;.<\/p>\n\n<h2 class=\"wp-block-heading\">Sentencia y reacciones<\/h2>\n\n<p>Dey fue condenado a dos a\u00f1os de prisi\u00f3n suspendida debido a su avanzada edad y a su delicado estado de salud. El veredicto ha suscitado reacciones encontradas entre las v\u00edctimas y los supervivientes. Algunos expresaron su satisfacci\u00f3n por el hecho de que Dey rindiera cuentas por sus cr\u00edmenes, mientras que otros se mostraron decepcionados por no haber recibido una condena m\u00e1s dura.<\/p>\n\n<p>Marek Dunin-Wasowicz, superviviente de Stutthof, de 93 a\u00f1os, declar\u00f3: &#8220;No quiero sus disculpas, no las necesito&#8221;. Ben Cohen, cuya abuela estuvo presa en Stutthof, calific\u00f3 el veredicto de acto de &#8220;justicia simb\u00f3lica&#8221;.<\/p>\n\n<h2 class=\"wp-block-heading\">Legado e investigaciones en curso<\/h2>\n\n<p>El juicio a Dey es uno de los \u00faltimos de una serie de enjuiciamientos de antiguos criminales de guerra nazis. Alemania no tiene prescripci\u00f3n para el asesinato, lo que permite a los fiscales seguir investigando y acusando a los responsables.<\/p>\n\n<p>Actualmente, los fiscales alemanes est\u00e1n investigando otros 14 casos como el de Dey. Recientemente han acusado a un hombre de 95 a\u00f1os que tambi\u00e9n trabaj\u00f3 en Stutthof de cr\u00edmenes de guerra. Estas investigaciones en curso demuestran el compromiso de Alemania de buscar justicia para las v\u00edctimas del Holocausto.<\/p>\n\n<h2 class=\"wp-block-heading\">Importancia hist\u00f3rica<\/h2>\n\n<p>El juicio a Bruno Dey tiene una enorme importancia hist\u00f3rica. Subraya la importancia de responsabilizar a los autores de sus cr\u00edmenes, incluso d\u00e9cadas despu\u00e9s. Tambi\u00e9n sirve como un recordatorio de los horrores infligidos a millones de personas durante el Holocausto y de la necesidad de combatir todas las formas de odio e intolerancia.<\/p>","protected":false},"excerpt":{"rendered":"<p>Juicio a Bruno Dey Condenado un guardia de un campo de concentraci\u00f3n nazi como c\u00f3mplice de asesinato En un juicio hist\u00f3rico, un tribunal alem\u00e1n ha condenado a Bruno Dey, de&hellip;<\/p>\n","protected":false},"author":1,"featured_media":0,"comment_status":"closed","ping_status":"","sticky":false,"template":"","format":"standard","meta":{"footnotes":""},"categories":[1],"tags":[2530,2532,2529,831,2533,2531],"class_list":["post-1097","post","type-post","status-publish","format-standard","hentry","category-uncategorized","tag-concentration-camps","tag-accessory-to-murder","tag-nazi-war-crimes","tag-holocaust","tag-historical-justice","tag-stutthof-concentration-camp"],"_links":{"self":[{"href":"https:\/\/www.lifescienceart.com\/es\/wp-json\/wp\/v2\/posts\/1097","targetHints":{"allow":["GET"]}}],"collection":[{"href":"https:\/\/www.lifescienceart.com\/es\/wp-json\/wp\/v2\/posts"}],"about":[{"href":"https:\/\/www.lifescienceart.com\/es\/wp-json\/wp\/v2\/types\/post"}],"author":[{"embeddable":true,"href":"https:\/\/www.lifescienceart.com\/es\/wp-json\/wp\/v2\/users\/1"}],"replies":[{"embeddable":true,"href":"https:\/\/www.lifescienceart.com\/es\/wp-json\/wp\/v2\/comments?post=1097"}],"version-history":[{"count":1,"href":"https:\/\/www.lifescienceart.com\/es\/wp-json\/wp\/v2\/posts\/1097\/revisions"}],"predecessor-version":[{"id":1098,"href":"https:\/\/www.lifescienceart.com\/es\/wp-json\/wp\/v2\/posts\/1097\/revisions\/1098"}],"wp:attachment":[{"href":"https:\/\/www.lifescienceart.com\/es\/wp-json\/wp\/v2\/media?parent=1097"}],"wp:term":[{"taxonomy":"category","embeddable":true,"href":"https:\/\/www.lifescienceart.com\/es\/wp-json\/wp\/v2\/categories?post=1097"},{"taxonomy":"post_tag","embeddable":true,"href":"https:\/\/www.lifescienceart.com\/es\/wp-json\/wp\/v2\/tags?post=1097"}],"curies":[{"name":"wp","href":"https:\/\/api.w.org\/{rel}","templated":true}]}}