{"id":12932,"date":"2020-03-25T11:12:58","date_gmt":"2020-03-25T11:12:58","guid":{"rendered":"https:\/\/www.lifescienceart.com\/?p=12932"},"modified":"2020-03-25T11:12:58","modified_gmt":"2020-03-25T11:12:58","slug":"the-interplay-of-power-and-protest-in-a-globalized-world","status":"publish","type":"post","link":"https:\/\/www.lifescienceart.com\/es\/uncategorized\/the-interplay-of-power-and-protest-in-a-globalized-world\/","title":{"rendered":"La interacci\u00f3n entre poder y protesta: repensando los asuntos internacionales"},"content":{"rendered":"<h2 class=\"wp-block-heading\">Historia: La interacci\u00f3n entre poder y protesta<\/h2>\n\n<h2 class=\"wp-block-heading\">Malestar interno y diplomacia global<\/h2>\n\n<p>Los an\u00e1lisis tradicionales de la distensi\u00f3n entre Estados Unidos y la Uni\u00f3n Sovi\u00e9tica se han centrado en la pol\u00edtica de poder entre las dos superpotencias. Sin embargo, el historiador Jeremi Suri sostiene que la diplomacia de las superpotencias tambi\u00e9n estuvo determinada por el malestar interno, no solo en las principales ciudades como Berkeley y Praga, sino tambi\u00e9n en Par\u00eds, Berl\u00edn y Pek\u00edn.<\/p>\n\n<p>Suri sostiene que el desorden interno hace que los l\u00edderes se inclinen m\u00e1s a buscar estabilidad en el exterior. Esto se debe a que temen que los disturbios internos puedan debilitar su poder y legitimidad. Por el contrario, las fuerzas globales tambi\u00e9n pueden dar forma a los movimientos de protesta. Las amenazas nucleares, los estancamientos pol\u00edticos y la intensa propaganda ideol\u00f3gica pueden crear expectativas crecientes y una creciente desilusi\u00f3n entre los j\u00f3venes ciudadanos de todo el mundo.<\/p>\n\n<h2 class=\"wp-block-heading\">La disrupci\u00f3n global de 1968<\/h2>\n\n<p>Suri examina la &#8220;disrupci\u00f3n global de 1968&#8221;, un per\u00edodo marcado por protestas generalizadas contra la guerra de Vietnam y disturbios urbanos en Estados Unidos, as\u00ed como crecientes oleadas de descontento juvenil en otros pa\u00edses. Este per\u00edodo demostr\u00f3 la estrecha conexi\u00f3n entre eventos locales y globales.<\/p>\n\n<h2 class=\"wp-block-heading\">La importancia del orden social y el consenso<\/h2>\n\n<p>Suri sostiene que los l\u00edderes pol\u00edticos de todos los niveles, incluso en las sociedades no democr\u00e1ticas, est\u00e1n profundamente preocupados por mantener el orden social y generar consenso para sus pol\u00edticas. Reconocen que su poder depende del apoyo y la cooperaci\u00f3n de sus ciudadanos.<\/p>\n\n<p>Los historiadores anteriores a menudo han pasado por alto esta conexi\u00f3n, centr\u00e1ndose en cambio en cuestiones locales al estudiar la historia local. Suri cree que este enfoque limitado ha llevado a una comprensi\u00f3n distorsionada de los acontecimientos hist\u00f3ricos.<\/p>\n\n<h2 class=\"wp-block-heading\">Reconceptualizaci\u00f3n de los asuntos internacionales<\/h2>\n\n<p>El trabajo de Suri tiene como objetivo reconceptualizar el estudio de los asuntos internacionales en la era de la globalizaci\u00f3n. Sostiene que los enfoques tradicionales no han logrado dar cuenta adecuadamente de la interacci\u00f3n entre las fuerzas internas y globales, as\u00ed como de la importancia de los factores sociales y culturales en la configuraci\u00f3n de la pol\u00edtica exterior.<\/p>\n\n<p>El enfoque de Suri es muy original y exigente, pero tiene el potencial de transformar nuestra comprensi\u00f3n de las relaciones internacionales. Es ampliamente reconocido como un erudito destacado en este campo.<\/p>\n\n<h2 class=\"wp-block-heading\">Factores pol\u00edticos, culturales e institucionales<\/h2>\n\n<p>Suri enfatiza la importancia de comprender los factores pol\u00edticos, culturales e institucionales que influyen en las acciones de un Estado. \u00c9l cree que los l\u00edderes efectivos pueden conectar lo social con lo pol\u00edtico, cerrando la brecha entre los ciudadanos comunes y los encargados de formular pol\u00edticas.<\/p>\n\n<p>El dominio de Suri de varios idiomas le ha permitido llevar a cabo una amplia investigaci\u00f3n de archivo en varios pa\u00edses. Esto le ha brindado una perspectiva \u00fanica sobre la interacci\u00f3n de las fuerzas locales y globales en los acontecimientos hist\u00f3ricos.<\/p>\n\n<h2 class=\"wp-block-heading\">Multinacionalismo e identidad personal<\/h2>\n\n<p>Los antecedentes multinacionales de Suri han dado forma a su perspectiva como historiador. Su padre emigr\u00f3 de la India a Estados Unidos, mientras que su madre, nacida en Estados Unidos, tiene ra\u00edces jud\u00edas ruso-polacas. Esta herencia diversa le ha dado un profundo aprecio por las complejidades de la identidad y los desaf\u00edos de vivir en un mundo globalizado.<\/p>\n\n<h2 class=\"wp-block-heading\">El poder de las ideas y las experiencias personales<\/h2>\n\n<p>La investigaci\u00f3n de Suri est\u00e1 impulsada por tres preguntas principales: \u00bfPor qu\u00e9 la gente hace lo que hace? \u00bfC\u00f3mo influyen las ideas en el comportamiento? \u00bfY c\u00f3mo influyen las consecuencias imprevistas en los acontecimientos? \u00c9l cree que las ideas y suposiciones pueden estar profundamente arraigadas en nuestra visi\u00f3n del mundo, a veces sin que nos demos cuenta.<\/p>\n\n<p>Suri argumenta que las experiencias personales tambi\u00e9n pueden tener un profundo impacto en la formulaci\u00f3n de pol\u00edticas. Se\u00f1ala a Henry Kissinger, el tema de su \u00faltimo libro, como ejemplo. La experiencia de Kissinger como refugiado de la Alemania nazi influy\u00f3 en su enfoque de las relaciones internacionales.<\/p>\n\n<h2 class=\"wp-block-heading\">Tendiendo puentes entre la historia social y pol\u00edtica<\/h2>\n\n<p>Suri se ve a s\u00ed mismo como un puente entre los mundos de la historia social y pol\u00edtica. Explora la interacci\u00f3n de ideas, personalidades e instituciones en la configuraci\u00f3n de eventos hist\u00f3ricos. \u00c9l cree que el poder es, en \u00faltima instancia, sobre la capacidad de conectar las esferas social y pol\u00edtica.<\/p>","protected":false},"excerpt":{"rendered":"<p>Historia: La interacci\u00f3n entre poder y protesta Malestar interno y diplomacia global Los an\u00e1lisis tradicionales de la distensi\u00f3n entre Estados Unidos y la Uni\u00f3n Sovi\u00e9tica se han centrado en la&hellip;<\/p>\n","protected":false},"author":1,"featured_media":0,"comment_status":"closed","ping_status":"","sticky":false,"template":"","format":"standard","meta":{"footnotes":""},"categories":[1],"tags":[17474,1770,3329,17476,17475,1882],"class_list":["post-12932","post","type-post","status-publish","format-standard","hentry","category-uncategorized","tag-global-affairs","tag-cultural-history","tag-political-history","tag-social-movements","tag-power-dynamics","tag-international-relations"],"_links":{"self":[{"href":"https:\/\/www.lifescienceart.com\/es\/wp-json\/wp\/v2\/posts\/12932","targetHints":{"allow":["GET"]}}],"collection":[{"href":"https:\/\/www.lifescienceart.com\/es\/wp-json\/wp\/v2\/posts"}],"about":[{"href":"https:\/\/www.lifescienceart.com\/es\/wp-json\/wp\/v2\/types\/post"}],"author":[{"embeddable":true,"href":"https:\/\/www.lifescienceart.com\/es\/wp-json\/wp\/v2\/users\/1"}],"replies":[{"embeddable":true,"href":"https:\/\/www.lifescienceart.com\/es\/wp-json\/wp\/v2\/comments?post=12932"}],"version-history":[{"count":1,"href":"https:\/\/www.lifescienceart.com\/es\/wp-json\/wp\/v2\/posts\/12932\/revisions"}],"predecessor-version":[{"id":12933,"href":"https:\/\/www.lifescienceart.com\/es\/wp-json\/wp\/v2\/posts\/12932\/revisions\/12933"}],"wp:attachment":[{"href":"https:\/\/www.lifescienceart.com\/es\/wp-json\/wp\/v2\/media?parent=12932"}],"wp:term":[{"taxonomy":"category","embeddable":true,"href":"https:\/\/www.lifescienceart.com\/es\/wp-json\/wp\/v2\/categories?post=12932"},{"taxonomy":"post_tag","embeddable":true,"href":"https:\/\/www.lifescienceart.com\/es\/wp-json\/wp\/v2\/tags?post=12932"}],"curies":[{"name":"wp","href":"https:\/\/api.w.org\/{rel}","templated":true}]}}