{"id":3367,"date":"2021-09-28T11:51:22","date_gmt":"2021-09-28T11:51:22","guid":{"rendered":"https:\/\/www.lifescienceart.com\/?p=3367"},"modified":"2021-09-28T11:51:22","modified_gmt":"2021-09-28T11:51:22","slug":"medical-sleuth-uncovering-the-truth-behind-a-child-s-death","status":"publish","type":"post","link":"https:\/\/www.lifescienceart.com\/es\/science\/medical-science\/medical-sleuth-uncovering-the-truth-behind-a-child-s-death\/","title":{"rendered":"Detective m\u00e9dico: Descubriendo la verdad detr\u00e1s de la muerte de una ni\u00f1a"},"content":{"rendered":"<h2 class=\"wp-block-heading\">Detective m\u00e9dico: Descubriendo la verdad detr\u00e1s de la muerte de una ni\u00f1a<\/h2>\n\n<h2 class=\"wp-block-heading\">Revelando el misterio<\/h2>\n\n<p>En un desgarrador caso, una beb\u00e9 llamada Sara Lynn Glick fue encontrada muerta y sus padres fueron acusados de maltrato infantil. Sin embargo, el Dr. D. Holmes Morton, un destacado genetista, sospechaba lo contrario.<\/p>\n\n<h2 class=\"wp-block-heading\">Gen\u00e9tica y maltrato infantil<\/h2>\n\n<p>El Dr. Morton pose\u00eda un conocimiento \u00fanico de los trastornos gen\u00e9ticos prevalentes entre las comunidades Amish y Menonita. Cre\u00eda que la muerte de Sara podr\u00eda estar relacionada con una afecci\u00f3n gen\u00e9tica subyacente m\u00e1s que con maltrato.<\/p>\n\n<h2 class=\"wp-block-heading\">Investigando la verdad<\/h2>\n\n<p>Morton examin\u00f3 los registros m\u00e9dicos de Sara y entrevist\u00f3 a su familia. Descubri\u00f3 que hab\u00eda nacido con una deficiencia de vitamina K, que puede provocar problemas de sangrado. Adem\u00e1s, encontr\u00f3 que ten\u00eda un raro trastorno del transportador de sales biliares que afecta al h\u00edgado.<\/p>\n\n<h2 class=\"wp-block-heading\">Desafiando las suposiciones<\/h2>\n\n<p>Armado con esta evidencia, Morton confront\u00f3 a las autoridades, argumentando que las lesiones de Sara no fueron causadas por maltrato. Cre\u00eda que la combinaci\u00f3n de trastornos gen\u00e9ticos hab\u00eda provocado su tr\u00e1gica muerte.<\/p>\n\n<h2 class=\"wp-block-heading\">Desentra\u00f1ando el enigma<\/h2>\n\n<p>A trav\u00e9s de una extensa investigaci\u00f3n, Morton y su equipo identificaron el defecto gen\u00e9tico preciso responsable de la afecci\u00f3n de Sara. Desarrollaron una prueba para diagnosticar a los beb\u00e9s que pudieran tener el mismo trastorno, previniendo futuras tragedias.<\/p>\n\n<h2 class=\"wp-block-heading\">La Cl\u00ednica para Ni\u00f1os Especiales<\/h2>\n\n<p>El trabajo de Morton condujo al establecimiento de la Cl\u00ednica para Ni\u00f1os Especiales en Strasburgo, Pensilvania. Esta cl\u00ednica se especializa en el cuidado de ni\u00f1os con enfermedades gen\u00e9ticas raras, particularmente aquellas que se encuentran entre las comunidades Amish y Menonita.<\/p>\n\n<h2 class=\"wp-block-heading\">Un modelo para la medicina gen\u00e9tica<\/h2>\n\n<p>La Cl\u00ednica para Ni\u00f1os Especiales se ha convertido en un modelo para el futuro de la medicina. Enfatiza la detecci\u00f3n gen\u00e9tica, el tratamiento personalizado y la participaci\u00f3n de la comunidad. Al identificar los riesgos gen\u00e9ticos de manera temprana, los m\u00e9dicos pueden tomar medidas preventivas y mejorar los resultados para los ni\u00f1os con enfermedades raras.<\/p>\n\n<h2 class=\"wp-block-heading\">El papel de la gen\u00e9tica en el cuidado de la salud<\/h2>\n\n<p>El trabajo de Morton ha puesto de relieve el papel crucial de la gen\u00e9tica en el cuidado de la salud. Al comprender la base gen\u00e9tica de las enfermedades, los m\u00e9dicos pueden proporcionar diagn\u00f3sticos m\u00e1s precisos, desarrollar tratamientos dirigidos y prevenir futuros problemas de salud.<\/p>\n\n<h2 class=\"wp-block-heading\">El futuro de la medicina<\/h2>\n\n<p>A medida que las pruebas gen\u00e9ticas se vuelven m\u00e1s avanzadas, es probable que desempe\u00f1en un papel cada vez m\u00e1s importante en la medicina. La Cl\u00ednica para Ni\u00f1os Especiales est\u00e1 a la vanguardia de esta revoluci\u00f3n, demostrando c\u00f3mo la informaci\u00f3n gen\u00e9tica puede transformar el cuidado de la salud y mejorar las vidas de innumerables personas.<\/p>","protected":false},"excerpt":{"rendered":"<p>Detective m\u00e9dico: Descubriendo la verdad detr\u00e1s de la muerte de una ni\u00f1a Revelando el misterio En un desgarrador caso, una beb\u00e9 llamada Sara Lynn Glick fue encontrada muerta y sus&hellip;<\/p>\n","protected":false},"author":6,"featured_media":0,"comment_status":"closed","ping_status":"closed","sticky":false,"template":"","format":"standard","meta":{"footnotes":""},"categories":[3029],"tags":[3418,99,6466,188,6467,2174,6465],"class_list":["post-3367","post","type-post","status-publish","format-standard","hentry","category-medical-science","tag-amish","tag-lifescienceart","tag-genetic-disorders","tag-genetics","tag-mennonite","tag-medical-mystery","tag-child-health"],"_links":{"self":[{"href":"https:\/\/www.lifescienceart.com\/es\/wp-json\/wp\/v2\/posts\/3367","targetHints":{"allow":["GET"]}}],"collection":[{"href":"https:\/\/www.lifescienceart.com\/es\/wp-json\/wp\/v2\/posts"}],"about":[{"href":"https:\/\/www.lifescienceart.com\/es\/wp-json\/wp\/v2\/types\/post"}],"author":[{"embeddable":true,"href":"https:\/\/www.lifescienceart.com\/es\/wp-json\/wp\/v2\/users\/6"}],"replies":[{"embeddable":true,"href":"https:\/\/www.lifescienceart.com\/es\/wp-json\/wp\/v2\/comments?post=3367"}],"version-history":[{"count":1,"href":"https:\/\/www.lifescienceart.com\/es\/wp-json\/wp\/v2\/posts\/3367\/revisions"}],"predecessor-version":[{"id":3368,"href":"https:\/\/www.lifescienceart.com\/es\/wp-json\/wp\/v2\/posts\/3367\/revisions\/3368"}],"wp:attachment":[{"href":"https:\/\/www.lifescienceart.com\/es\/wp-json\/wp\/v2\/media?parent=3367"}],"wp:term":[{"taxonomy":"category","embeddable":true,"href":"https:\/\/www.lifescienceart.com\/es\/wp-json\/wp\/v2\/categories?post=3367"},{"taxonomy":"post_tag","embeddable":true,"href":"https:\/\/www.lifescienceart.com\/es\/wp-json\/wp\/v2\/tags?post=3367"}],"curies":[{"name":"wp","href":"https:\/\/api.w.org\/{rel}","templated":true}]}}