{"id":16460,"date":"2023-08-18T12:32:16","date_gmt":"2023-08-18T12:32:16","guid":{"rendered":"https:\/\/www.lifescienceart.com\/?p=16460"},"modified":"2023-08-18T12:32:16","modified_gmt":"2023-08-18T12:32:16","slug":"gadheim-the-unlikely-center-of-the-european-union","status":"publish","type":"post","link":"https:\/\/www.lifescienceart.com\/fi\/life\/culture\/gadheim-the-unlikely-center-of-the-european-union\/","title":{"rendered":"Gadheim: The Tiny German Town at the Heart of the EU After Brexit"},"content":{"rendered":"<h2 class=\"wp-block-heading\">Gadheim: Euroopan unionin yll\u00e4tt\u00e4v\u00e4 keskus<\/h2>\n\n<h2 class=\"wp-block-heading\">Brexitin vaikutus<\/h2>\n\n<p>Kun Yhdistynyt kuningaskunta eroaa Euroopan unionista vuonna 2019, se aiheuttaa muutoksen EU:n maantieteellisess\u00e4 keskipisteess\u00e4. Pariisissa sijaitsevan maantieteellisen tutkimuslaitoksen IGN:n ranskalaisten kartografien mukaan EU:n uusi syd\u00e4n sijaitsee pieness\u00e4 saksalaisessa Gadheimin kaupungissa, joka sijaitsee vieh\u00e4tt\u00e4v\u00e4ll\u00e4 Baijerin viinialueella.<\/p>\n\n<h2 class=\"wp-block-heading\">Yll\u00e4tt\u00e4v\u00e4 ilmoitus<\/h2>\n\n<p>Ilmoitus tuli yll\u00e4tyksen\u00e4 Gadheimin 89 asukkaalle. &#8220;Aluksi luulimme sit\u00e4 aprillipilaksi&#8221;, sanoi l\u00e4heisen Veitsh\u00f6chheimin pormestari J\u00fcrgen Goetz.<\/p>\n\n<h2 class=\"wp-block-heading\">Pieni kaupunki, jolla on suuri rooli<\/h2>\n\n<p>Huolimatta pienest\u00e4 koostaan Gadheim tulee pian n\u00e4yttelem\u00e4\u00e4n t\u00e4rke\u00e4\u00e4 roolia suuressa poliittisessa kokonaisuudessa. EU:n keskus siirtyy aina, kun maa liittyy lohkoon tai eroaa siit\u00e4.<\/p>\n\n<h2 class=\"wp-block-heading\">Taloudelliset ja matkailuedut<\/h2>\n\n<p>EU:n keskuksena olemisella on etunsa. Westerngrundin pormestari Brigitte Heim, kaupunki, joka piti titteli\u00e4 vuosina 2013\u20132019, sanoo, ett\u00e4 nimitys tuo h\u00e4nen kaupunkiinsa 10 000 turistia vuosittain.<\/p>\n\n<h2 class=\"wp-block-heading\">Haasteet ja mahdollisuudet<\/h2>\n\n<p>Vaikka uusi asema tuo mukanaan mahdollisia taloudellisia ja matkailullisia etuja, se tuo my\u00f6s haasteita. Gadheimin asukkaat miettiv\u00e4t parhaillaan ideoita siit\u00e4, kuinka merkit\u00e4 heid\u00e4n vastik\u00e4\u00e4n voideltu paikkansa EU:ssa.<\/p>\n\n<h2 class=\"wp-block-heading\">Asukkaiden reaktiot<\/h2>\n\n<p>Karin Kessler, jonka rapsipellolla on EU:n keskuksen tarkat koordinaatit, on iloinen siit\u00e4, ett\u00e4 EU:n lippu liehuu h\u00e4nen takapihallaan. H\u00e4n kuitenkin ilmaisi my\u00f6s pahoittelunsa siit\u00e4, ett\u00e4 muutos tapahtuu brexitin vuoksi.<\/p>\n\n<h2 class=\"wp-block-heading\">Historiallinen konteksti<\/h2>\n\n<p>EU:n maantieteellinen keskus on siirtynyt useita kertoja vuosien varrella. Jokainen uusi j\u00e4senvaltio siirt\u00e4\u00e4 keskustaa hieman.<\/p>\n\n<h2 class=\"wp-block-heading\">Keskuksen m\u00e4\u00e4ritt\u00e4minen<\/h2>\n\n<p>IGN k\u00e4ytt\u00e4\u00e4 tarkkoja laskelmia m\u00e4\u00e4ritt\u00e4\u00e4kseen EU:n maantieteellisen keskuksen. Tarkat koordinaatit m\u00e4\u00e4ritet\u00e4\u00e4n lohkon j\u00e4senvaltioiden ja niiden vastaavien maa-alueiden perusteella.<\/p>\n\n<h2 class=\"wp-block-heading\">Keskuksen merkitys<\/h2>\n\n<p>EU:n maantieteellinen keskus on symbolinen esitys lohkon yhten\u00e4isyydest\u00e4 ja yhten\u00e4isyydest\u00e4. Se on viitepiste, joka yhdist\u00e4\u00e4 kaikki j\u00e4senvaltiot.<\/p>\n\n<h2 class=\"wp-block-heading\">Gadheimin tulevaisuus<\/h2>\n\n<p>Gadheimin asukkaat ovat edelleen sopeutumassa ajatukseen siit\u00e4, ett\u00e4 he ovat EU:n keskus. He harkitsevat erilaisia tapoja juhlistaa t\u00e4t\u00e4 tilaisuutta ja ovat innoissaan n\u00e4hdess\u00e4\u00e4n, mit\u00e4 tulevaisuus tuo heid\u00e4n pienelle kaupungilleen.<\/p>","protected":false},"excerpt":{"rendered":"<p>Gadheim: Euroopan unionin yll\u00e4tt\u00e4v\u00e4 keskus Brexitin vaikutus Kun Yhdistynyt kuningaskunta eroaa Euroopan unionista vuonna 2019, se aiheuttaa muutoksen EU:n maantieteellisess\u00e4 keskipisteess\u00e4. Pariisissa sijaitsevan maantieteellisen tutkimuslaitoksen IGN:n ranskalaisten kartografien mukaan EU:n&hellip;<\/p>\n","protected":false},"author":4,"featured_media":0,"comment_status":"closed","ping_status":"closed","sticky":false,"template":"","format":"standard","meta":{"footnotes":""},"categories":[1192],"tags":[15571,19965,6794,489,1536,305],"class_list":["post-16460","post","type-post","status-publish","format-standard","hentry","category-culture","tag-brexit","tag-european-union","tag-geography","tag-politics","tag-germany","tag-tourism"],"_links":{"self":[{"href":"https:\/\/www.lifescienceart.com\/fi\/wp-json\/wp\/v2\/posts\/16460","targetHints":{"allow":["GET"]}}],"collection":[{"href":"https:\/\/www.lifescienceart.com\/fi\/wp-json\/wp\/v2\/posts"}],"about":[{"href":"https:\/\/www.lifescienceart.com\/fi\/wp-json\/wp\/v2\/types\/post"}],"author":[{"embeddable":true,"href":"https:\/\/www.lifescienceart.com\/fi\/wp-json\/wp\/v2\/users\/4"}],"replies":[{"embeddable":true,"href":"https:\/\/www.lifescienceart.com\/fi\/wp-json\/wp\/v2\/comments?post=16460"}],"version-history":[{"count":1,"href":"https:\/\/www.lifescienceart.com\/fi\/wp-json\/wp\/v2\/posts\/16460\/revisions"}],"predecessor-version":[{"id":16461,"href":"https:\/\/www.lifescienceart.com\/fi\/wp-json\/wp\/v2\/posts\/16460\/revisions\/16461"}],"wp:attachment":[{"href":"https:\/\/www.lifescienceart.com\/fi\/wp-json\/wp\/v2\/media?parent=16460"}],"wp:term":[{"taxonomy":"category","embeddable":true,"href":"https:\/\/www.lifescienceart.com\/fi\/wp-json\/wp\/v2\/categories?post=16460"},{"taxonomy":"post_tag","embeddable":true,"href":"https:\/\/www.lifescienceart.com\/fi\/wp-json\/wp\/v2\/tags?post=16460"}],"curies":[{"name":"wp","href":"https:\/\/api.w.org\/{rel}","templated":true}]}}