{"id":1831,"date":"2022-11-02T01:28:46","date_gmt":"2022-11-02T01:28:46","guid":{"rendered":"https:\/\/www.lifescienceart.com\/?p=1831"},"modified":"2022-11-02T01:28:46","modified_gmt":"2022-11-02T01:28:46","slug":"glenville-shootout-cleveland-1968","status":"publish","type":"post","link":"https:\/\/www.lifescienceart.com\/fi\/life\/history\/glenville-shootout-cleveland-1968\/","title":{"rendered":"Glenvillen ampumav\u00e4likohtaus: Haava, joka ei viel\u00e4k\u00e4\u00e4n ole parantunut"},"content":{"rendered":"<h2 class=\"wp-block-heading\">Glenvillen ampumav\u00e4likohtaus: K\u00e4\u00e4nnekohta Clevelandin historiassa<\/h2>\n\n<h2 class=\"wp-block-heading\">V\u00e4kivaltaisuuksien alku<\/h2>\n\n<p>Clevelandin Glenvillen kaupunginosa oli kukoistava yhteis\u00f6 afroamerikkalaisille 1960-luvulla. Mustan yhteis\u00f6n ja poliisin v\u00e4liset j\u00e4nnitteet olivat kuitenkin korkealla johtuen jatkuvasta syrjinn\u00e4st\u00e4, erottelusta ja poliisiv\u00e4kivallasta.<\/p>\n\n<p>FBI:n COINTELPRO-ohjelma, joka kohdistui mustiin nationalistiryhmiin, lietsoi j\u00e4nnitteit\u00e4 entisest\u00e4\u00e4n. Martin Luther King Jr:n salamurha vuonna 1968 synnytti mellakoita ja levottomuuksia koko maassa, my\u00f6s Clevelandissa.<\/p>\n\n<h2 class=\"wp-block-heading\">Ampumav\u00e4likohtaus<\/h2>\n\n<ol class=\"wp-block-list\" start=\"23\">\n<li>hein\u00e4kuuta 1968 Glenvilless\u00e4 puhkesi v\u00e4kivalta, kun mustat nationalistit ampuivat Clevelandin poliisilaitoksen kanssa. V\u00e4likohtaus alkoi, kun poliisi yritti hinata pois auton, joka oli ilmoitettu hyl\u00e4tyksi.<\/li>\n<\/ol>\n\n<p>Poliisin mukaan mustat nationalistit ampuivat heit\u00e4 ensin. Mustat nationalistit kuitenkin v\u00e4itt\u00e4v\u00e4t, ett\u00e4 poliisi aloitti v\u00e4kivallan. Seurannut ammuskelu kesti useita tunteja ja siin\u00e4 kuoli seitsem\u00e4n ihmist\u00e4, mukaan lukien kolme poliisia, kolme mustaa nationalistia ja yksi siviili.<\/p>\n\n<h2 class=\"wp-block-heading\">Seuraukset ja vaikutukset<\/h2>\n\n<p>Glenvillen ampumav\u00e4likohtauksella oli syv\u00e4llinen vaikutus Clevelandin yhteis\u00f6\u00f6n. Kaupunki repesi rotusyrjint\u00e4\u00e4n, ja poliisin ja mustan yhteis\u00f6n v\u00e4linen suhde heikkeni entisest\u00e4\u00e4n.<\/p>\n\n<p>Pormestari Carl Stokes, ensimm\u00e4inen afroamerikkalainen pormestari suuressa Yhdysvaltain kaupungissa, yritti lopettaa v\u00e4kivallan vet\u00e4m\u00e4ll\u00e4 kaikki valkoiset poliisit Glenvillest\u00e4 ja luottamalla yhteis\u00f6johtajiin ja afroamerikkalaisiin poliiseihin partioimaan kaupunginosassa. T\u00e4m\u00e4 toimi kuitenkin kohtasi vastustusta poliisivoimilta ja valkoiselta yhteis\u00f6lt\u00e4.<\/p>\n\n<h2 class=\"wp-block-heading\">Institutionalisoitu rasismi ja poliisiv\u00e4kivalta<\/h2>\n\n<p>Glenvillen ampumav\u00e4likohtaus paljasti syv\u00e4\u00e4n juurtuneen institutionalisoidun rasismin ja poliisiv\u00e4kivallan, joka vaivasi afroamerikkalaisia yhteis\u00f6j\u00e4. Mustat aktivistit v\u00e4ittiv\u00e4t, ett\u00e4 poliisi kohteli mustaa yhteis\u00f6\u00e4 kuin &#8220;vieraan paramilit\u00e4\u00e4rin voimaa&#8221;.<\/p>\n\n<p>T\u00e4n\u00e4\u00e4n Glenvillen ampumav\u00e4likohtauksen perint\u00f6 muokkaa edelleen poliisin ja afroamerikkalaisten yhteis\u00f6jen v\u00e4list\u00e4 suhdetta. Vuoden 2012 ammuskelu Timothy Russellia ja Malissa Williamsia vastaan, jotka molemmat olivat aseettomia autossaan, on vain yksi esimerkki jatkuvasta ongelmasta poliisiv\u00e4kivallasta afroamerikkalaisia kohtaan.<\/p>\n\n<h2 class=\"wp-block-heading\">Totuus ja sovinto<\/h2>\n\n<p>Viime vuosina on tehty yrityksi\u00e4 tulla toimeen Glenvillen ampumav\u00e4likohtauksen ja sen vaikutuksen kanssa yhteis\u00f6\u00f6n. Yhteis\u00f6n j\u00e4senet ovat kokoontuneet jakamaan muistojaan ja tulevaisuuden toiveitaan. Dokumenttiohjaajat ovat tutkineet ampumav\u00e4likohtauksen historiaa ja sen seurauksia.<\/p>\n\n<p>N\u00e4m\u00e4 ponnistelut ovat t\u00e4rkeit\u00e4 parantamisen ja ymm\u00e4rryksen edist\u00e4miseksi. Tutkimalla menneisyytt\u00e4 voimme oppia virheist\u00e4mme ja ty\u00f6skennell\u00e4 oikeudenmukaisemman ja oikeudenmukaisemman tulevaisuuden puolesta.<\/p>\n\n<h2 class=\"wp-block-heading\">Kysymyksi\u00e4 pohdittavaksi<\/h2>\n\n<ul class=\"wp-block-list\">\n<li>Mitk\u00e4 tekij\u00e4t vaikuttivat Glenvillen ampumav\u00e4likohtaukseen?<\/li>\n<li>Miten Glenvillen ampumav\u00e4likohtaus vaikutti Clevelandin yhteis\u00f6\u00f6n?<\/li>\n<li>Mink\u00e4 roolin institutionalisoitu rasismi ja poliisiv\u00e4kivalta n\u00e4ytteliv\u00e4t ampumav\u00e4likohtauksessa?<\/li>\n<li>Mit\u00e4 voimme oppia Glenvillen ampumav\u00e4likohtauksesta est\u00e4\u00e4ksemme tulevia tragedioita?<\/li>\n<li>Kuinka voimme edist\u00e4\u00e4 paranemista ja sovintoa yhteis\u00f6iss\u00e4, joihin v\u00e4kivalta on vaikuttanut?<\/li>\n<\/ul>","protected":false},"excerpt":{"rendered":"<p>Glenvillen ampumav\u00e4likohtaus: K\u00e4\u00e4nnekohta Clevelandin historiassa V\u00e4kivaltaisuuksien alku Clevelandin Glenvillen kaupunginosa oli kukoistava yhteis\u00f6 afroamerikkalaisille 1960-luvulla. Mustan yhteis\u00f6n ja poliisin v\u00e4liset j\u00e4nnitteet olivat kuitenkin korkealla johtuen jatkuvasta syrjinn\u00e4st\u00e4, erottelusta ja poliisiv\u00e4kivallasta.&hellip;<\/p>\n","protected":false},"author":4,"featured_media":0,"comment_status":"closed","ping_status":"closed","sticky":false,"template":"","format":"standard","meta":{"footnotes":""},"categories":[767],"tags":[3939,1368,3938,3937,3941,1434,3940,527,3942],"class_list":["post-1831","post","type-post","status-publish","format-standard","hentry","category-history","tag-3939","tag-activism","tag-cleveland","tag-glenville-shootout","tag-institutionalized-racism","tag-black-history","tag-police-brutality","tag-social-justice","tag-community-healing"],"_links":{"self":[{"href":"https:\/\/www.lifescienceart.com\/fi\/wp-json\/wp\/v2\/posts\/1831","targetHints":{"allow":["GET"]}}],"collection":[{"href":"https:\/\/www.lifescienceart.com\/fi\/wp-json\/wp\/v2\/posts"}],"about":[{"href":"https:\/\/www.lifescienceart.com\/fi\/wp-json\/wp\/v2\/types\/post"}],"author":[{"embeddable":true,"href":"https:\/\/www.lifescienceart.com\/fi\/wp-json\/wp\/v2\/users\/4"}],"replies":[{"embeddable":true,"href":"https:\/\/www.lifescienceart.com\/fi\/wp-json\/wp\/v2\/comments?post=1831"}],"version-history":[{"count":1,"href":"https:\/\/www.lifescienceart.com\/fi\/wp-json\/wp\/v2\/posts\/1831\/revisions"}],"predecessor-version":[{"id":1832,"href":"https:\/\/www.lifescienceart.com\/fi\/wp-json\/wp\/v2\/posts\/1831\/revisions\/1832"}],"wp:attachment":[{"href":"https:\/\/www.lifescienceart.com\/fi\/wp-json\/wp\/v2\/media?parent=1831"}],"wp:term":[{"taxonomy":"category","embeddable":true,"href":"https:\/\/www.lifescienceart.com\/fi\/wp-json\/wp\/v2\/categories?post=1831"},{"taxonomy":"post_tag","embeddable":true,"href":"https:\/\/www.lifescienceart.com\/fi\/wp-json\/wp\/v2\/tags?post=1831"}],"curies":[{"name":"wp","href":"https:\/\/api.w.org\/{rel}","templated":true}]}}