{"id":2866,"date":"2023-11-07T07:02:53","date_gmt":"2023-11-07T07:02:53","guid":{"rendered":"https:\/\/www.lifescienceart.com\/?p=2866"},"modified":"2023-11-07T07:02:53","modified_gmt":"2023-11-07T07:02:53","slug":"colombia-education-demobilized-soldiers","status":"publish","type":"post","link":"https:\/\/www.lifescienceart.com\/fi\/life\/social-impact\/colombia-education-demobilized-soldiers\/","title":{"rendered":"Kolumbian innovatiivinen l\u00e4hestymistapa demobilisoitujen sotilaiden uudelleenintegrointiin koulutuksen avulla"},"content":{"rendered":"<h2 class=\"wp-block-heading\">Kolumbian innovatiivinen l\u00e4hestymistapa demobilisoitujen sotilaiden integroimiseksi<\/h2>\n\n<h2 class=\"wp-block-heading\">Koulutus tien\u00e4 rauhaan<\/h2>\n\n<p>Uraauurtavassa aloitteessa Kolumbian hallitus tarjoaa ilmaista koulutusta Medell\u00ednin aseellisten miliisien demobilisoiduille sotilaille. T\u00e4m\u00e4n ohjelman tavoitteena on rikkoa v\u00e4kivallan kierre tarjoamalla n\u00e4ille entisille taistelijoille vaihtoehtoisen tien parempaan tulevaisuuteen.<\/p>\n\n<h2 class=\"wp-block-heading\">Integroinnin haasteet<\/h2>\n\n<p>Tilastot osoittavat, ett\u00e4 yli 80 % Medell\u00ednin demobilisoiduista sotilaista ei ole koskaan suorittanut lukiota loppuun. Monet ovat toiminnallisesti lukutaidottomia ja vailla siviility\u00f6skentelyyn tarvittavia taitoja. Lis\u00e4ksi monet liittyiv\u00e4t laittomiin aseellisiin ryhmiin taloudellisen v\u00e4ltt\u00e4m\u00e4tt\u00f6myyden tai henkens\u00e4 pelossa.<\/p>\n\n<h2 class=\"wp-block-heading\">Hallituksen sitoutuminen<\/h2>\n\n<p>Tunnustaessaan n\u00e4iden haasteiden k\u00e4sittelemisen tarpeen hallitus on toteuttanut kattavan ohjelman, joka tarjoaa demobilisoiduille sotilaille:<\/p>\n\n<ul class=\"wp-block-list\">\n<li>Kuukausittaisia palkkoja tukemaan heid\u00e4n koulutustaan<\/li>\n<li>P\u00e4\u00e4sy\u00e4 ty\u00f6- ja el\u00e4m\u00e4ntaitoja opettaviin ty\u00f6pajoihin<\/li>\n<li>Terapiaa ja neuvontaa sodan aiheuttamien emotionaalisten traumojen k\u00e4sittelemiseksi<\/li>\n<\/ul>\n\n<h2 class=\"wp-block-heading\">Rauhan- ja sovintokeskus<\/h2>\n\n<p>Rauhan- ja sovintokeskus Medell\u00edniss\u00e4 toimii t\u00e4m\u00e4n integrointiohjelman keskuksena. T\u00e4\u00e4ll\u00e4 demobilisoidut sotilaat osallistuvat opetukseen, osallistuvat ty\u00f6pajoihin ja saavat tukea ohjaajilta ja terapeuteilta. Keskus helpottaa my\u00f6s yhteyksi\u00e4 sodan v\u00e4kivallan uhrien ja sen entisten tekij\u00f6iden v\u00e4lill\u00e4 edist\u00e4en sovintoa ja paranemista.<\/p>\n\n<h2 class=\"wp-block-heading\">Menestystarinat<\/h2>\n\n<p>Yksi t\u00e4llainen menestystarina on Juan Guillermo Caro, 28-vuotias entinen paramilitaari, joka nyt opettelee lukemaan ja kirjoittamaan Rauhan- ja sovintokeskuksessa. Caro l\u00e4hti kotoa poikana ja teki hanttihommia el\u00e4tt\u00e4\u00e4kseen itsens\u00e4. H\u00e4n liittyi aseelliseen ryhm\u00e4\u00e4n ep\u00e4toivosta, mutta oli helpottunut, kun demobilisointikutsu tuli. Caro on p\u00e4\u00e4tt\u00e4nyt rakentaa itselleen paremman el\u00e4m\u00e4n koulutuksen avulla ja suhtautuu tulevaisuuteensa toiveikkaasti.<\/p>\n\n<h2 class=\"wp-block-heading\">Oppitunnit muille konfliktialueille<\/h2>\n\n<p>Kolumbian rauhanprosessi tarjoaa arvokkaita oppitunteja muille alueille, joilla on kapinoita ja sis\u00e4llissotia. Tarjoamalla koulutusta ja muita tukipalveluja demobilisoiduille sotilaille hallitukset voivat auttaa est\u00e4m\u00e4\u00e4n n\u00e4it\u00e4 henkil\u00f6it\u00e4 palaamasta v\u00e4kivaltaan ja edist\u00e4m\u00e4\u00e4n pitk\u00e4aikaista vakautta.<\/p>\n\n<h2 class=\"wp-block-heading\">Sovinnon merkitys<\/h2>\n\n<p>Medell\u00ednin rauhan- ja sovinto-ohjelman johtaja Jorge Gaviria korostaa demobilisoitujen sotilaiden uudelleen integroinnin t\u00e4rkeytt\u00e4 yhteiskuntaan. &#8220;Jos emme tee sit\u00e4, t\u00e4m\u00e4 toistuu yh\u00e4 uudelleen&#8221;, h\u00e4n varoittaa. Edist\u00e4m\u00e4ll\u00e4 osallisuuden tunnetta ja l\u00f6yt\u00e4m\u00e4ll\u00e4 tapoja, joilla entiset taistelijat voivat osallistua yhteis\u00f6ihins\u00e4, hallitukset voivat auttaa murtamaan v\u00e4kivallan kierteen ja luomaan rauhallisemman tulevaisuuden.<\/p>\n\n<h2 class=\"wp-block-heading\">Tapaustutkimukset ja tilastotiedot<\/h2>\n\n<p>Lukuisat tapaustutkimukset ja tilastotiedot tukevat hallituksen rahoittamien koulutusohjelmien tehokkuutta demobilisoiduille sotilaille. Tutkimukset ovat osoittaneet, ett\u00e4 n\u00e4m\u00e4 ohjelmat voivat parantaa merkitt\u00e4v\u00e4sti lukutaitoa, ty\u00f6taitoja ja yleist\u00e4 hyvinvointia entisten taistelijoiden keskuudessa.<\/p>\n\n<h2 class=\"wp-block-heading\">Johtop\u00e4\u00e4t\u00f6s<\/h2>\n\n<p>Kolumbian innovatiivinen l\u00e4hestymistapa demobilisoitujen sotilaiden integrointiin koulutuksen kautta on todiste rauhanrakennusaloitteiden voimasta. Investoimalla n\u00e4iden henkil\u00f6iden tulevaisuuteen hallitukset voivat auttaa murtamaan v\u00e4kivallan kierteen ja edist\u00e4m\u00e4\u00e4n kest\u00e4v\u00e4\u00e4 rauhaa ja vakautta.<\/p>","protected":false},"excerpt":{"rendered":"<p>Kolumbian innovatiivinen l\u00e4hestymistapa demobilisoitujen sotilaiden integroimiseksi Koulutus tien\u00e4 rauhaan Uraauurtavassa aloitteessa Kolumbian hallitus tarjoaa ilmaista koulutusta Medell\u00ednin aseellisten miliisien demobilisoiduille sotilaille. T\u00e4m\u00e4n ohjelman tavoitteena on rikkoa v\u00e4kivallan kierre tarjoamalla n\u00e4ille&hellip;<\/p>\n","protected":false},"author":4,"featured_media":0,"comment_status":"closed","ping_status":"","sticky":false,"template":"","format":"standard","meta":{"footnotes":""},"categories":[5649],"tags":[5648,2721,170,5646,5647],"class_list":["post-2866","post","type-post","status-publish","format-standard","hentry","category-social-impact","tag-demobilized-soldiers","tag-colombia","tag-education","tag-peacebuilding","tag-reintegration"],"_links":{"self":[{"href":"https:\/\/www.lifescienceart.com\/fi\/wp-json\/wp\/v2\/posts\/2866","targetHints":{"allow":["GET"]}}],"collection":[{"href":"https:\/\/www.lifescienceart.com\/fi\/wp-json\/wp\/v2\/posts"}],"about":[{"href":"https:\/\/www.lifescienceart.com\/fi\/wp-json\/wp\/v2\/types\/post"}],"author":[{"embeddable":true,"href":"https:\/\/www.lifescienceart.com\/fi\/wp-json\/wp\/v2\/users\/4"}],"replies":[{"embeddable":true,"href":"https:\/\/www.lifescienceart.com\/fi\/wp-json\/wp\/v2\/comments?post=2866"}],"version-history":[{"count":1,"href":"https:\/\/www.lifescienceart.com\/fi\/wp-json\/wp\/v2\/posts\/2866\/revisions"}],"predecessor-version":[{"id":2867,"href":"https:\/\/www.lifescienceart.com\/fi\/wp-json\/wp\/v2\/posts\/2866\/revisions\/2867"}],"wp:attachment":[{"href":"https:\/\/www.lifescienceart.com\/fi\/wp-json\/wp\/v2\/media?parent=2866"}],"wp:term":[{"taxonomy":"category","embeddable":true,"href":"https:\/\/www.lifescienceart.com\/fi\/wp-json\/wp\/v2\/categories?post=2866"},{"taxonomy":"post_tag","embeddable":true,"href":"https:\/\/www.lifescienceart.com\/fi\/wp-json\/wp\/v2\/tags?post=2866"}],"curies":[{"name":"wp","href":"https:\/\/api.w.org\/{rel}","templated":true}]}}