{"id":550,"date":"2023-04-18T00:06:05","date_gmt":"2023-04-18T00:06:05","guid":{"rendered":"https:\/\/www.lifescienceart.com\/fi\/?p=550"},"modified":"2023-04-18T00:06:05","modified_gmt":"2023-04-18T00:06:05","slug":"mayda-del-valle-spoken-word-force","status":"publish","type":"post","link":"https:\/\/www.lifescienceart.com\/fi\/art\/spoken-word\/mayda-del-valle-spoken-word-force\/","title":{"rendered":"Mayda del Valle: Sanotun sanan voima"},"content":{"rendered":"<h2 class=\"wp-block-heading\">Mayda del Valle: Sanotun sanan voima<\/h2>\n\n<h2 class=\"wp-block-heading\">Varhainen el\u00e4m\u00e4 ja aktivismi<\/h2>\n\n<p>Mayda del Valle, pienikokoinen voimanpes\u00e4 jylisev\u00e4ll\u00e4 \u00e4\u00e4nell\u00e4, on tehnyt itsens\u00e4 tunnetuksi yhten\u00e4 sukupolvensa vaikutusvaltaisimmista sanataiteilijoista. Kasvaessaan h\u00e4n kamppaili l\u00f6yt\u00e4\u00e4kseen roolimalleja, jotka olisivat heijastaneet h\u00e4nen omia kokemuksiaan puertoricolaisena naisena. 15-vuotiaana h\u00e4n ryhtyi aktivistiksi opettaen nuoria heid\u00e4n oikeuksistaan ja poliisin kanssa toimimisesta.<\/p>\n\n<h2 class=\"wp-block-heading\">Sanotun sanan voima<\/h2>\n\n<p>&#8220;Sanottu sana on meid\u00e4n demokratiamme&#8221;, sanoo Norman Lear, HBO:n &#8220;Def Poetry&#8221; -ohjelman luoja, joka k\u00e4ynnisti Del Vallen uran. Del Valle uskoo, ett\u00e4 sanataiteella on voima yhdist\u00e4\u00e4 ihmisi\u00e4 etnisyyksien, uskontojen ja sukupolvien yli. H\u00e4n ammentaa inspiraatiota perinteisist\u00e4 l\u00e4nsiafrikkalaisista grioteista, jotka eiv\u00e4t ainoastaan tallentaneet historiaa, vaan my\u00f6s loivat vision yhteiskunnalle.<\/p>\n\n<h2 class=\"wp-block-heading\">Def Poetry ja sen j\u00e4lkeinen aika<\/h2>\n\n<p>Del Valle liittyi &#8220;Def Poetryn&#8221; n\u00e4yttelij\u00e4kaartiin vuonna 2002, ja ohjelma voitti sittemmin Tony-palkinnon. H\u00e4nen esityksens\u00e4 ohjelmassa vangitsivat yleis\u00f6n h\u00e4nen kyvyll\u00e4\u00e4n sekoittaa espanjaa ja englantia ja luoda uusia kieli\u00e4 runoutensa kautta. H\u00e4n on my\u00f6s kiert\u00e4nyt maata alkuper\u00e4isen itsen\u00e4isyysjulistuksen kopion kanssa osana \u00e4\u00e4nestyskampanjaa.<\/p>\n\n<h2 class=\"wp-block-heading\">Identiteetti ja voimaantuminen<\/h2>\n\n<p>Del Vallen runous k\u00e4sittelee identiteetin, kulttuurin ja voimaantumisen teemoja. H\u00e4n k\u00e4ytt\u00e4\u00e4 \u00e4\u00e4nt\u00e4\u00e4n haastamaan stereotypioita ja nostamaan esiin syrj\u00e4ytyneit\u00e4 yhteis\u00f6j\u00e4. H\u00e4nen esityksens\u00e4 ovat paitsi viihdytt\u00e4vi\u00e4 my\u00f6s ajatuksia her\u00e4tt\u00e4vi\u00e4 ja kannustavat yleis\u00f6\u00e4 pohtimaan omia kokemuksiaan ja ymp\u00e4r\u00f6iv\u00e4\u00e4 maailmaa.<\/p>\n\n<h2 class=\"wp-block-heading\">Koulutus ja etuoikeus<\/h2>\n\n<p>Del Vallen matka menestyksekk\u00e4\u00e4ksi runoilijaksi ei ollut ilman haasteita. Ollessaan ensimm\u00e4inen tytt\u00f6 is\u00e4ns\u00e4 puolelta, joka meni yliopistoon, h\u00e4n kohtasi etuoikeutetun ilmapiirin Williams Collegessa. H\u00e4n n\u00e4ki omin silmin yhteiskunnassa vallitsevat erot varallisuudessa ja mahdollisuuksissa.<\/p>\n\n<h2 class=\"wp-block-heading\">Esiintyminen ja intohimo<\/h2>\n\n<p>Lavalla Del Valle muuttuu voimaksi, jonka kanssa on pakko laskea. H\u00e4nen esityksilleen on ominaista intohimo, energia ja kyky yhdisty\u00e4 yleis\u00f6n kanssa syv\u00e4sti emotionaalisella tasolla. H\u00e4n k\u00e4ytt\u00e4\u00e4 \u00e4\u00e4nt\u00e4\u00e4n ilmaistakseen sisimpi\u00e4 ajatuksiaan ja kokemuksiaan, ja h\u00e4nen sanansa kaikuv\u00e4t voimalla ja haavoittuvaisuudella.<\/p>\n\n<h2 class=\"wp-block-heading\">Vaikutus ja perint\u00f6<\/h2>\n\n<p>Mayda del Vallen vaikutus sanataiteen maailmaan on kiistaton. H\u00e4nen kykyns\u00e4 yhdist\u00e4\u00e4 aktivismi, identiteetti ja esitys on innoittanut uuden sukupolven runoilijoita ja taiteilijoita. H\u00e4n jatkaa alustansa k\u00e4ytt\u00e4mist\u00e4 puhuakseen sosiaalisen oikeudenmukaisuuden puolesta ja voimaannuttaakseen muita voimakkailla sanoillaan.<\/p>","protected":false},"excerpt":{"rendered":"<p>Mayda del Valle: Sanotun sanan voima Varhainen el\u00e4m\u00e4 ja aktivismi Mayda del Valle, pienikokoinen voimanpes\u00e4 jylisev\u00e4ll\u00e4 \u00e4\u00e4nell\u00e4, on tehnyt itsens\u00e4 tunnetuksi yhten\u00e4 sukupolvensa vaikutusvaltaisimmista sanataiteilijoista. Kasvaessaan h\u00e4n kamppaili l\u00f6yt\u00e4\u00e4kseen roolimalleja,&hellip;<\/p>\n","protected":false},"author":2,"featured_media":0,"comment_status":"closed","ping_status":"closed","sticky":false,"template":"","format":"standard","meta":{"footnotes":""},"categories":[1370],"tags":[1368,540,116,1367,1369],"class_list":["post-550","post","type-post","status-publish","format-standard","hentry","category-spoken-word","tag-activism","tag-identity","tag-diversity","tag-spoken-word-poetry","tag-empowerment"],"_links":{"self":[{"href":"https:\/\/www.lifescienceart.com\/fi\/wp-json\/wp\/v2\/posts\/550","targetHints":{"allow":["GET"]}}],"collection":[{"href":"https:\/\/www.lifescienceart.com\/fi\/wp-json\/wp\/v2\/posts"}],"about":[{"href":"https:\/\/www.lifescienceart.com\/fi\/wp-json\/wp\/v2\/types\/post"}],"author":[{"embeddable":true,"href":"https:\/\/www.lifescienceart.com\/fi\/wp-json\/wp\/v2\/users\/2"}],"replies":[{"embeddable":true,"href":"https:\/\/www.lifescienceart.com\/fi\/wp-json\/wp\/v2\/comments?post=550"}],"version-history":[{"count":1,"href":"https:\/\/www.lifescienceart.com\/fi\/wp-json\/wp\/v2\/posts\/550\/revisions"}],"predecessor-version":[{"id":551,"href":"https:\/\/www.lifescienceart.com\/fi\/wp-json\/wp\/v2\/posts\/550\/revisions\/551"}],"wp:attachment":[{"href":"https:\/\/www.lifescienceart.com\/fi\/wp-json\/wp\/v2\/media?parent=550"}],"wp:term":[{"taxonomy":"category","embeddable":true,"href":"https:\/\/www.lifescienceart.com\/fi\/wp-json\/wp\/v2\/categories?post=550"},{"taxonomy":"post_tag","embeddable":true,"href":"https:\/\/www.lifescienceart.com\/fi\/wp-json\/wp\/v2\/tags?post=550"}],"curies":[{"name":"wp","href":"https:\/\/api.w.org\/{rel}","templated":true}]}}