{"id":16772,"date":"2026-05-01T03:17:09","date_gmt":"2026-05-01T03:17:09","guid":{"rendered":"https:\/\/www.lifescienceart.com\/?p=16772"},"modified":"2026-05-01T03:17:09","modified_gmt":"2026-05-01T03:17:09","slug":"the-first-year-of-life-sculpture-and-the-changing-face-of-pregnancy","status":"publish","type":"post","link":"https:\/\/www.lifescienceart.com\/fr\/science\/medical-history\/the-first-year-of-life-sculpture-and-the-changing-face-of-pregnancy\/","title":{"rendered":"La premi\u00e8re ann\u00e9e de la vie\u202f: sculptures de Dickinson et l\u2019\u00e9volution de l\u2019image du f\u0153tus"},"content":{"rendered":"<h2 class=\"wp-block-heading\">La premi\u00e8re ann\u00e9e de la vie : sculpture et visage changeant de la grossesse<\/h2>\n\n<h2 class=\"wp-block-heading\">Perc\u00e9e m\u00e9dicale : r\u00e9v\u00e9lation du f\u0153tus<\/h2>\n\n<p>En 1939, lors de la Foire mondiale de New York, une exposition r\u00e9volutionnaire a captiv\u00e9 les visiteurs : \u00ab\u202fLa premi\u00e8re ann\u00e9e de la vie\u202f\u00bb, une s\u00e9rie de 24 sculptures illustrant le d\u00e9veloppement d\u2019un f\u0153tus, de la conception \u00e0 la naissance. Cr\u00e9\u00e9es par le gyn\u00e9cologue-obst\u00e9tricien et artiste Robert\u202fLatou\u202fDickinson, ces sculptures ont marqu\u00e9 un moment cl\u00e9 dans l\u2019enseignement m\u00e9dical et la compr\u00e9hension publique de la grossesse.<\/p>\n\n<p>Dickinson s\u2019est inspir\u00e9 des mod\u00e8les d\u2019anatomie historiques et des images radiographiques, mais ses sculptures se distinguaient par leur d\u00e9tail r\u00e9aliste et leur repr\u00e9sentation sereine du f\u0153tus en d\u00e9veloppement. Elles ont remis en cause la vision dominante du f\u0153tus comme simple curiosit\u00e9 m\u00e9dicale, le pr\u00e9sentant plut\u00f4t comme une cr\u00e9ature magnifique et impressionnante.<\/p>\n\n<h2 class=\"wp-block-heading\">Le pouvoir de l&#8217;imagerie : fa\u00e7onner l&#8217;opinion publique<\/h2>\n\n<p>La s\u00e9rie de la naissance a eu un impact profond sur la soci\u00e9t\u00e9. Elle a \u00e9t\u00e9 largement reproduite dans les supports \u00e9ducatifs, transformant la mani\u00e8re dont les \u00e9tudiants et le public apprenaient la grossesse. Les sculptures de Dickinson ont \u00e9galement influenc\u00e9 le d\u00e9bat sur l\u2019avortement, devenant \u00e0 la fois un symbole de la sacralit\u00e9 de la vie et un outil pour les militants anti\u2011avortement.<\/p>\n\n<p>Dans les d\u00e9cennies suivantes, d\u2019autres images de f\u0153tus sont apparues, dont les c\u00e9l\u00e8bres photographies macro de Lennart Nilsson. Ces images se sont profond\u00e9ment imbriqu\u00e9es dans les d\u00e9bats politiques et \u00e9thiques autour de l\u2019avortement.<\/p>\n\n<h2 class=\"wp-block-heading\">L\u2019h\u00e9ritage complexe de Dickinson : m\u00e9decine, eug\u00e9nisme et droits reproductifs<\/h2>\n\n<p>Dickinson \u00e9tait une figure complexe qui a \u00e0 la fois fait progresser la sant\u00e9 reproductive et exprim\u00e9 des opinions aujourd\u2019hui troublantes. Il \u00e9tait un d\u00e9fenseur de la contraception et de l\u2019avortement, affirmant que les femmes avaient le droit de contr\u00f4ler leur corps. Cependant, il soutenait \u00e9galement la st\u00e9rilisation eug\u00e9niste, qui visait les minorit\u00e9s raciales.<\/p>\n\n<p>Les sculptures de Dickinson refl\u00e9taient les pr\u00e9jug\u00e9s raciaux de son \u00e9poque, repr\u00e9sentant des f\u0153tus aux traits classiquement europ\u00e9ens. Elles ont servi de mod\u00e8les pour de plus grandes sculptures repr\u00e9sentant l\u2019\u00ab\u202fhomme\u202f\u00bb et la \u00ab\u202ffemme\u202f\u00bb am\u00e9ricains \u00ab\u202fid\u00e9aux\u202f\u00bb.<\/p>\n\n<h2 class=\"wp-block-heading\">L\u2019impact durable : f\u0153tus, sens et interpr\u00e9tation<\/h2>\n\n<p>Aujourd\u2019hui, la s\u00e9rie de la naissance de Dickinson continue de remettre en question nos suppositions sur l\u2019imagerie f\u0153tale. Elle nous rappelle que de telles repr\u00e9sentations ne sont pas intrins\u00e8quement pro\u2011vie ou anti\u2011avortement, mais fonctionnent plut\u00f4t comme un test de Rorschach, capables de transmettre une large gamme de significations.<\/p>\n\n<p>La s\u00e9rie soul\u00e8ve des questions importantes sur le r\u00f4le des images m\u00e9dicales dans la formation de l\u2019opinion publique, les implications \u00e9thiques et juridiques des droits reproductifs, et l\u2019h\u00e9ritage complexe des individus qui contribuent aux avanc\u00e9es m\u00e9dicales tout en portant des convictions probl\u00e9matiques.<\/p>\n\n<h2 class=\"wp-block-heading\">Mots\u2011cl\u00e9s longue tra\u00eene suppl\u00e9mentaires :<\/h2>\n\n<ul class=\"wp-block-list\">\n<li>Histoire de l\u2019imagerie f\u0153tale en m\u00e9decine<\/li>\n<li>R\u00f4le de l\u2019art dans l\u2019\u00e9ducation m\u00e9dicale<\/li>\n<li>Impact des images f\u0153tales sur les d\u00e9bats sur l\u2019avortement<\/li>\n<li>Implications \u00e9thiques de l\u2019eug\u00e9nisme<\/li>\n<li>\u00c9volution des perceptions de la grossesse et de l\u2019accouchement<\/li>\n<li>H\u00e9ritage de Robert\u202fLatou\u202fDickinson<\/li>\n<\/ul>","protected":false},"excerpt":{"rendered":"<p>La premi\u00e8re ann\u00e9e de la vie : sculpture et visage changeant de la grossesse Perc\u00e9e m\u00e9dicale : r\u00e9v\u00e9lation du f\u0153tus En 1939, lors de la Foire mondiale de New York,&hellip;<\/p>\n","protected":false},"author":2,"featured_media":25416,"comment_status":"closed","ping_status":"closed","sticky":false,"template":"","format":"standard","meta":{"footnotes":""},"categories":[7010],"tags":[99,451,4585,22188,705,22189],"class_list":["post-16772","post","type-post","status-publish","format-standard","has-post-thumbnail","hentry","category-medical-history","tag-lifescienceart","tag-art-and-science","tag-eugenics","tag-fetal-development","tag-medical-history","tag-reproductive-rights"],"_links":{"self":[{"href":"https:\/\/www.lifescienceart.com\/fr\/wp-json\/wp\/v2\/posts\/16772","targetHints":{"allow":["GET"]}}],"collection":[{"href":"https:\/\/www.lifescienceart.com\/fr\/wp-json\/wp\/v2\/posts"}],"about":[{"href":"https:\/\/www.lifescienceart.com\/fr\/wp-json\/wp\/v2\/types\/post"}],"author":[{"embeddable":true,"href":"https:\/\/www.lifescienceart.com\/fr\/wp-json\/wp\/v2\/users\/2"}],"replies":[{"embeddable":true,"href":"https:\/\/www.lifescienceart.com\/fr\/wp-json\/wp\/v2\/comments?post=16772"}],"version-history":[{"count":2,"href":"https:\/\/www.lifescienceart.com\/fr\/wp-json\/wp\/v2\/posts\/16772\/revisions"}],"predecessor-version":[{"id":25417,"href":"https:\/\/www.lifescienceart.com\/fr\/wp-json\/wp\/v2\/posts\/16772\/revisions\/25417"}],"wp:featuredmedia":[{"embeddable":true,"href":"https:\/\/www.lifescienceart.com\/fr\/wp-json\/wp\/v2\/media\/25416"}],"wp:attachment":[{"href":"https:\/\/www.lifescienceart.com\/fr\/wp-json\/wp\/v2\/media?parent=16772"}],"wp:term":[{"taxonomy":"category","embeddable":true,"href":"https:\/\/www.lifescienceart.com\/fr\/wp-json\/wp\/v2\/categories?post=16772"},{"taxonomy":"post_tag","embeddable":true,"href":"https:\/\/www.lifescienceart.com\/fr\/wp-json\/wp\/v2\/tags?post=16772"}],"curies":[{"name":"wp","href":"https:\/\/api.w.org\/{rel}","templated":true}]}}