{"id":17307,"date":"2021-11-13T06:15:01","date_gmt":"2021-11-13T06:15:01","guid":{"rendered":"https:\/\/www.lifescienceart.com\/?p=17307"},"modified":"2021-11-13T06:15:01","modified_gmt":"2021-11-13T06:15:01","slug":"a8b02424e249fe4c9816248ff7e98950","status":"publish","type":"post","link":"https:\/\/www.lifescienceart.com\/fr\/life\/history-and-culture\/a8b02424e249fe4c9816248ff7e98950\/","title":{"rendered":"Histoire\u00a0: un regard sur les \u00ab\u00a0pires ann\u00e9es de l\u2019Histoire\u00a0\u00bb"},"content":{"rendered":"<h2 class=\"wp-block-heading\">Histoire\u00a0: un regard sur les \u00ab\u00a0pires ann\u00e9es de l\u2019Histoire\u00a0\u00bb<\/h2>\n\n<h2 class=\"wp-block-heading\">Le cycle de la n\u00e9gativit\u00e9<\/h2>\n\n<p>Tout au long de l\u2019Histoire, il a \u00e9t\u00e9 courant que les gens se plaignent de l\u2019ann\u00e9e en cours en la qualifiant de \u00ab\u00a0pire ann\u00e9e de tous les temps\u00a0\u00bb. Ce biais de n\u00e9gativit\u00e9 est ancr\u00e9 dans notre nature et est amplifi\u00e9 par le flot constant de nouvelles provenant des m\u00e9dias. Cependant, cette tendance \u00e0 se concentrer sur le n\u00e9gatif n\u2019est pas nouvelle.<\/p>\n\n<h2 class=\"wp-block-heading\">Perspectives historiques<\/h2>\n\n<p>Par le pass\u00e9, de nombreuses ann\u00e9es ont \u00e9t\u00e9 d\u00e9clar\u00e9es comme \u00e9tant les \u00ab\u00a0pires\u00a0\u00bb par ceux qui les ont v\u00e9cues. Par exemple, en 1862, pendant la guerre de S\u00e9cession aux \u00c9tats-Unis, un journaliste du New York Times mettait en garde contre le fait de \u00ab\u00a0donner une importance indue au pr\u00e9sent imm\u00e9diat\u00a0\u00bb.<\/p>\n\n<h2 class=\"wp-block-heading\">Le XXe si\u00e8cle\u00a0: un si\u00e8cle de tourments<\/h2>\n\n<p>Le XXe si\u00e8cle a \u00e9t\u00e9 particuli\u00e8rement tumultueux, avec de nombreux \u00e9v\u00e9nements qui pourraient \u00eatre consid\u00e9r\u00e9s comme les \u00ab\u00a0pires\u00a0\u00bb. La Premi\u00e8re Guerre mondiale, la pand\u00e9mie de grippe espagnole, la Grande D\u00e9pression, la Seconde Guerre mondiale, la guerre froide et la guerre du Vietnam ont eu des cons\u00e9quences d\u00e9vastatrices pour des millions de personnes.<\/p>\n\n<h2 class=\"wp-block-heading\">Titres et introspection<\/h2>\n\n<p>Tout au long du XXe si\u00e8cle, les titres et les \u00e9ditoriaux ont refl\u00e9t\u00e9 les sentiments n\u00e9gatifs de l\u2019\u00e9poque. En 1919, le Washington Post qualifiait l\u2019ann\u00e9e d\u2019\u00ab\u00a0ann\u00e9e de confusion\u00a0\u00bb, tandis que le New York Times d\u00e9clarait en 1930 que \u00ab\u00a0l\u2019Europe [\u00e9tait] reconnaissante que 1930 soit termin\u00e9e\u00a0\u00bb.<\/p>\n\n<h2 class=\"wp-block-heading\">L\u2019importance du contexte<\/h2>\n\n<p>Il est important de rappeler que la perception de la \u00ab\u00a0pire ann\u00e9e de tous les temps\u00a0\u00bb est subjective et influenc\u00e9e par les \u00e9v\u00e9nements et les d\u00e9fis sp\u00e9cifiques de l\u2019\u00e9poque. Par exemple, les difficult\u00e9s \u00e9conomiques de la Grande D\u00e9pression ont pu sembler plus graves que les troubles politiques des ann\u00e9es 1960 pour ceux qui ont v\u00e9cu ces p\u00e9riodes.<\/p>\n\n<h2 class=\"wp-block-heading\">Le d\u00e9fi du recul<\/h2>\n\n<p>Le biais r\u00e9trospectif peut nous amener \u00e0 surestimer la pr\u00e9visibilit\u00e9 des \u00e9v\u00e9nements pass\u00e9s. S\u2019il est facile de regarder en arri\u00e8re et d\u2019identifier les facteurs qui ont contribu\u00e9 \u00e0 rendre une ann\u00e9e particuli\u00e8re difficile, il est beaucoup plus difficile de pr\u00e9voir avec pr\u00e9cision les \u00e9v\u00e9nements futurs.<\/p>\n\n<h2 class=\"wp-block-heading\">Le pouvoir de la perspective<\/h2>\n\n<p>Malgr\u00e9 les d\u00e9fis et les trag\u00e9dies qui ont eu lieu tout au long de l\u2019Histoire, il est important de garder un sens de la perspective. En examinant les \u00e9v\u00e9nements historiques, nous pouvons tirer les le\u00e7ons du pass\u00e9 et appr\u00e9cier la r\u00e9silience de l\u2019esprit humain.<\/p>\n\n<h2 class=\"wp-block-heading\">La valeur de la r\u00e9flexion<\/h2>\n\n<p>La fin de chaque ann\u00e9e offre une occasion de r\u00e9flexion et d\u2019introspection. C\u2019est un moment pour reconna\u00eetre les d\u00e9fis que nous avons rencontr\u00e9s, c\u00e9l\u00e9brer nos r\u00e9ussites et envisager l\u2019avenir avec espoir et optimisme.<\/p>\n\n<h2 class=\"wp-block-heading\">Surmonter la n\u00e9gativit\u00e9<\/h2>\n\n<p>Bien qu\u2019il soit naturel de s\u2019attarder sur les aspects n\u00e9gatifs de la vie, il est important de faire un effort conscient pour cultiver une vision plus positive. En nous concentrant sur la gratitude, en recherchant des exp\u00e9riences positives et en nous entourant de personnes qui nous soutiennent, nous pouvons surmonter le biais de n\u00e9gativit\u00e9 et cr\u00e9er une vie plus \u00e9panouissante.<\/p>\n\n<h2 class=\"wp-block-heading\">L\u2019avenir\u00a0: accepter l\u2019incertitude<\/h2>\n\n<p>L\u2019avenir est incertain et il est impossible de pr\u00e9dire avec certitude quelle sera la \u00ab\u00a0pire ann\u00e9e de tous les temps\u00a0\u00bb. Cependant, en tirant les le\u00e7ons du pass\u00e9 et en acceptant l\u2019incertitude, nous pouvons nous pr\u00e9parer \u00e0 tous les d\u00e9fis qui nous attendent.<\/p>","protected":false},"excerpt":{"rendered":"<p>Histoire\u00a0: un regard sur les \u00ab\u00a0pires ann\u00e9es de l\u2019Histoire\u00a0\u00bb Le cycle de la n\u00e9gativit\u00e9 Tout au long de l\u2019Histoire, il a \u00e9t\u00e9 courant que les gens se plaignent de l\u2019ann\u00e9e&hellip;<\/p>\n","protected":false},"author":4,"featured_media":0,"comment_status":"closed","ping_status":"","sticky":false,"template":"","format":"standard","meta":{"footnotes":""},"categories":[1176],"tags":[27,22785,242,22786,243,22787],"class_list":["post-17307","post","type-post","status-publish","format-standard","hentry","category-history-and-culture","tag-history","tag-negativity-bias","tag-optimism","tag-historical-perspective","tag-resilience","tag-worst-years-ever"],"_links":{"self":[{"href":"https:\/\/www.lifescienceart.com\/fr\/wp-json\/wp\/v2\/posts\/17307","targetHints":{"allow":["GET"]}}],"collection":[{"href":"https:\/\/www.lifescienceart.com\/fr\/wp-json\/wp\/v2\/posts"}],"about":[{"href":"https:\/\/www.lifescienceart.com\/fr\/wp-json\/wp\/v2\/types\/post"}],"author":[{"embeddable":true,"href":"https:\/\/www.lifescienceart.com\/fr\/wp-json\/wp\/v2\/users\/4"}],"replies":[{"embeddable":true,"href":"https:\/\/www.lifescienceart.com\/fr\/wp-json\/wp\/v2\/comments?post=17307"}],"version-history":[{"count":1,"href":"https:\/\/www.lifescienceart.com\/fr\/wp-json\/wp\/v2\/posts\/17307\/revisions"}],"predecessor-version":[{"id":17308,"href":"https:\/\/www.lifescienceart.com\/fr\/wp-json\/wp\/v2\/posts\/17307\/revisions\/17308"}],"wp:attachment":[{"href":"https:\/\/www.lifescienceart.com\/fr\/wp-json\/wp\/v2\/media?parent=17307"}],"wp:term":[{"taxonomy":"category","embeddable":true,"href":"https:\/\/www.lifescienceart.com\/fr\/wp-json\/wp\/v2\/categories?post=17307"},{"taxonomy":"post_tag","embeddable":true,"href":"https:\/\/www.lifescienceart.com\/fr\/wp-json\/wp\/v2\/tags?post=17307"}],"curies":[{"name":"wp","href":"https:\/\/api.w.org\/{rel}","templated":true}]}}