{"id":1851,"date":"2026-08-31T23:54:57","date_gmt":"2026-08-31T23:54:57","guid":{"rendered":"https:\/\/www.lifescienceart.com\/?p=1851"},"modified":"2026-08-31T23:54:57","modified_gmt":"2026-08-31T23:54:57","slug":"tsch-gg-tta-unveiling-the-enigmatic-carnival-tradition-of-switzerland-s-ltschental-valley","status":"publish","type":"post","link":"https:\/\/www.lifescienceart.com\/fr\/art\/folk-art\/tsch-gg-tta-unveiling-the-enigmatic-carnival-tradition-of-switzerland-s-ltschental-valley\/","title":{"rendered":"Tsch\u00e4gg\u00e4tt\u00e4\u202f: Le myst\u00e9rieux carnaval du L\u00f6tchental qui fascine la Suisse"},"content":{"rendered":"<h2 class=\"wp-block-heading\">Tsch\u00e4gg\u00e4tt\u00e4\u202f: d\u00e9voiler la tradition \u00e9nigmatique du carnaval de la vall\u00e9e du L\u00f6tchental en Suisse<\/h2>\n\n<h2 class=\"wp-block-heading\">Origines historiques et folklore<\/h2>\n\n<p class=\"wp-block-paragraph\">Les Tsch\u00e4gg\u00e4tt\u00e4, une tradition unique et \u00e9nigmatique qui se d\u00e9roule dans la vall\u00e9e du L\u00f6tchental en Suisse, captivent l\u2019imagination des habitants et des visiteurs depuis des si\u00e8cles. Les origines de ce fascinant costume restent envelopp\u00e9es de myst\u00e8re, plusieurs th\u00e9ories tentant d\u2019en expliquer la gen\u00e8se.<\/p>\n\n<p class=\"wp-block-paragraph\">Une l\u00e9gende populaire fait remonter les Tsch\u00e4gg\u00e4tt\u00e4 aux \u00ab\u202fSchurten Diebe\u202f\u00bb, un groupe de jeunes hommes qui rev\u00eataient des peaux d\u2019animaux et des masques en bois pour voler aux villageois de la vall\u00e9e. Une autre hypoth\u00e8se sugg\u00e8re que les Tsch\u00e4gg\u00e4tt\u00e4 sont n\u00e9s comme moyen pour les hommes c\u00e9libataires d\u2019interagir plus librement avec les femmes, malgr\u00e9 les contraintes de la soci\u00e9t\u00e9 catholique.<\/p>\n\n<h2 class=\"wp-block-heading\">L\u2019influence eccl\u00e9siastique<\/h2>\n\n<p class=\"wp-block-paragraph\">Certains \u00e9rudits pensent que les Tsch\u00e4gg\u00e4tt\u00e4 pourraient \u00eatre issus de la figure du diable dans le th\u00e9\u00e2tre baroque, qui a prosp\u00e9r\u00e9 aux XVIIe et XVIIIe si\u00e8cles. Cette th\u00e9orie concorde avec l\u2019apparence terrifiante des Tsch\u00e4gg\u00e4tt\u00e4 et l\u2019usage de masques pour dissimuler leur identit\u00e9.<\/p>\n\n<h2 class=\"wp-block-heading\">Le r\u00f4le des masques<\/h2>\n\n<p class=\"wp-block-paragraph\">Au c\u0153ur de la tradition des Tsch\u00e4gg\u00e4tt\u00e4 se trouvent les masques sculpt\u00e9s \u00e0 la main, devenus des symboles embl\u00e9matiques du festival. Au d\u00e9part fabriqu\u00e9s en bois brut, les masques ont \u00e9volu\u00e9 avec l\u2019introduction de la peinture et l\u2019incorporation d\u2019\u00e9l\u00e9ments artistiques. Aujourd\u2019hui, la fabrication de masques est un artisanat respect\u00e9, o\u00f9 des artisans talentueux exposent leur savoir\u2011faire et leur cr\u00e9ativit\u00e9.<\/p>\n\n<h2 class=\"wp-block-heading\">Manifestations modernes<\/h2>\n\n<p class=\"wp-block-paragraph\">Bien que la tradition des Tsch\u00e4gg\u00e4tt\u00e4 soit rest\u00e9e largement fid\u00e8le \u00e0 ses racines, des influences modernes se sont gliss\u00e9es. Certains masques arborent aujourd\u2019hui des r\u00e9f\u00e9rences \u00e0 la culture pop, comme Venom de Marvel ou Le Cri d\u2019Edvard Munch. Les Tsch\u00e4gg\u00e4tt\u00e4 participent \u00e9galement \u00e0 un grand d\u00e9fil\u00e9 avec chars et fanfares lors des festivit\u00e9s carnavalesques.<\/p>\n\n<h2 class=\"wp-block-heading\">Vivre l\u2019exp\u00e9rience Tsch\u00e4gg\u00e4tt\u00e4<\/h2>\n\n<p class=\"wp-block-paragraph\">Pour les visiteurs, les meilleures occasions d\u2019observer les Tsch\u00e4gg\u00e4tt\u00e4 en action sont le jeudi soir et le samedi apr\u00e8s\u2011midi, avant le Mercredi des Cendres. Le jeudi soir, les \u00ab\u202fb\u00eates\u2011citoyennes\u202f\u00bb parcourent les rues de Blatten et Ferden, tandis que le samedi, un concours de costumes met en avant les masques et fourrures les plus impressionnants.<\/p>\n\n<h2 class=\"wp-block-heading\">Impact culturel et signification<\/h2>\n\n<p class=\"wp-block-paragraph\">La tradition des Tsch\u00e4gg\u00e4tt\u00e4 est profond\u00e9ment ancr\u00e9e dans l\u2019identit\u00e9 culturelle de la vall\u00e9e du L\u00f6tchental. Elle offre une lentille unique pour explorer le folklore suisse, l\u2019artisanat et l\u2019interaction entre tradition et modernit\u00e9. Le festival attire \u00e9galement l\u2019attention internationale, les visiteurs affluant pour assister \u00e0 ce spectacle extraordinaire.<\/p>","protected":false},"excerpt":{"rendered":"<p>Tsch\u00e4gg\u00e4tt\u00e4\u202f: d\u00e9voiler la tradition \u00e9nigmatique du carnaval de la vall\u00e9e du L\u00f6tchental en Suisse Origines historiques et folklore Les Tsch\u00e4gg\u00e4tt\u00e4, une tradition unique et \u00e9nigmatique qui se d\u00e9roule dans la&hellip;<\/p>\n","protected":false},"author":2,"featured_media":25564,"comment_status":"closed","ping_status":"closed","sticky":false,"template":"","format":"standard","meta":{"footnotes":""},"categories":[3669],"tags":[3967,3969,89,3968,3966],"class_list":["post-1851","post","type-post","status-publish","format-standard","has-post-thumbnail","hentry","category-folk-art","tag-carnival","tag-mask-art","tag-cultural-heritage","tag-swiss-folklore","tag-tschaggatta"],"_links":{"self":[{"href":"https:\/\/www.lifescienceart.com\/fr\/wp-json\/wp\/v2\/posts\/1851","targetHints":{"allow":["GET"]}}],"collection":[{"href":"https:\/\/www.lifescienceart.com\/fr\/wp-json\/wp\/v2\/posts"}],"about":[{"href":"https:\/\/www.lifescienceart.com\/fr\/wp-json\/wp\/v2\/types\/post"}],"author":[{"embeddable":true,"href":"https:\/\/www.lifescienceart.com\/fr\/wp-json\/wp\/v2\/users\/2"}],"replies":[{"embeddable":true,"href":"https:\/\/www.lifescienceart.com\/fr\/wp-json\/wp\/v2\/comments?post=1851"}],"version-history":[{"count":2,"href":"https:\/\/www.lifescienceart.com\/fr\/wp-json\/wp\/v2\/posts\/1851\/revisions"}],"predecessor-version":[{"id":25565,"href":"https:\/\/www.lifescienceart.com\/fr\/wp-json\/wp\/v2\/posts\/1851\/revisions\/25565"}],"wp:featuredmedia":[{"embeddable":true,"href":"https:\/\/www.lifescienceart.com\/fr\/wp-json\/wp\/v2\/media\/25564"}],"wp:attachment":[{"href":"https:\/\/www.lifescienceart.com\/fr\/wp-json\/wp\/v2\/media?parent=1851"}],"wp:term":[{"taxonomy":"category","embeddable":true,"href":"https:\/\/www.lifescienceart.com\/fr\/wp-json\/wp\/v2\/categories?post=1851"},{"taxonomy":"post_tag","embeddable":true,"href":"https:\/\/www.lifescienceart.com\/fr\/wp-json\/wp\/v2\/tags?post=1851"}],"curies":[{"name":"wp","href":"https:\/\/api.w.org\/{rel}","templated":true}]}}