{"id":3570,"date":"2023-09-03T15:04:46","date_gmt":"2023-09-03T15:04:46","guid":{"rendered":"https:\/\/www.lifescienceart.com\/?p=3570"},"modified":"2023-09-03T15:04:46","modified_gmt":"2023-09-03T15:04:46","slug":"tintin-dark-roots-propaganda-collaboration-nazi-occupation","status":"publish","type":"post","link":"https:\/\/www.lifescienceart.com\/fr\/art\/comics\/tintin-dark-roots-propaganda-collaboration-nazi-occupation\/","title":{"rendered":"Tintin, un collabo ?"},"content":{"rendered":"<h2 class=\"wp-block-heading\">Les racines sombres de Tintin : propagande et collaboration sous l&#8217;occupation nazie<\/h2>\n\n<h2 class=\"wp-block-heading\">L&#8217;affiliation politique d&#8217;Herg\u00e9<\/h2>\n\n<p>Georges Prosper Remi, le cr\u00e9ateur de Tintin, \u00e9tait un catholique conservateur qui a publi\u00e9 ses premiers travaux dans Le Vingti\u00e8me Si\u00e8cle, un journal pro-autoritaire. Au fil des ann\u00e9es 1930, les opinions politiques d&#8217;Herg\u00e9 sont devenues plus extr\u00eames et il a ouvertement soutenu les id\u00e9ologies fascistes.<\/p>\n\n<h2 class=\"wp-block-heading\">Collaboration avec les nazis<\/h2>\n\n<p>Lorsque l&#8217;Allemagne nazie envahit la Belgique en 1940, de nombreux journaux ont ferm\u00e9 plut\u00f4t que de collaborer avec les occupants. Cependant, Herg\u00e9 a choisi de continuer \u00e0 publier Tintin dans Le Soir, un journal francophone qui a continu\u00e9 \u00e0 fonctionner sous contr\u00f4le nazi. Cette d\u00e9cision a \u00e9t\u00e9 largement critiqu\u00e9e comme une collaboration avec l&#8217;ennemi.<\/p>\n\n<h2 class=\"wp-block-heading\">Antis\u00e9mitisme dans Tintin<\/h2>\n\n<p>Pendant l&#8217;occupation nazie, Herg\u00e9 a publi\u00e9 plusieurs histoires de Tintin contenant des images et des th\u00e8mes antis\u00e9mites. Dans une histoire intitul\u00e9e &#8220;L&#8217;\u00c9toile myst\u00e9rieuse&#8221;, le m\u00e9chant \u00e9tait un avare financier juif am\u00e9ricain au nez crochu nomm\u00e9 Blumenstein. Herg\u00e9 s&#8217;est ensuite excus\u00e9 pour ces repr\u00e9sentations, affirmant qu&#8217;elles \u00e9taient &#8220;le style de l&#8217;\u00e9poque&#8221;.<\/p>\n\n<h2 class=\"wp-block-heading\">Caricatures racistes<\/h2>\n\n<p>Outre les images antis\u00e9mites, les histoires de Tintin d&#8217;Herg\u00e9 comportaient \u00e9galement des caricatures racistes d&#8217;autres groupes, tels que les Africains et les Asiatiques. Ces caricatures n&#8217;avaient aucun but dans les histoires et \u00e9taient clairement destin\u00e9es \u00e0 plaire aux ma\u00eetres nazis d&#8217;Herg\u00e9.<\/p>\n\n<h2 class=\"wp-block-heading\">R\u00e9visionnisme d&#8217;apr\u00e8s-guerre<\/h2>\n\n<p>Apr\u00e8s la guerre, Herg\u00e9 a r\u00e9vis\u00e9 nombre de ses premi\u00e8res histoires pour supprimer ou att\u00e9nuer le contenu offensant. Cependant, le souvenir de ces histoires est rest\u00e9, et la r\u00e9putation d&#8217;Herg\u00e9 a \u00e9t\u00e9 ternie par sa collaboration avec les nazis.<\/p>\n\n<h2 class=\"wp-block-heading\">Les implications \u00e9thiques<\/h2>\n\n<p>La d\u00e9cision d&#8217;Herg\u00e9 de publier dans un journal collaborationniste soul\u00e8ve d&#8217;importantes questions \u00e9thiques sur le r\u00f4le des artistes en temps de guerre et d&#8217;oppression. Certains soutiennent que les artistes ont la responsabilit\u00e9 de r\u00e9sister \u00e0 la propagande et \u00e0 la censure, tandis que d&#8217;autres estiment qu&#8217;ils devraient \u00eatre libres d&#8217;exprimer leurs propres opinions, m\u00eame si ces opinions sont impopulaires ou offensantes.<\/p>\n\n<h2 class=\"wp-block-heading\">L&#8217;impact sur l&#8217;h\u00e9ritage de Tintin<\/h2>\n\n<p>Malgr\u00e9 la controverse entourant les activit\u00e9s d&#8217;Herg\u00e9 pendant la guerre, Tintin est rest\u00e9 un personnage populaire et appr\u00e9ci\u00e9. Cependant, les r\u00e9v\u00e9lations sur la collaboration d&#8217;Herg\u00e9 avec les nazis ont jet\u00e9 une ombre sur son h\u00e9ritage, et son travail est d\u00e9sormais souvent consid\u00e9r\u00e9 d&#8217;un \u0153il critique.<\/p>\n\n<h2 class=\"wp-block-heading\">La complexit\u00e9 de la censure et de la propagande<\/h2>\n\n<p>Le cas d&#8217;Herg\u00e9 et Tintin souligne la complexit\u00e9 de la censure et de la propagande. S&#8217;il est important de prot\u00e9ger la libert\u00e9 d&#8217;expression, il est \u00e9galement important d&#8217;\u00eatre conscient du potentiel des artistes \u00e0 \u00eatre utilis\u00e9s comme outils de propagande. Le public doit rester vigilant dans l&#8217;examen des m\u00e9dias qu&#8217;il consomme et dans la responsabilisation des artistes pour leurs actes.<\/p>\n\n<h2 class=\"wp-block-heading\">L&#8217;influence du fascisme sur la culture europ\u00e9enne<\/h2>\n\n<p>La collaboration d&#8217;Herg\u00e9 avec les nazis rappelle la puissante influence que le fascisme a eue sur la culture europ\u00e9enne dans les ann\u00e9es 1930 et 1940. Le fascisme a s\u00e9duit de nombreuses personnes d\u00e9sillusionn\u00e9es par la d\u00e9mocratie et en qu\u00eate d&#8217;un sentiment d&#8217;identit\u00e9 et de but nationaux. Il est important de comprendre les facteurs qui ont conduit \u00e0 la mont\u00e9e du fascisme afin d&#8217;\u00e9viter que cela ne se reproduise.<\/p>","protected":false},"excerpt":{"rendered":"<p>Les racines sombres de Tintin : propagande et collaboration sous l&#8217;occupation nazie L&#8217;affiliation politique d&#8217;Herg\u00e9 Georges Prosper Remi, le cr\u00e9ateur de Tintin, \u00e9tait un catholique conservateur qui a publi\u00e9 ses&hellip;<\/p>\n","protected":false},"author":2,"featured_media":0,"comment_status":"closed","ping_status":"closed","sticky":false,"template":"","format":"standard","meta":{"footnotes":""},"categories":[4178],"tags":[1841,11,6759,1280,4177,1638,902,4175],"class_list":["post-3570","post","type-post","status-publish","format-standard","hentry","category-comics","tag-anti-semitism","tag-censorship","tag-collaboration","tag-ethics","tag-herge","tag-nazi-propaganda","tag-racism","tag-tintin"],"_links":{"self":[{"href":"https:\/\/www.lifescienceart.com\/fr\/wp-json\/wp\/v2\/posts\/3570","targetHints":{"allow":["GET"]}}],"collection":[{"href":"https:\/\/www.lifescienceart.com\/fr\/wp-json\/wp\/v2\/posts"}],"about":[{"href":"https:\/\/www.lifescienceart.com\/fr\/wp-json\/wp\/v2\/types\/post"}],"author":[{"embeddable":true,"href":"https:\/\/www.lifescienceart.com\/fr\/wp-json\/wp\/v2\/users\/2"}],"replies":[{"embeddable":true,"href":"https:\/\/www.lifescienceart.com\/fr\/wp-json\/wp\/v2\/comments?post=3570"}],"version-history":[{"count":1,"href":"https:\/\/www.lifescienceart.com\/fr\/wp-json\/wp\/v2\/posts\/3570\/revisions"}],"predecessor-version":[{"id":3571,"href":"https:\/\/www.lifescienceart.com\/fr\/wp-json\/wp\/v2\/posts\/3570\/revisions\/3571"}],"wp:attachment":[{"href":"https:\/\/www.lifescienceart.com\/fr\/wp-json\/wp\/v2\/media?parent=3570"}],"wp:term":[{"taxonomy":"category","embeddable":true,"href":"https:\/\/www.lifescienceart.com\/fr\/wp-json\/wp\/v2\/categories?post=3570"},{"taxonomy":"post_tag","embeddable":true,"href":"https:\/\/www.lifescienceart.com\/fr\/wp-json\/wp\/v2\/tags?post=3570"}],"curies":[{"name":"wp","href":"https:\/\/api.w.org\/{rel}","templated":true}]}}