{"id":10020,"date":"2023-08-09T09:22:09","date_gmt":"2023-08-09T09:22:09","guid":{"rendered":"https:\/\/www.lifescienceart.com\/?p=10020"},"modified":"2023-08-09T09:22:09","modified_gmt":"2023-08-09T09:22:09","slug":"companion-planting-for-okra-a-guide-to-beneficial-and-detrimental-plants","status":"publish","type":"post","link":"https:\/\/www.lifescienceart.com\/hu\/life\/gardening\/companion-planting-for-okra-a-guide-to-beneficial-and-detrimental-plants\/","title":{"rendered":"K\u00eds\u00e9r\u0151 n\u00f6v\u00e9nyek az okra sz\u00e1m\u00e1ra: \u00datmutat\u00f3 a hasznos \u00e9s k\u00e1ros n\u00f6v\u00e9nyekhez"},"content":{"rendered":"<h2 class=\"wp-block-heading\">K\u00eds\u00e9r\u0151 n\u00f6v\u00e9nyek az okra sz\u00e1m\u00e1ra: \u00datmutat\u00f3 a hasznos \u00e9s k\u00e1ros n\u00f6v\u00e9nyekhez<\/h2>\n\n<h3 class=\"wp-block-heading\">J\u00f3 k\u00eds\u00e9r\u0151 n\u00f6v\u00e9nyek az okr\u00e1hoz<\/h3>\n\n<p>Az okra, egy z\u00f6lds\u00e9g, amely egyedi text\u00far\u00e1j\u00e1r\u00f3l \u00e9s sokoldal\u00fa felhaszn\u00e1lhat\u00f3s\u00e1g\u00e1r\u00f3l ismert, bizonyos k\u00eds\u00e9r\u0151 n\u00f6v\u00e9nyek t\u00e1rsas\u00e1g\u00e1ban fejl\u0151dik a legjobban. Ezek a hasznos szomsz\u00e9dok fokozhatj\u00e1k az okra n\u00f6veked\u00e9s\u00e9t, megv\u00e9dhetik a k\u00e1rtev\u0151kt\u0151l \u00e9s betegs\u00e9gekt\u0151l, s\u0151t m\u00e9g a kert \u00e1ltal\u00e1nos eg\u00e9szs\u00e9g\u00e9t is jav\u00edthatj\u00e1k.<\/p>\n\n<h2 class=\"wp-block-heading\">Uborka \u00e9s dinnye:<\/h2>\n\n<p>Ezek a v\u00edzkedvel\u0151 n\u00f6v\u00e9nyek megosztj\u00e1k az okra b\u0151s\u00e9ges nedvess\u00e9g \u00e9s j\u00f3l \u0434\u0440\u0435\u043d\u0438\u0440\u043e\u0432\u0430\u043d\u043d\u0430\u044f talaj ir\u00e1nti ig\u00e9ny\u00e9t. \u00dcltess\u00fcnk ubork\u00e1t az okra mell\u00e9, de ker\u00fclj\u00fck a zs\u00fafolts\u00e1got, mivel ind\u00e1iknak sok napf\u00e9nyre van sz\u00fcks\u00e9g\u00fck az \u00e9r\u00e9shez. A dinnye szint\u00e9n \u00fcltethet\u0151 az okra k\u00eds\u00e9r\u0151jek\u00e9nt, de helyezz\u00fck \u0151ket strat\u00e9giailag, hogy reggel vagy d\u00e9lut\u00e1n kapj\u00e1k a napot, mik\u00f6zben elegend\u0151 helyet biztos\u00edtunk ind\u00e1ik terjed\u00e9s\u00e9hez.<\/p>\n\n<h2 class=\"wp-block-heading\">Paprika:<\/h2>\n\n<p>A paprika n\u00f6v\u00e9nyek term\u00e9szetes k\u00e1rtev\u0151riaszt\u00f3k\u00e9nt hatnak, k\u00fcl\u00f6n\u00f6sen a k\u00e1posztaf\u00e9l\u00e9k herny\u00f3i ellen, amelyek puszt\u00edt\u00e1st v\u00e9gezhetnek az okra n\u00f6v\u00e9nyeken. Ezenk\u00edv\u00fcl a paprika n\u00e9mi \u00e1rny\u00e9kot biztos\u00edthat az okr\u00e1nak a forr\u00f3 ny\u00e1ri napokon.<\/p>\n\n<h2 class=\"wp-block-heading\">Bazsalikom:<\/h2>\n\n<p>A bazsalikom er\u0151s illata sz\u00e1mos k\u00e1rtev\u0151t tasz\u00edt, amelyek az okr\u00e1t c\u00e9lozz\u00e1k, bele\u00e9rtve a bolh\u00e1kat, a b\u0171zbogarakat, a tak\u00e1csatk\u00e1kat, a lev\u00e9ltetveket \u00e9s a feh\u00e9rlegyeket. Az okra magas n\u00f6v\u00e9nyei szint\u00e9n biztos\u00edthatnak n\u00e9mi \u00e1rny\u00e9kot ennek az \u00e9rz\u00e9keny f\u0171szernek az er\u0151s h\u0151 hat\u00e1s\u00e1ra.<\/p>\n\n<h2 class=\"wp-block-heading\">Egyny\u00e1ri vir\u00e1gok:<\/h2>\n\n<p>A k\u00e9s\u0151 ny\u00e1ron vir\u00e1gz\u00f3 n\u00f6v\u00e9nyek, mint a kozmosz, a ciner\u00e1ria \u00e9s a k\u00f6r\u00f6mvir\u00e1g, olyan beporz\u00f3kat vonzanak, amelyek az okra vir\u00e1gait is l\u00e1togatj\u00e1k, fokozva a gy\u00fcm\u00f6lcstermel\u00e9st. Ezek a vir\u00e1gos t\u00e1rsak sz\u00e9ps\u00e9get \u00e9s v\u00e1ltozatoss\u00e1got is adhatnak a kertnek.<\/p>\n\n<h3 class=\"wp-block-heading\">Rossz k\u00eds\u00e9r\u0151k az okr\u00e1hoz<\/h3>\n\n<p>B\u00e1r az okra \u00e1ltal\u00e1ban elviseli a legt\u00f6bb k\u00eds\u00e9r\u0151 n\u00f6v\u00e9nyt, n\u00e9h\u00e1ny kiv\u00e9telt figyelembe kell venni:<\/p>\n\n<h2 class=\"wp-block-heading\">Nemat\u00f3d\u00e1k:<\/h2>\n\n<p>Ezek a par\u00e1nyi l\u00e9nyek az okra n\u00f6v\u00e9nyek fiatal gy\u00f6kereivel t\u00e1pl\u00e1lkoznak, ami k\u00e1ros\u00edthatja n\u00f6veked\u00e9s\u00fcket. Ker\u00fclj\u00fck az okra \u00fcltet\u00e9s\u00e9t olyan talajba, amelyet nemr\u00e9giben sz\u0151l\u0151n\u00f6v\u00e9nyek, p\u00e9ld\u00e1ul \u00e9desburgonya vagy t\u00f6k termeszt\u00e9s\u00e9re haszn\u00e1ltak, mivel ezek a n\u00f6v\u00e9nyek n\u00f6velhetik a fon\u00e1lf\u00e9rgek popul\u00e1ci\u00f3j\u00e1t.<\/p>\n\n<h3 class=\"wp-block-heading\">Okra k\u00eds\u00e9r\u0151 n\u00f6v\u00e9nyk\u00e9nt<\/h3>\n\n<h2 class=\"wp-block-heading\">Sz\u00e9lv\u00e9d\u0151:<\/h2>\n\n<p>Az okra er\u0151s sz\u00e1ra hat\u00e9kony sz\u00e9lv\u00e9d\u0151v\u00e9 teszi az \u00e9rz\u00e9kenyebb n\u00f6v\u00e9nyek, p\u00e9ld\u00e1ul a paprika sz\u00e1m\u00e1ra.<\/p>\n\n<h2 class=\"wp-block-heading\">\u00c1rny\u00e9kol\u00f3:<\/h2>\n\n<p>Az okra magas, leveles n\u00f6v\u00e9nyei \u00e1rny\u00e9kot biztos\u00edthatnak a sek\u00e9ly gy\u00f6ker\u0171 n\u00f6v\u00e9nyek, p\u00e9ld\u00e1ul a sal\u00e1ta sz\u00e1m\u00e1ra, megv\u00e9dve \u0151ket a t\u0171z\u0151 napt\u00f3l \u00e9s cs\u00f6kkentve a v\u00edzvesztes\u00e9get.<\/p>\n\n<h2 class=\"wp-block-heading\">K\u00eds\u00e9r\u0151 a korai hideg id\u0151j\u00e1r\u00e1si k\u00f6r\u00fclm\u00e9nyek k\u00f6z\u00f6tt:<\/h2>\n\n<p>Korai hideg id\u0151j\u00e1r\u00e1si k\u00f6r\u00fclm\u00e9nyek k\u00f6z\u00f6tt termesztett n\u00f6v\u00e9nyek, p\u00e9ld\u00e1ul a bors\u00f3, \u00fcltethet\u0151k az okra mell\u00e9. A bors\u00f3 az okra n\u00f6v\u00e9nyek teljes m\u00e9ret\u0171v\u00e9 v\u00e1l\u00e1sa el\u0151tt k\u00e9szen \u00e1ll a betakar\u00edt\u00e1sra, ami megakad\u00e1lyozza a zs\u00fafolts\u00e1got. A bors\u00f3n\u00f6v\u00e9nyeket a betakar\u00edt\u00e1s ut\u00e1n t\u00e1vol\u00edtsuk el, hogy helyet biztos\u00edtsunk az okra n\u00f6veked\u00e9s\u00e9hez.<\/p>\n\n<h2 class=\"wp-block-heading\">Tippek az okra k\u00eds\u00e9r\u0151 n\u00f6v\u00e9nyekkel t\u00f6rt\u00e9n\u0151 \u00fcltet\u00e9s\u00e9hez<\/h2>\n\n<ul class=\"wp-block-list\">\n<li>V\u00e1lasszunk olyan k\u00eds\u00e9r\u0151 n\u00f6v\u00e9nyeket, amelyeknek hasonl\u00f3 a v\u00edz- \u00e9s t\u00e1panyagig\u00e9nye.<\/li>\n<li>Ker\u00fclj\u00fck a t\u00fal s\u0171r\u0171 \u00fcltet\u00e9st, hogy elker\u00fclj\u00fck az er\u0151forr\u00e1sok\u00e9rt val\u00f3 verseng\u00e9st.<\/li>\n<li>Vegy\u00fck figyelembe a k\u00eds\u00e9r\u0151 n\u00f6v\u00e9nyek magass\u00e1g\u00e1t \u00e9s terjed\u00e9s\u00e9t, hogy biztos\u00edtsuk, hogy ne \u00e1rny\u00e9kolj\u00e1k vagy zs\u00fafolj\u00e1k az okr\u00e1t.<\/li>\n<li>V\u00e9gezz\u00fcnk rendszeres n\u00f6v\u00e9nyvizsg\u00e1latokat a k\u00e1rtev\u0151k \u00e9s betegs\u00e9gek jeleinek \u00e9szlel\u00e9s\u00e9re, \u00e9s tegy\u00fck meg a megfelel\u0151 int\u00e9zked\u00e9seket.<\/li>\n<\/ul>\n\n<p>A k\u00eds\u00e9r\u0151 n\u00f6v\u00e9nyek gondos kiv\u00e1laszt\u00e1s\u00e1val \u00e9s \u00fcltet\u00e9s\u00e9vel a kert\u00e9szek egy vir\u00e1gz\u00f3 \u00e9s kiegyens\u00falyozott kerti \u00f6kosziszt\u00e9m\u00e1t hozhatnak l\u00e9tre, amely t\u00e1mogatja az okra n\u00f6veked\u00e9s\u00e9t \u00e9s termel\u00e9kenys\u00e9g\u00e9t, mik\u00f6zben minimaliz\u00e1lja a k\u00e9miai beavatkoz\u00e1sok sz\u00fcks\u00e9gess\u00e9g\u00e9t.<\/p>","protected":false},"excerpt":{"rendered":"<p>K\u00eds\u00e9r\u0151 n\u00f6v\u00e9nyek az okra sz\u00e1m\u00e1ra: \u00datmutat\u00f3 a hasznos \u00e9s k\u00e1ros n\u00f6v\u00e9nyekhez J\u00f3 k\u00eds\u00e9r\u0151 n\u00f6v\u00e9nyek az okr\u00e1hoz Az okra, egy z\u00f6lds\u00e9g, amely egyedi text\u00far\u00e1j\u00e1r\u00f3l \u00e9s sokoldal\u00fa felhaszn\u00e1lhat\u00f3s\u00e1g\u00e1r\u00f3l ismert, bizonyos k\u00eds\u00e9r\u0151 n\u00f6v\u00e9nyek&hellip;<\/p>\n","protected":false},"author":5,"featured_media":0,"comment_status":"closed","ping_status":"","sticky":false,"template":"","format":"standard","meta":{"footnotes":""},"categories":[8813],"tags":[10058,14218,1755,14162,6929,12689,9449],"class_list":["post-10020","post","type-post","status-publish","format-standard","hentry","category-gardening","tag-sustainable-gardening","tag-beneficial-plants","tag-pest-control","tag-gardening-techniques","tag-crop-protection","tag-okra","tag-companion-planting"],"_links":{"self":[{"href":"https:\/\/www.lifescienceart.com\/hu\/wp-json\/wp\/v2\/posts\/10020","targetHints":{"allow":["GET"]}}],"collection":[{"href":"https:\/\/www.lifescienceart.com\/hu\/wp-json\/wp\/v2\/posts"}],"about":[{"href":"https:\/\/www.lifescienceart.com\/hu\/wp-json\/wp\/v2\/types\/post"}],"author":[{"embeddable":true,"href":"https:\/\/www.lifescienceart.com\/hu\/wp-json\/wp\/v2\/users\/5"}],"replies":[{"embeddable":true,"href":"https:\/\/www.lifescienceart.com\/hu\/wp-json\/wp\/v2\/comments?post=10020"}],"version-history":[{"count":1,"href":"https:\/\/www.lifescienceart.com\/hu\/wp-json\/wp\/v2\/posts\/10020\/revisions"}],"predecessor-version":[{"id":10021,"href":"https:\/\/www.lifescienceart.com\/hu\/wp-json\/wp\/v2\/posts\/10020\/revisions\/10021"}],"wp:attachment":[{"href":"https:\/\/www.lifescienceart.com\/hu\/wp-json\/wp\/v2\/media?parent=10020"}],"wp:term":[{"taxonomy":"category","embeddable":true,"href":"https:\/\/www.lifescienceart.com\/hu\/wp-json\/wp\/v2\/categories?post=10020"},{"taxonomy":"post_tag","embeddable":true,"href":"https:\/\/www.lifescienceart.com\/hu\/wp-json\/wp\/v2\/tags?post=10020"}],"curies":[{"name":"wp","href":"https:\/\/api.w.org\/{rel}","templated":true}]}}