{"id":10064,"date":"2022-02-07T16:21:40","date_gmt":"2022-02-07T16:21:40","guid":{"rendered":"https:\/\/www.lifescienceart.com\/?p=10064"},"modified":"2022-02-07T16:21:40","modified_gmt":"2022-02-07T16:21:40","slug":"comprehensive-guide-closet-lighting","status":"publish","type":"post","link":"https:\/\/www.lifescienceart.com\/hu\/life\/home-and-living\/comprehensive-guide-closet-lighting\/","title":{"rendered":"Szekr\u00e9nyvil\u00e1g\u00edt\u00e1s: \u00c1tfog\u00f3 \u00fatmutat\u00f3"},"content":{"rendered":"<h2 class=\"wp-block-heading\">Szekr\u00e9nyvil\u00e1g\u00edt\u00e1s: \u00c1tfog\u00f3 \u00fatmutat\u00f3<\/h2>\n\n<h2 class=\"wp-block-heading\">A megfelel\u0151 szekr\u00e9nyvil\u00e1g\u00edt\u00e1s kiv\u00e1laszt\u00e1sa<\/h2>\n\n<p>A szekr\u00e9nyvil\u00e1g\u00edt\u00e1s d\u00f6nt\u0151 szerepet j\u00e1tszik a t\u00e1rol\u00f3hely megvil\u00e1g\u00edt\u00e1s\u00e1ban, megk\u00f6nny\u00edtve a sz\u00fcks\u00e9ges dolgok megtal\u00e1l\u00e1s\u00e1t \u00e9s jav\u00edtva a szekr\u00e9ny \u00e1ltal\u00e1nos haszn\u00e1lhat\u00f3s\u00e1g\u00e1t. A szekr\u00e9nyvil\u00e1g\u00edt\u00e1s kiv\u00e1laszt\u00e1sakor vegye figyelembe a k\u00f6vetkez\u0151 t\u00e9nyez\u0151ket:<\/p>\n\n<h3 class=\"wp-block-heading\">Energiaforr\u00e1s<\/h3>\n\n<p>A szekr\u00e9nyl\u00e1mp\u00e1k \u00e1ramr\u00f3l vagy elemr\u0151l is m\u0171k\u00f6dhetnek. A vezet\u00e9kes l\u00e1mp\u00e1k szakszer\u0171 telep\u00edt\u00e9st ig\u00e9nyelnek, \u00e9s tov\u00e1bbi k\u00f6lts\u00e9geket vonhatnak maguk ut\u00e1n a k\u00e1belez\u00e9s\u00e9rt \u00e9s az eloszt\u00f3dobozok\u00e9rt. Az elemes l\u00e1mp\u00e1k nagyobb rugalmass\u00e1got biztos\u00edtanak, \u00e9s k\u00f6nnyebben telep\u00edthet\u0151k, de sz\u00fcks\u00e9g lehet az elemek gyakori cser\u00e9j\u00e9re.<\/p>\n\n<h3 class=\"wp-block-heading\">K\u00f6nny\u0171 haszn\u00e1lat<\/h3>\n\n<p>A mozg\u00e1s\u00e9rz\u00e9kel\u0151k, t\u00e1vir\u00e1ny\u00edt\u00f3k \u00e9s nyom\u00f3gombok k\u00e9nyelmes m\u00f3dot biztos\u00edtanak a szekr\u00e9nyvil\u00e1g\u00edt\u00e1s vez\u00e9rl\u00e9s\u00e9re. A mozg\u00e1s\u00e9rz\u00e9kel\u0151k automatikusan be- \u00e9s kikapcsolnak, amikor mozg\u00e1st \u00e9szlelnek, m\u00edg a t\u00e1vir\u00e1ny\u00edt\u00f3k \u00e9s a nyom\u00f3gombok lehet\u0151v\u00e9 teszik a k\u00e9zi vez\u00e9rl\u00e9st. Az intelligens l\u00e1mp\u00e1k integr\u00e1lhat\u00f3k az otthonautomatiz\u00e1l\u00e1si rendszerekbe az \u00e9rint\u00e9s n\u00e9lk\u00fcli m\u0171k\u00f6d\u00e9s \u00e9rdek\u00e9ben.<\/p>\n\n<h3 class=\"wp-block-heading\">Vil\u00e1g\u00edt\u00e1s t\u00edpusa<\/h3>\n\n<ul class=\"wp-block-list\">\n<li><strong>Mozg\u00e1s\u00e9rz\u00e9kel\u0151s l\u00e1mp\u00e1k:<\/strong> Automatikusan aktiv\u00e1l\u00f3dnak, amikor mozg\u00e1st \u00e9szlelnek, csak akkor biztos\u00edtva vil\u00e1g\u00edt\u00e1st, amikor sz\u00fcks\u00e9ges.<\/li>\n<li><strong>S\u00ednes vil\u00e1g\u00edt\u00e1s:<\/strong> \u00c1ll\u00edthat\u00f3 l\u00e1mp\u00e1k, amelyeket\u7279\u5b9a\u306e ter\u00fcletekre lehet ir\u00e1ny\u00edtani, ide\u00e1lisak nagy szekr\u00e9nyekhez vagy\u7279\u5b9a\u306e t\u00e1rgyak kiemel\u00e9s\u00e9hez.<\/li>\n<li><strong>Szalagvil\u00e1g\u00edt\u00e1s:<\/strong> Diff\u00faz f\u00e9nyt hoz l\u00e9tre, \u00e9s testreszabhat\u00f3 sz\u00ednnel \u00e9s mint\u00e1val, fokozva a szekr\u00e9ny hangulat\u00e1t.<\/li>\n<li><strong>S\u00fcllyesztett vil\u00e1g\u00edt\u00e1s:<\/strong> A mennyezettel egy s\u00edkban van felszerelve, k\u00f6rnyezeti vil\u00e1g\u00edt\u00e1st biztos\u00edtva an\u00e9lk\u00fcl, hogy helyet foglalna.<\/li>\n<li><strong>G\u00f6mb alak\u00fa vil\u00e1g\u00edt\u00e1s:<\/strong>Hagyom\u00e1nyos szerelv\u00e9nyek, amelyek sz\u00f3rt f\u00e9nyt bocs\u00e1tanak ki, \u00e9s k\u00fcl\u00f6nf\u00e9le st\u00edlusokban kaphat\u00f3k.<\/li>\n<\/ul>\n\n<h3 class=\"wp-block-heading\">Szekr\u00e9ny m\u00e9rete<\/h3>\n\n<p>A nagyobb szekr\u00e9nyekhez t\u00f6bb l\u00e1mp\u00e1ra vagy nagyobb f\u00e9nyerej\u0171 szerelv\u00e9nyekre lehet sz\u00fcks\u00e9g. A f\u00e9nyer\u0151t lumenben m\u00e9rik; a magasabb lumen\u00e9rt\u00e9k nagyobb f\u00e9nykibocs\u00e1t\u00e1st jelez. Az ir\u00e1ny\u00edtott vil\u00e1g\u00edt\u00e1s, p\u00e9ld\u00e1ul a s\u00ednes vil\u00e1g\u00edt\u00e1s, \u00e1ll\u00edthat\u00f3 megvil\u00e1g\u00edt\u00e1st tesz lehet\u0151v\u00e9, m\u00edg a szalagvil\u00e1g\u00edt\u00e1s c\u00e9lzott z\u00f3n\u00e1kat hozhat l\u00e9tre a szekr\u00e9nyen bel\u00fcl.<\/p>\n\n<h3 class=\"wp-block-heading\">F\u00e9nyer\u0151<\/h3>\n\n<p>A szekr\u00e9nyhez megfelel\u0151 f\u00e9nyer\u0151 az \u00d6n ig\u00e9nyeit\u0151l f\u00fcgg. Ha olyan tev\u00e9kenys\u00e9geket v\u00e9gez, mint a sminkel\u00e9s vagy a rendszerez\u00e9s, akkor a f\u00e9nyesebb l\u00e1mp\u00e1k aj\u00e1nlottak. Alapvet\u0151 l\u00e1that\u00f3s\u00e1ghoz elegend\u0151ek lehetnek a kisebb f\u00e9nyerej\u0171 l\u00e1mp\u00e1k. Vegye figyelembe az izz\u00f3k sz\u00ednh\u0151m\u00e9rs\u00e9klet\u00e9t, a meleg feh\u00e9r hangulatos l\u00e9gk\u00f6rt biztos\u00edt, m\u00edg a hideg feh\u00e9r vagy a h\u0171v\u00f6s feh\u00e9r nagyobb tisztas\u00e1got ny\u00fajt.<\/p>\n\n<h2 class=\"wp-block-heading\">A legjobb szekr\u00e9nyvil\u00e1g\u00edt\u00e1si lehet\u0151s\u00e9gek<\/h2>\n\n<h3 class=\"wp-block-heading\">Lithonia Lighting LED mozg\u00e1s\u00e9rz\u00e9kel\u0151s s\u00fcllyesztett l\u00e1mpa<\/h3>\n\n<ul class=\"wp-block-list\">\n<li>T\u00f6bbf\u00e9le m\u00e9retben<\/li>\n<li>Mozg\u00e1s\u00e9rz\u00e9kel\u0151 az automatikus vil\u00e1g\u00edt\u00e1shoz<\/li>\n<li>Energiatakar\u00e9kos LED-technol\u00f3gia<\/li>\n<\/ul>\n\n<h3 class=\"wp-block-heading\">Brilliant Evolution vezet\u00e9k n\u00e9lk\u00fcli LED korongl\u00e1mp\u00e1k<\/h3>\n\n<ul class=\"wp-block-list\">\n<li>Megfizethet\u0151 \u00e9s testreszabhat\u00f3<\/li>\n<li>Elemes a k\u00f6nny\u0171 telep\u00edt\u00e9s \u00e9rdek\u00e9ben<\/li>\n<li>T\u00e1vir\u00e1ny\u00edt\u00f3 a k\u00e9nyelmes m\u0171k\u00f6d\u00e9shez<\/li>\n<\/ul>\n\n<h3 class=\"wp-block-heading\">Youtob mozg\u00e1s\u00e9rz\u00e9kel\u0151s LED mennyezeti l\u00e1mpa<\/h3>\n\n<ul class=\"wp-block-list\">\n<li>Karcs\u00fa \u00e9s \u00e1ll\u00edthat\u00f3 kialak\u00edt\u00e1s<\/li>\n<li>Mozg\u00e1s\u00e9rz\u00e9kel\u0151 az \u00e9rint\u00e9s n\u00e9lk\u00fcli m\u0171k\u00f6d\u00e9shez<\/li>\n<li>T\u00f6bb l\u00e1mpa kombin\u00e1lhat\u00f3 az egyedi vil\u00e1g\u00edt\u00e1shoz<\/li>\n<\/ul>\n\n<h3 class=\"wp-block-heading\">Globe Electric fekete S alak\u00fa s\u00ednes vil\u00e1g\u00edt\u00e1s<\/h3>\n\n<ul class=\"wp-block-list\">\n<li>\u00c1ll\u00edthat\u00f3 l\u00e1mp\u00e1k az ir\u00e1ny\u00edtott megvil\u00e1g\u00edt\u00e1shoz<\/li>\n<li>T\u00f6bbf\u00e9le kivitelben, hogy illeszkedjen a szekr\u00e9ny dekor\u00e1ci\u00f3j\u00e1hoz<\/li>\n<li>Dimmelhet\u0151 az egyedi f\u00e9nyer\u0151ss\u00e9g \u00e9rdek\u00e9ben<\/li>\n<\/ul>\n\n<h3 class=\"wp-block-heading\">Mr. Beams mozg\u00e1s\u00e9rz\u00e9kel\u0151s LED mennyezeti l\u00e1mpa<\/h3>\n\n<ul class=\"wp-block-list\">\n<li>Nagy hat\u00f3t\u00e1vols\u00e1g\u00fa mozg\u00e1s\u00e9rz\u00e9kel\u0151 az automatikus aktiv\u00e1l\u00e1shoz<\/li>\n<li>Energiatakar\u00e9kos LED-izz\u00f3 hossz\u00fa \u00e9lettartam<\/li>\n<li>Kompakt m\u00e9ret a diszkr\u00e9t elhelyez\u00e9s \u00e9rdek\u00e9ben<\/li>\n<\/ul>\n\n<h3 class=\"wp-block-heading\">Willa Arlo Interiors Wilmes 4 l\u00e1mp\u00e1s dimmelhet\u0151 csill\u00e1r<\/h3>\n\n<ul class=\"wp-block-list\">\n<li>Egyedi \u00e9s eleg\u00e1ns kialak\u00edt\u00e1s<\/li>\n<li>Dimmelhet\u0151 l\u00e1mp\u00e1k az \u00e1ll\u00edthat\u00f3 f\u00e9nyer\u0151ss\u00e9g \u00e9rdek\u00e9ben<\/li>\n<li>Egy kis kifinomults\u00e1got ad a gardr\u00f3bszob\u00e1knak<\/li>\n<\/ul>\n\n<h3 class=\"wp-block-heading\">Honwell mozg\u00e1s\u00e9rz\u00e9kel\u0151s vezet\u00e9k n\u00e9lk\u00fcli l\u00e1mpa<\/h3>\n\n<ul class=\"wp-block-list\">\n<li>\u00c1ll\u00edthat\u00f3 l\u00e1mpapoz\u00edci\u00f3 a c\u00e9lzott megvil\u00e1g\u00edt\u00e1shoz<\/li>\n<li>Elemes a sokoldal\u00fa elhelyez\u00e9s \u00e9rdek\u00e9ben<\/li>\n<li>Tart\u00f3s kialak\u00edt\u00e1s zord k\u00f6rnyezetekhez<\/li>\n<\/ul>\n\n<h3 class=\"wp-block-heading\">Lightbiz LED szekr\u00e9nyl\u00e1mpa<\/h3>\n\n<ul class=\"wp-block-list\">\n<li>Elemes \u00e9s \u00fajrat\u00f6lthet\u0151<\/li>\n<li>Testreszabhat\u00f3 telep\u00edt\u00e9si lehet\u0151s\u00e9gek<\/li>\n<li>Mozg\u00e1s\u00e9rz\u00e9kel\u0151 az automatikus m\u0171k\u00f6d\u00e9shez<\/li>\n<\/ul>\n\n<h3 class=\"wp-block-heading\">Dalattin Smart WiFi LED szalagl\u00e1mp\u00e1k<\/h3>\n\n<ul class=\"wp-block-list\">\n<li>Sokoldal\u00fa \u00e9s testreszabhat\u00f3 szalagvil\u00e1g\u00edt\u00e1s<\/li>\n<li>Intelligens otthon kompatibilit\u00e1s az \u00e9rint\u00e9s n\u00e9lk\u00fcli vez\u00e9rl\u00e9shez<\/li>\n<li>T\u00f6bbf\u00e9le sz\u00edn- \u00e9s mintaopci\u00f3<\/li>\n<\/ul>\n\n<h3 class=\"wp-block-heading\">Hampton Bay 12 h\u00fcvelykes kerek LED mennyezeti l\u00e1mpa<\/h3>\n\n<ul class=\"wp-block-list\">\n<li>Energiatakar\u00e9kos LED-technol\u00f3gia<\/li>\n<li>F\u00e9nyes vil\u00e1g\u00edt\u00e1s a megfelel\u0151 l\u00e1that\u00f3s\u00e1ghoz<\/li>\n<li>Dimmelhet\u0151 az \u00e1ll\u00edthat\u00f3 f\u00e9nyer\u0151ss\u00e9g \u00e9rdek\u00e9ben<\/li>\n<\/ul>\n\n<h3 class=\"wp-block-heading\">TALOYA intelligens mennyezeti l\u00e1mpa s\u00fcllyesztett szerel\u00e9s\u0171<\/h3>\n\n<ul class=\"wp-block-list\">\n<li>Intelligens otthon kompatibilit\u00e1s a k\u00e9nyelmes vez\u00e9rl\u00e9shez<\/li>\n<li>\u00c1ll\u00edthat\u00f3 f\u00e9nyer\u0151 \u00e9s sz\u00ednh\u0151m\u00e9rs\u00e9klet<\/li>\n<li>Dupla vil\u00e1g\u00edt\u00e1si rendszer az egyedi vil\u00e1g\u00edt\u00e1shoz<\/li>\n<\/ul>\n\n<h3 class=\"wp-block-heading\">Orren Ellis t\u00e9glalap alak\u00fa LED fali t\u00fck\u00f6r<\/h3>\n\n<ul class=\"wp-block-list\">\n<li>Teljes hossz\u00fas\u00e1g\u00fa t\u00fck\u00f6r LED szeg\u00e9llyel<\/li>\n<li>Sz\u00ednv\u00e1lt\u00f3 m\u00f3dok a sokoldal\u00fas\u00e1g \u00e9rdek\u00e9ben<\/li>\n<li>Falra vagy ajt\u00f3ra szerelhet\u0151 a k\u00f6nny\u0171 elhelyez\u00e9s \u00e9rdek\u00e9ben<\/li>\n<\/ul>\n\n<h2 class=\"wp-block-heading\">Tippek a szekr\u00e9nyvil\u00e1g\u00edt\u00e1s telep\u00edt\u00e9s\u00e9hez<\/h2>\n\n<ul class=\"wp-block-list\">\n<li>Hat\u00e1rozza meg a megfelel\u0151 energiaforr\u00e1st, \u00e9s vegye figyelembe a telep\u00edt\u00e9s egyszer\u0171s\u00e9g\u00e9t.<\/li>\n<li>V\u00e1lasszon a szekr\u00e9ny m\u00e9ret\u00e9hez \u00e9s st\u00edlus\u00e1hoz ill\u0151 l\u00e1mp\u00e1kat.<\/li>\n<li>Vegye figyelembe a sz\u00fcks\u00e9ges f\u00e9nyer\u0151t \u00e9s vil\u00e1g\u00edt\u00e1st\u00edpust.<\/li>\n<li>Helyezze el a l\u00e1mp\u00e1kat strat\u00e9giailag a megfelel\u0151 vil\u00e1g\u00edt\u00e1s biztos\u00edt\u00e1sa \u00e9rdek\u00e9ben.<\/li>\n<li>Gondoskodjon arr\u00f3l, hogy a szerelv\u00e9nyek biztons\u00e1gosan legyenek felszerelve, \u00e9s megfeleljenek a biztons\u00e1gi el\u0151\u00edr\u00e1soknak.<\/li>\n<\/ul>\n\n<h2 class=\"wp-block-heading\">Gyakran ism\u00e9telt k\u00e9rd\u00e9sek<\/h2>\n\n<h2 class=\"wp-block-heading\">Mi a szekr\u00e9nybesorol\u00e1s\u00fa vil\u00e1g\u00edt\u00e1s?<\/h2>\n\n<p>A szekr\u00e9nybesorol\u00e1s\u00fa vil\u00e1g\u00edt\u00e1s megfelel a z\u00e1rt terekre vonatkoz\u00f3 biztons\u00e1gi el\u0151\u00edr\u00e1soknak. LED izz\u00f3kat \u00e9s szerelv\u00e9nyeket tartalmaz, amelyek minim\u00e1lisra cs\u00f6kkentik a h\u0151termel\u00e9st \u00e9s megakad\u00e1lyozz\u00e1k a t\u0171zvesz\u00e9lyt.<\/p>\n\n<h2 class=\"wp-block-heading\">H\u00e1ny lumenre van sz\u00fcks\u00e9g egy szekr\u00e9nyl\u00e1mp\u00e1hoz?<\/h2>\n\n<p>A legt\u00f6bb szekr\u00e9nyl\u00e1mpa 500 \u00e9s 2000 lumen k\u00f6z\u00f6tti tartom\u00e1nyban mozog. A nagyobb szekr\u00e9nyekhez t\u00f6bb lumenre vagy t\u00f6bb szerelv\u00e9nyre lehet sz\u00fcks\u00e9g.<\/p>\n\n<h2 class=\"wp-block-heading\">Milyen t\u00edpus\u00fa l\u00e1mpatest nem haszn\u00e1lhat\u00f3 szekr\u00e9nyben?<\/h2>\n\n<p>A szekr\u00e9nyekben nem megengedett a szabadon hagyott izz\u00f3 a biztons\u00e1gi agg\u00e1lyok miatt. A korongl\u00e1mp\u00e1k vagy a szalagl\u00e1mp\u00e1k aj\u00e1nlottak, mint biztons\u00e1gos \u00e9s hat\u00e9kony alternat\u00edv\u00e1k.<\/p>\n\n<h2 class=\"wp-block-heading\">Hogyan v\u00e1lasszuk ki a megfelel\u0151 szekr\u00e9nyl\u00e1mp\u00e1t?<\/h2>\n\n<p>Vegye figyelembe az olyan t\u00e9nyez\u0151ket, mint az energiaforr\u00e1s, a k\u00f6nny\u0171 haszn\u00e1lat, a vil\u00e1g\u00edt\u00e1s t\u00edpusa, a szekr\u00e9ny m\u00e9rete, a f\u00e9nyer\u0151 \u00e9s a st\u00edlus.<\/p>","protected":false},"excerpt":{"rendered":"<p>Szekr\u00e9nyvil\u00e1g\u00edt\u00e1s: \u00c1tfog\u00f3 \u00fatmutat\u00f3 A megfelel\u0151 szekr\u00e9nyvil\u00e1g\u00edt\u00e1s kiv\u00e1laszt\u00e1sa A szekr\u00e9nyvil\u00e1g\u00edt\u00e1s d\u00f6nt\u0151 szerepet j\u00e1tszik a t\u00e1rol\u00f3hely megvil\u00e1g\u00edt\u00e1s\u00e1ban, megk\u00f6nny\u00edtve a sz\u00fcks\u00e9ges dolgok megtal\u00e1l\u00e1s\u00e1t \u00e9s jav\u00edtva a szekr\u00e9ny \u00e1ltal\u00e1nos haszn\u00e1lhat\u00f3s\u00e1g\u00e1t. A szekr\u00e9nyvil\u00e1g\u00edt\u00e1s kiv\u00e1laszt\u00e1sakor vegye&hellip;<\/p>\n","protected":false},"author":3,"featured_media":0,"comment_status":"closed","ping_status":"","sticky":false,"template":"","format":"standard","meta":{"footnotes":""},"categories":[1654],"tags":[8820,14261,8853,10233],"class_list":["post-10064","post","type-post","status-publish","format-standard","hentry","category-home-and-living","tag-home-improvement","tag-closet-lighting","tag-organization","tag-lighting-design"],"_links":{"self":[{"href":"https:\/\/www.lifescienceart.com\/hu\/wp-json\/wp\/v2\/posts\/10064","targetHints":{"allow":["GET"]}}],"collection":[{"href":"https:\/\/www.lifescienceart.com\/hu\/wp-json\/wp\/v2\/posts"}],"about":[{"href":"https:\/\/www.lifescienceart.com\/hu\/wp-json\/wp\/v2\/types\/post"}],"author":[{"embeddable":true,"href":"https:\/\/www.lifescienceart.com\/hu\/wp-json\/wp\/v2\/users\/3"}],"replies":[{"embeddable":true,"href":"https:\/\/www.lifescienceart.com\/hu\/wp-json\/wp\/v2\/comments?post=10064"}],"version-history":[{"count":1,"href":"https:\/\/www.lifescienceart.com\/hu\/wp-json\/wp\/v2\/posts\/10064\/revisions"}],"predecessor-version":[{"id":10065,"href":"https:\/\/www.lifescienceart.com\/hu\/wp-json\/wp\/v2\/posts\/10064\/revisions\/10065"}],"wp:attachment":[{"href":"https:\/\/www.lifescienceart.com\/hu\/wp-json\/wp\/v2\/media?parent=10064"}],"wp:term":[{"taxonomy":"category","embeddable":true,"href":"https:\/\/www.lifescienceart.com\/hu\/wp-json\/wp\/v2\/categories?post=10064"},{"taxonomy":"post_tag","embeddable":true,"href":"https:\/\/www.lifescienceart.com\/hu\/wp-json\/wp\/v2\/tags?post=10064"}],"curies":[{"name":"wp","href":"https:\/\/api.w.org\/{rel}","templated":true}]}}