{"id":10688,"date":"2024-09-05T02:05:56","date_gmt":"2024-09-05T02:05:56","guid":{"rendered":"https:\/\/www.lifescienceart.com\/?p=10688"},"modified":"2024-09-05T02:05:56","modified_gmt":"2024-09-05T02:05:56","slug":"spanish-style-homes-warm-inviting","status":"publish","type":"post","link":"https:\/\/www.lifescienceart.com\/hu\/art\/architecture\/spanish-style-homes-warm-inviting\/","title":{"rendered":"Spanyol st\u00edlus\u00fa h\u00e1zak: a meleg \u00e9s b\u00e1jos st\u00edlus id\u0151tlen kever\u00e9ke"},"content":{"rendered":"<h2 class=\"wp-block-heading\">Spanyol st\u00edlus\u00fa h\u00e1zak: a meleg \u00e9s b\u00e1jos st\u00edlus id\u0151tlen kever\u00e9ke<\/h2>\n\n<h2 class=\"wp-block-heading\">\u00c9p\u00edt\u00e9szeti elemek<\/h2>\n\n<p>A spanyol st\u00edlus\u00fa h\u00e1zak jellegzetes \u00e9p\u00edt\u00e9szeti megold\u00e1saikr\u00f3l h\u00edresek, melyek id\u0151tlen b\u00e1jt \u00e9s melegs\u00e9get \u00e1rasztanak. Ezek az elemek a k\u00f6vetkez\u0151ek:<\/p>\n\n<ul class=\"wp-block-list\">\n<li><strong>Vakolt falak:<\/strong> A sima, feh\u00e9r vakolt falak klasszikus h\u00e1tteret ny\u00fajtanak a h\u00e1z t\u00f6bbi elem\u00e9nek.<\/li>\n<li><strong>Terrakotta tet\u0151cserepek:<\/strong> Az ikonikus v\u00f6r\u00f6s terrakotta tet\u0151cserepek nem csup\u00e1n sz\u00ednt visznek az \u00e9p\u00fcletbe, de kiv\u00e1l\u00f3 szigetel\u00e9st is biztos\u00edtanak.<\/li>\n<li><strong>Kov\u00e1csoltvas elemek:<\/strong> A bonyolult kov\u00e1csoltvas d\u00edsz\u00edt\u00e9sek, mint p\u00e9ld\u00e1ul a l\u00e9pcs\u0151korl\u00e1tok, kapuk \u00e9s vil\u00e1g\u00edt\u00f3testek, eleg\u00e1ns megjelen\u00e9st k\u00f6lcs\u00f6n\u00f6znek mind a k\u00fcls\u0151nek, mind a bels\u0151 tereknek.<\/li>\n<li><strong>\u00cdves ablakok \u00e9s ajt\u00f3k:<\/strong> Az \u00edvelt \u00edvek bar\u00e1ts\u00e1gos \u00e9s megh\u00edv\u00f3 hangulatot teremtenek, egy\u00fattal nagyszer\u0171s\u00e9get k\u00f6lcs\u00f6n\u00f6znek a h\u00e1znak.<\/li>\n<li><strong>S\u00f6t\u00e9t sz\u00edn\u0171, gerend\u00e1s mennyezetek:<\/strong> A mennyezeten, ajt\u00f3kon \u00e9s ablakokon l\u00e1that\u00f3, s\u00f6t\u00e9t sz\u00edn\u0171, szabadon hagyott gerend\u00e1k melegs\u00e9get \u00e9s egyedis\u00e9get sug\u00e1roznak.<\/li>\n<\/ul>\n\n<h2 class=\"wp-block-heading\">Bels\u0151\u00e9p\u00edt\u00e9szet<\/h2>\n\n<p>A spanyol st\u00edlus\u00fa h\u00e1zak bels\u0151 terei \u00e9ppoly elb\u0171v\u00f6l\u0151ek, mint a k\u00fcls\u0151 megjelen\u00e9s\u00fck. A tipikus bels\u0151\u00e9p\u00edt\u00e9szeti elemek a k\u00f6vetkez\u0151k:<\/p>\n\n<ul class=\"wp-block-list\">\n<li><strong>Sima vakolt falak:<\/strong> A sima vakolt falak tiszta \u00e9s eleg\u00e1ns alapot biztos\u00edtanak a m\u0171alkot\u00e1soknak \u00e9s b\u00fatoroknak.<\/li>\n<li><strong>\u00cdves kiv\u00e1g\u00e1sok:<\/strong> A helyis\u00e9gek k\u00f6z\u00f6tti \u00edves kiv\u00e1g\u00e1sok \u00e9p\u00edt\u00e9szeti \u00e9rdekess\u00e9get keltenek, \u00e9s lehet\u0151v\u00e9 teszik a nyitottabb \u00e9s szell\u0151sebb alaprajz kialak\u00edt\u00e1s\u00e1t.<\/li>\n<li><strong>\u00c9l\u00e9nk sz\u00ednek:<\/strong> A textilek, m\u0171alkot\u00e1sok \u00e9s kieg\u00e9sz\u00edt\u0151k \u00e9l\u00e9nk sz\u00ednei energi\u00e1t \u00e9s vitalit\u00e1st visznek a t\u00e9rbe.<\/li>\n<li><strong>Len k\u00e1rpit:<\/strong> A b\u00fatorok \u00e9s f\u00fcgg\u00f6ny\u00f6k len k\u00e1rpitoz\u00e1sa fokozza a h\u00e1z k\u00e9nyelm\u00e9t \u00e9s meghitts\u00e9g\u00e9t.<\/li>\n<\/ul>\n\n<h2 class=\"wp-block-heading\">Kert \u00e9s k\u00fclt\u00e9ri terek<\/h2>\n\n<p>A spanyol st\u00edlus\u00fa h\u00e1zakhoz gyakran buja n\u00f6v\u00e9nyzet\u0171 kertek \u00e9s bar\u00e1ts\u00e1gos k\u00fclt\u00e9ri terek t\u00e1rsulnak, amelyek z\u00f6kken\u0151mentesen kapcsolj\u00e1k \u00f6ssze a bels\u0151 \u00e9s k\u00fcls\u0151 tereket:<\/p>\n\n<ul class=\"wp-block-list\">\n<li><strong>Udvarok:<\/strong> A z\u00e1rt udvarok priv\u00e1t \u00e9s nyugodt o\u00e1zist ny\u00fajtanak, t\u00f6k\u00e9letesek a kikapcsol\u00f3d\u00e1sra \u00e9s a sz\u00f3rakoz\u00e1sra.<\/li>\n<li><strong>K\u00fclt\u00e9ri sz\u00f3rakoz\u00f3helyek:<\/strong> A teraszok, verand\u00e1k \u00e9s erk\u00e9lyek kiterjesztik a lak\u00f3teret a szabadba, lehet\u0151s\u00e9get teremtve a szabadt\u00e9ri \u00e9tkez\u00e9sre \u00e9s pihen\u00e9sre.<\/li>\n<li><strong>Buja n\u00f6v\u00e9nyzet:<\/strong> A spanyol st\u00edlus\u00fa h\u00e1zakat s\u0171r\u0171, buja n\u00f6v\u00e9nyzet \u00e9s \u00e9l\u00e9nk vir\u00e1gok veszik k\u00f6r\u00fcl, melyek elvonul\u00e1st \u00e9s nyugalmat \u00e1rasztanak.<\/li>\n<\/ul>\n\n<h2 class=\"wp-block-heading\">V\u00e1ltozatok a spanyol st\u00edlus\u00fa h\u00e1zakon<\/h2>\n\n<p>Mik\u00f6zben a hagyom\u00e1nyos spanyol st\u00edlus\u00fa h\u00e1zak sok k\u00f6z\u00f6s tulajdons\u00e1ggal rendelkeznek, az id\u0151k sor\u00e1n sz\u00e1mos vari\u00e1ci\u00f3 alakult ki:<\/p>\n\n<ul class=\"wp-block-list\">\n<li><strong>Spanyol gyarmati \u00fajj\u00e1sz\u00fclet\u00e9s:<\/strong> Az \u00e9szak-amerikai r\u00e9gi\u00f3ban a 20. sz\u00e1zad elej\u00e9n n\u00e9pszer\u0171v\u00e9 v\u00e1lt st\u00edlus a spanyol gyarmati \u00e9p\u00edt\u00e9szet elemeit \u00f6tv\u00f6zi, mint p\u00e9ld\u00e1ul az \u00edves bej\u00e1r<\/li>\n<\/ul>","protected":false},"excerpt":{"rendered":"<p>Spanyol st\u00edlus\u00fa h\u00e1zak: a meleg \u00e9s b\u00e1jos st\u00edlus id\u0151tlen kever\u00e9ke \u00c9p\u00edt\u00e9szeti elemek A spanyol st\u00edlus\u00fa h\u00e1zak jellegzetes \u00e9p\u00edt\u00e9szeti megold\u00e1saikr\u00f3l h\u00edresek, melyek id\u0151tlen b\u00e1jt \u00e9s melegs\u00e9get \u00e1rasztanak. Ezek az elemek a&hellip;<\/p>\n","protected":false},"author":2,"featured_media":24241,"comment_status":"closed","ping_status":"closed","sticky":false,"template":"","format":"standard","meta":{"footnotes":""},"categories":[308],"tags":[8479,297,14772,8819],"class_list":["post-10688","post","type-post","status-publish","format-standard","has-post-thumbnail","hentry","category-architecture","tag-interior-design","tag-architecture","tag-spanish-style-homes","tag-landscaping"],"_links":{"self":[{"href":"https:\/\/www.lifescienceart.com\/hu\/wp-json\/wp\/v2\/posts\/10688","targetHints":{"allow":["GET"]}}],"collection":[{"href":"https:\/\/www.lifescienceart.com\/hu\/wp-json\/wp\/v2\/posts"}],"about":[{"href":"https:\/\/www.lifescienceart.com\/hu\/wp-json\/wp\/v2\/types\/post"}],"author":[{"embeddable":true,"href":"https:\/\/www.lifescienceart.com\/hu\/wp-json\/wp\/v2\/users\/2"}],"replies":[{"embeddable":true,"href":"https:\/\/www.lifescienceart.com\/hu\/wp-json\/wp\/v2\/comments?post=10688"}],"version-history":[{"count":2,"href":"https:\/\/www.lifescienceart.com\/hu\/wp-json\/wp\/v2\/posts\/10688\/revisions"}],"predecessor-version":[{"id":24242,"href":"https:\/\/www.lifescienceart.com\/hu\/wp-json\/wp\/v2\/posts\/10688\/revisions\/24242"}],"wp:featuredmedia":[{"embeddable":true,"href":"https:\/\/www.lifescienceart.com\/hu\/wp-json\/wp\/v2\/media\/24241"}],"wp:attachment":[{"href":"https:\/\/www.lifescienceart.com\/hu\/wp-json\/wp\/v2\/media?parent=10688"}],"wp:term":[{"taxonomy":"category","embeddable":true,"href":"https:\/\/www.lifescienceart.com\/hu\/wp-json\/wp\/v2\/categories?post=10688"},{"taxonomy":"post_tag","embeddable":true,"href":"https:\/\/www.lifescienceart.com\/hu\/wp-json\/wp\/v2\/tags?post=10688"}],"curies":[{"name":"wp","href":"https:\/\/api.w.org\/{rel}","templated":true}]}}