{"id":10836,"date":"2024-09-11T01:24:22","date_gmt":"2024-09-11T01:24:22","guid":{"rendered":"https:\/\/www.lifescienceart.com\/?p=10836"},"modified":"2024-09-11T01:24:22","modified_gmt":"2024-09-11T01:24:22","slug":"prioritize-spring-cleaning-spaces","status":"publish","type":"post","link":"https:\/\/www.lifescienceart.com\/hu\/life\/home-and-garden\/prioritize-spring-cleaning-spaces\/","title":{"rendered":"5 helyis\u00e9g, melyeknek a tavaszi nagytakar\u00edt\u00e1skor priorit\u00e1st kell \u00e9lvezni\u00fck, szak\u00e9rt\u0151k szerint"},"content":{"rendered":"<h2 class=\"wp-block-heading\">5 helyis\u00e9g, melyeknek a tavaszi nagytakar\u00edt\u00e1skor priorit\u00e1st kell \u00e9lvezni\u00fck, szak\u00e9rt\u0151k szerint<\/h2>\n\n<h2 class=\"wp-block-heading\">A tavaszi nagytakar\u00edt\u00e1s kiindul\u00f3pontjai<\/h2>\n\n<p>A tavaszi nagytakar\u00edt\u00e1s ijeszt\u0151 feladat lehet, de elengedhetetlen, hogy felfriss\u00edts\u00fck otthonunkat a t\u00e9li h\u00f3napok ut\u00e1n. A folyamat kezelhet\u0151bb\u00e9 t\u00e9tel\u00e9hez kezdj\u00fck azzal, hogy egyszerre egy helyis\u00e9gre \u00f6sszpontos\u00edtunk. A takar\u00edt\u00e1si szak\u00e9rt\u0151k szerint a legjobb kiindul\u00f3pontok a k\u00f6vetkez\u0151k:<\/p>\n\n<h2 class=\"wp-block-heading\">Konyha<\/h2>\n\n<ul class=\"wp-block-list\">\n<li><strong>Rendetlens\u00e9gmentes\u00edt\u00e9s:<\/strong> N\u00e9zz\u00fck \u00e1t a kamr\u00e1t \u00e9s a h\u0171t\u0151szekr\u00e9nyt, \u00e9s dobjuk ki a lej\u00e1rt vagy haszn\u00e1lhatatlan term\u00e9keket.<\/li>\n<li><strong>Rendszerez\u00e9s:<\/strong> Rendezz\u00fck \u00e1t a konyhai t\u00e1rol\u00f3helyis\u00e9geket, adom\u00e1nyozzuk vagy dobjuk ki azokat a t\u00e1rgyakat, amelyekre m\u00e1r nincs sz\u00fcks\u00e9g\u00fcnk.<\/li>\n<li><strong>G\u00e9pek tiszt\u00edt\u00e1sa:<\/strong> T\u00f6r\u00f6lj\u00fck \u00e1t a h\u0171t\u0151szekr\u00e9nyt, tiszt\u00edtsuk meg a mosogat\u00f3g\u00e9pet, \u00e9s l\u00e1ssunk neki a s\u00fct\u0151nek is.<\/li>\n<li><strong>Fel\u00fcletek:<\/strong> Mossuk fel a mennyezetet, a falakat \u00e9s a l\u00e1bazatokat mikrosz\u00e1las kend\u0151vel \u00e9s mosogat\u00f3szerrel.<\/li>\n<li><strong>Utols\u00f3 sim\u00edt\u00e1sok:<\/strong> T\u00f6r\u00f6lj\u00fck \u00e1t a szekr\u00e9nyeket \u00e9s a pultokat, mossuk meg az ablakokat, fert\u0151tlen\u00edts\u00fck a mosogat\u00f3t, seperj\u00fcnk \u00e9s mossunk fel.<\/li>\n<\/ul>\n\n<h2 class=\"wp-block-heading\">Szekr\u00e9ny<\/h2>\n\n<ul class=\"wp-block-list\">\n<li><strong>Szezon\u00e1lis t\u00e1rol\u00e1s:<\/strong> Pakoljuk el a vastag t\u00e9li ruh\u00e1kat \u00e9s kieg\u00e9sz\u00edt\u0151ket m\u0171anyag dobozokba vagy v\u00e1kuumz\u00e1rhat\u00f3 zacsk\u00f3kba.<\/li>\n<li><strong>Rendetlens\u00e9gmentes\u00edt\u00e9s:<\/strong> N\u00e9zz\u00fck \u00e1t a megmaradt ruh\u00e1inkat, adom\u00e1nyozzuk vagy dobjuk ki azokat, amelyekre m\u00e1r nincs sz\u00fcks\u00e9g\u00fcnk.<\/li>\n<li><strong>Rendszerez\u00e9s:<\/strong> Tiszt\u00edtsuk ki a szekr\u00e9ny belsej\u00e9t, \u00e9s rendezz\u00fck el a ruh\u00e1inkat kateg\u00f3ri\u00e1k szerint.<\/li>\n<\/ul>\n\n<h2 class=\"wp-block-heading\">F\u00fcrd\u0151szoba<\/h2>\n\n<ul class=\"wp-block-list\">\n<li><strong>Alapos tiszt\u00edt\u00e1s:<\/strong> Kezdj\u00fck a k\u00e1d, a v\u00e9c\u00e9 \u00e9s a zuhany alapos tiszt\u00edt\u00e1s\u00e1val.<\/li>\n<li><strong>Mos\u00e1s:<\/strong> Mossuk ki a zuhanyf\u00fcgg\u00f6nyt, a f\u00fcrd\u0151szobasz\u0151nyegeket \u00e9s a t\u00f6r\u00f6lk\u00f6z\u0151ket.<\/li>\n<li><strong>Fel\u00fcletek:<\/strong> Portalan\u00edtsuk meg a l\u00e1mpatesteket \u00e9s az \u00e1rny\u00e9kol\u00f3kat, majd t\u00f6r\u00f6lj\u00fck \u00e1t a pultokat \u00e9s a szekr\u00e9nyeket.<\/li>\n<li><strong>Rendetlens\u00e9gmentes\u00edt\u00e9s:<\/strong> Dob\u00e1ljuk ki a haszn\u00e1laton k\u00edv\u00fcli vagy lej\u00e1rt kozmetikumokat.<\/li>\n<li><strong>Padl\u00f3:<\/strong> A padl\u00f3t tiszt\u00edtsuk meg utolj\u00e1ra, hogy elker\u00fclj\u00fck a kosz vagy a v\u00edz sz\u00e9thord\u00e1s\u00e1t.<\/li>\n<\/ul>\n\n<h2 class=\"wp-block-heading\">H\u00e1ztart\u00e1si helyis\u00e9gek<\/h2>\n\n<ul class=\"wp-block-list\">\n<li><strong>Rendetlens\u00e9gmentes\u00edt\u00e9s:<\/strong> T\u00e1vol\u00edtsuk el a szezon\u00e1lis t\u00e1rgyakat a bej\u00e1ratb\u00f3l \u00e9s a h\u00e1ztart\u00e1si helyis\u00e9gb\u0151l, \u00e9s helyettes\u00edts\u00fck \u0151ket tavaszi kell\u00e9kekkel.<\/li>\n<li><strong>Rendszerez\u00e9s:<\/strong> Jel\u00f6lj\u00fcnk ki t\u00e1rol\u00f3helyeket olyan kateg\u00f3ri\u00e1knak, mint a szersz\u00e1mok, a tiszt\u00edt\u00f3szerek \u00e9s az elektronikai cikkek.<\/li>\n<li><strong>\u00c1gynem\u0171:<\/strong> Tekints\u00fck \u00e1t az \u00e1gynem\u0171nket \u00e9s a t\u00f6r\u00f6lk\u00f6z\u0151inket, \u00e9s dobjuk ki vagy adom\u00e1nyozzuk a kopott vagy haszn\u00e1laton k\u00edv\u00fcli darabokat.<\/li>\n<\/ul>\n\n<h2 class=\"wp-block-heading\">Dolgoz\u00f3szoba<\/h2>\n\n<ul class=\"wp-block-list\">\n<li><strong>K\u00e1belrendez\u00e9s:<\/strong> Tekerj\u00fck fel vagy k\u00f6ss\u00fck \u00f6ssze a k\u00e1beleket a tiszt\u00e1bb megjelen\u00e9s \u00e9rdek\u00e9ben.<\/li>\n<li><strong>Technikai rendetlens\u00e9g:<\/strong> Hasznos\u00edtsuk \u00fajra vagy dobjuk ki a r\u00e9gi elektronikai eszk\u00f6z\u00f6ket \u00e9s tartoz\u00e9kokat.<\/li>\n<li><strong>Pap\u00edrmunka:<\/strong> Rendezz\u00fck \u00e1t a r\u00e9gi pap\u00edrokat, sz\u00fcks\u00e9g szerint dobjuk ki vagy digitaliz\u00e1ljuk \u0151ket.<\/li>\n<li><strong>Eszk\u00f6z\u00f6k \u00e9s felszerel\u00e9sek:<\/strong> T\u00f6r\u00f6lj\u00fck \u00e1t az \u00edr\u00f3asztalunkat, a monitorunkat \u00e9s az egy\u00e9b irodai kell\u00e9keket.<\/li>\n<li><strong>Digit\u00e1lis rendrak\u00e1s:<\/strong> T\u00f6r\u00f6lj\u00fcnk r\u00e9gi f\u00e1jlokat, rendszerezz\u00fck a mapp\u00e1kat, \u00e9s archiv\u00e1ljunk e-maileket.<\/li>\n<\/ul>\n\n<h2 class=\"wp-block-heading\">Tippek az egyes helyis\u00e9gekhez<\/h2>\n\n<ul class=\"wp-block-list\">\n<li><strong>Konyha:<\/strong> A s\u00fct\u0151 \u00e9s a f\u0151z\u0151lap tiszt\u00edt\u00e1s\u00e1hoz haszn\u00e1ljunk zs\u00edrold\u00f3t.<\/li>\n<li><strong>Szekr\u00e9ny:<\/strong> A ruh\u00e1k ny\u00fajt\u00e1s\u00e1nak elker\u00fcl\u00e9se \u00e9rdek\u00e9ben p\u00e1rn\u00e1zott v\u00e1llf\u00e1ra akasszuk fel \u0151ket.<\/li>\n<li><strong>F\u00fcrd\u0151szoba:<\/strong> A zuhany fal\u00e1r\u00f3l \u00e9s ajtaj\u00e1r\u00f3l egy leh\u00faz\u00f3val t\u00e1vol\u00edtsuk el a vizet.<\/li>\n<li><strong>H\u00e1ztart\u00e1si helyis\u00e9gek:<\/strong> A kosz felhalmoz\u00f3d\u00e1s\u00e1nak megel\u0151z\u00e9se \u00e9rdek\u00e9ben rendszeresen porsz\u00edv\u00f3zzuk fel a sz\u0151nyegeket \u00e9s a sz\u0151nyegal\u00e1t\u00e9teket.<\/li>\n<li><strong>Dolgoz\u00f3szoba:<\/strong> Az \u00edr\u00f3asztalunkat tartsuk rendben a f\u00f3kusz \u00e9s a produktivit\u00e1s jav\u00edt\u00e1sa \u00e9rdek\u00e9ben.<\/li>\n<\/ul>\n\n<h2 class=\"wp-block-heading\">Tov\u00e1bbi tippek<\/h2>\n\n<ul class=\"wp-block-list\">\n<li>A nagy feladatokat osszuk kisebb, kezelhet\u0151bb egys\u00e9gekre.<\/li>\n<li>Egy ellen\u0151rz\u0151lista seg\u00edts\u00e9g\u00e9vel k\u00f6vess\u00fck nyomon a halad\u00e1sunkat, \u00e9s ker\u00fclj\u00fck el, hogy kihagyjunk b\u00e1rmilyen ter\u00fcletet.<\/li>\n<li>Takar\u00edt\u00e1s k\u00f6zben nyissuk ki az ablakokat \u00e9s ajt\u00f3kat a szell\u0151z\u00e9s \u00e9rdek\u00e9ben.<\/li>\n<li>A k\u00e9miai hat\u00e1sok cs\u00f6kkent\u00e9se \u00e9rdek\u00e9ben lehet\u0151s\u00e9g szerint haszn\u00e1ljunk term\u00e9szetes tiszt\u00edt\u00f3szereket.<\/li>\n<li>Minden egyes helyis\u00e9g befejez\u00e9sekor jutalmazza meg mag\u00e1t, hogy motiv\u00e1lt maradjon.<\/li>\n<\/ul>","protected":false},"excerpt":{"rendered":"<p>5 helyis\u00e9g, melyeknek a tavaszi nagytakar\u00edt\u00e1skor priorit\u00e1st kell \u00e9lvezni\u00fck, szak\u00e9rt\u0151k szerint A tavaszi nagytakar\u00edt\u00e1s kiindul\u00f3pontjai A tavaszi nagytakar\u00edt\u00e1s ijeszt\u0151 feladat lehet, de elengedhetetlen, hogy felfriss\u00edts\u00fck otthonunkat a t\u00e9li h\u00f3napok ut\u00e1n.&hellip;<\/p>\n","protected":false},"author":2,"featured_media":24303,"comment_status":"closed","ping_status":"closed","sticky":false,"template":"","format":"standard","meta":{"footnotes":""},"categories":[8825],"tags":[546,9101,10549,9125],"class_list":["post-10836","post","type-post","status-publish","format-standard","has-post-thumbnail","hentry","category-home-and-garden","tag-decluttering","tag-home-organization","tag-spring-cleaning","tag-cleaning-tips"],"_links":{"self":[{"href":"https:\/\/www.lifescienceart.com\/hu\/wp-json\/wp\/v2\/posts\/10836","targetHints":{"allow":["GET"]}}],"collection":[{"href":"https:\/\/www.lifescienceart.com\/hu\/wp-json\/wp\/v2\/posts"}],"about":[{"href":"https:\/\/www.lifescienceart.com\/hu\/wp-json\/wp\/v2\/types\/post"}],"author":[{"embeddable":true,"href":"https:\/\/www.lifescienceart.com\/hu\/wp-json\/wp\/v2\/users\/2"}],"replies":[{"embeddable":true,"href":"https:\/\/www.lifescienceart.com\/hu\/wp-json\/wp\/v2\/comments?post=10836"}],"version-history":[{"count":2,"href":"https:\/\/www.lifescienceart.com\/hu\/wp-json\/wp\/v2\/posts\/10836\/revisions"}],"predecessor-version":[{"id":24304,"href":"https:\/\/www.lifescienceart.com\/hu\/wp-json\/wp\/v2\/posts\/10836\/revisions\/24304"}],"wp:featuredmedia":[{"embeddable":true,"href":"https:\/\/www.lifescienceart.com\/hu\/wp-json\/wp\/v2\/media\/24303"}],"wp:attachment":[{"href":"https:\/\/www.lifescienceart.com\/hu\/wp-json\/wp\/v2\/media?parent=10836"}],"wp:term":[{"taxonomy":"category","embeddable":true,"href":"https:\/\/www.lifescienceart.com\/hu\/wp-json\/wp\/v2\/categories?post=10836"},{"taxonomy":"post_tag","embeddable":true,"href":"https:\/\/www.lifescienceart.com\/hu\/wp-json\/wp\/v2\/tags?post=10836"}],"curies":[{"name":"wp","href":"https:\/\/api.w.org\/{rel}","templated":true}]}}