{"id":11063,"date":"2021-10-20T21:31:06","date_gmt":"2021-10-20T21:31:06","guid":{"rendered":"https:\/\/www.lifescienceart.com\/?p=11063"},"modified":"2021-10-20T21:31:06","modified_gmt":"2021-10-20T21:31:06","slug":"how-to-wash-polyester-clothes-a-comprehensive-guide","status":"publish","type":"post","link":"https:\/\/www.lifescienceart.com\/hu\/life\/home-and-living\/how-to-wash-polyester-clothes-a-comprehensive-guide\/","title":{"rendered":"Poli\u00e9szter ruh\u00e1k mos\u00e1sa: Egy \u00e1tfog\u00f3 \u00fatmutat\u00f3 a szintetikus anyagok min\u0151s\u00e9g\u00e9nek meg\u0151rz\u00e9s\u00e9hez"},"content":{"rendered":"<h2 class=\"wp-block-heading\">Poli\u00e9szter ruh\u00e1k mos\u00e1sa: egy \u00e1tfog\u00f3 \u00fatmutat\u00f3<\/h2>\n\n<h2 class=\"wp-block-heading\">A poli\u00e9szter meg\u00e9rt\u00e9se<\/h2>\n\n<p>A poli\u00e9szter, k\u0151olajb\u00f3l k\u00e9sz\u00fclt szintetikus anyag, sokoldal\u00faan felhaszn\u00e1lhat\u00f3 alapanyag, melyet a ruh\u00e1zat \u00e9s textilipar sz\u00e9les sk\u00e1l\u00e1j\u00e1n alkalmaznak. Tart\u00f3ss\u00e1g\u00e1r\u00f3l, gy\u0171r\u0151d\u00e9s\u00e1ll\u00f3s\u00e1g\u00e1r\u00f3l \u00e9s k\u00f6nny\u0171 kezelhet\u0151s\u00e9g\u00e9r\u0151l ismert.<\/p>\n\n<h2 class=\"wp-block-heading\">Poli\u00e9szter ruh\u00e1k mos\u00e1sa<\/h2>\n\n<p>A poli\u00e9szter ruhadarabok min\u0151s\u00e9g\u00e9nek meg\u0151rz\u00e9s\u00e9hez k\u00f6vesse az al\u00e1bbi l\u00e9p\u00e9seket:<\/p>\n\n<h2 class=\"wp-block-heading\">Anyagok:<\/h2>\n\n<ul class=\"wp-block-list\">\n<li>Er\u0151teljes mos\u00f3szer<\/li>\n<li>Oxig\u00e9nes feh\u00e9r\u00edt\u0151 (opcion\u00e1lis)<\/li>\n<li>Foltelt\u00e1vol\u00edt\u00f3 (opcion\u00e1lis)<\/li>\n<li>Mos\u00f3g\u00e9p<\/li>\n<li>Sz\u00e1r\u00edt\u00f3g\u00e9p<\/li>\n<\/ul>\n\n<h2 class=\"wp-block-heading\">Utas\u00edt\u00e1sok:<\/h2>\n\n<ol class=\"wp-block-list\">\n<li><strong>Foltok el\u0151kezel\u00e9se:<\/strong> A foltokat azonnal kezelje foltelt\u00e1vol\u00edt\u00f3val. Hagyja hatni legal\u00e1bb 15 percig mos\u00e1s el\u0151tt.<\/li>\n<li><strong>Mos\u00f3g\u00e9p be\u00e1ll\u00edt\u00e1sok:<\/strong> V\u00e1lassza ki a mos\u00f3g\u00e9p\u00e9n a szintetikus programot, \u00e9s haszn\u00e1ljon meleg vagy hideg vizet.<\/li>\n<li><strong>Mos\u00f3szer:<\/strong> Haszn\u00e1ljon foltelt\u00e1vol\u00edt\u00f3 enzimeket tartalmaz\u00f3, nagy teljes\u00edtm\u00e9ny\u0171 mos\u00f3szert.<\/li>\n<li><strong>Sz\u00e1r\u00edt\u00e1s:<\/strong> Vegye ki a ruh\u00e1kat a mos\u00f3g\u00e9pb\u0151l, \u00e9s sz\u00e1r\u00edtsa sz\u00e1r\u00edt\u00f3g\u00e9pben szintetikus programon. Vagy sz\u00e1r\u00edtsa leveg\u0151n egy sz\u00e1r\u00edt\u00f3n.<\/li>\n<\/ol>\n\n<h2 class=\"wp-block-heading\">Mos\u00e1si gyakoris\u00e1g<\/h2>\n\n<p>A poli\u00e9szter ruh\u00e1k mos\u00e1si gyakoris\u00e1ga f\u00fcgg a ruhadarab t\u00edpus\u00e1t\u00f3l \u00e9s haszn\u00e1lat\u00e1t\u00f3l. A fels\u0151ket \u00e9s ruh\u00e1kat minden visel\u00e9st k\u00f6vet\u0151en \u00e9rdemes mosni, m\u00edg a b\u0151vebb darabok tov\u00e1bb b\u00edrj\u00e1k tiszt\u00edt\u00e1s n\u00e9lk\u00fcl.<\/p>\n\n<h2 class=\"wp-block-heading\">Foltok kezel\u00e9se poli\u00e9szteren<\/h2>\n\n<p>A poli\u00e9szter \u00e1ltal\u00e1ban folt\u00e1ll\u00f3, de el\u0151fordulhatnak foltok. K\u00f6vesse az al\u00e1bbi ir\u00e1nyelveket:<\/p>\n\n<ul class=\"wp-block-list\">\n<li>A legt\u00f6bb folt eset\u00e9n haszn\u00e1ljon kereskedelmi forgalomban kaphat\u00f3 foltelt\u00e1vol\u00edt\u00f3t, vagy foly\u00e9kony mos\u00f3szer \u00e9s feh\u00e9r ecet kever\u00e9k\u00e9t.<\/li>\n<li>A megfakult vagy bes\u00e1rgult poli\u00e9sztert \u00e1ztassa t\u00f6bb \u00f3r\u00e1n \u00e1t oxig\u00e9nes feh\u00e9r\u00edt\u0151 \u00e9s meleg v\u00edz oldat\u00e1ban mos\u00e1s el\u0151tt.<\/li>\n<\/ul>\n\n<h2 class=\"wp-block-heading\">\u00c1pol\u00e1s \u00e9s jav\u00edt\u00e1s<\/h2>\n\n<ul class=\"wp-block-list\">\n<li><strong>Szakad\u00e1sok:<\/strong> A varr\u00e1sokban keletkezett szakad\u00e1sok k\u00f6nnyen jav\u00edthat\u00f3k k\u00e9zzel vagy varr\u00f3g\u00e9ppel, a ruhadarab sz\u00edn\u00e9hez ill\u0151 c\u00e9rn\u00e1val.<\/li>\n<li><strong>Lyukak:<\/strong> Az anyagon keletkezett lyukak nem jav\u00edthat\u00f3k l\u00e1thatatlanul. Sz\u00fcks\u00e9g eset\u00e9n forduljon szakemberhez.<\/li>\n<li><strong>Sz\u00e1lh\u00faz\u00f3d\u00e1sok:<\/strong> A ki\u00e1ll\u00f3 sz\u00e1lakat h\u00fazza az anyag bels\u0151 oldal\u00e1ra egy t\u0171 vagy t\u0171 \u00e9s c\u00e9rna seg\u00edts\u00e9g\u00e9vel, hogy kev\u00e9sb\u00e9 legyenek felt\u0171n\u0151ek.<\/li>\n<\/ul>\n\n<h2 class=\"wp-block-heading\">Poli\u00e9szter ruh\u00e1k vasal\u00e1sa<\/h2>\n\n<ul class=\"wp-block-list\">\n<li>K\u00f6zepes h\u0151fokon, g\u0151z\u00f6l\u00e9ssel vasalja a poli\u00e9sztert.<\/li>\n<li>Ha a gy\u0171r\u0151d\u00e9sek tov\u00e1bbra is fenn\u00e1llnak, haszn\u00e1ljon ruhag\u0151z\u00f6l\u0151t.<\/li>\n<\/ul>\n\n<h2 class=\"wp-block-heading\">Poli\u00e9szter ruh\u00e1k t\u00e1rol\u00e1sa<\/h2>\n\n<ul class=\"wp-block-list\">\n<li>T\u00e1rolja a poli\u00e9szter ruh\u00e1kat \u00f6sszehajtva vagy felakasztva.<\/li>\n<li>A laza k\u00f6t\u00e9s\u0171 darabokat hajtogassa \u00f6ssze, \u00e9s tegye fi\u00f3kba.<\/li>\n<li>A sz\u00f6v\u00f6tt \u00e9s a szorosan k\u00f6t\u00f6tt darabokat akassza fel.<\/li>\n<\/ul>\n\n<h2 class=\"wp-block-heading\">Tippek a poli\u00e9szter ruh\u00e1k mos\u00e1s\u00e1hoz<\/h2>\n\n<ul class=\"wp-block-list\">\n<li>Ne t\u00f6mje t\u00fal a mos\u00f3g\u00e9pet.<\/li>\n<li>A program v\u00e9gezt\u00e9vel azonnal vegye ki a ruh\u00e1kat, hogy elker\u00fclje a gy\u0171r\u0151d\u00e9seket.<\/li>\n<li>Akassza fel a ruh\u00e1kat v\u00e1llf\u00e1ra, hogy a gy\u0171r\u0151d\u00e9sek kisimuljanak.<\/li>\n<li>Ha szeretn\u00e9, adjon a v\u00edzhez \u00f6bl\u00edt\u0151t, hogy fellaz\u00edtsa a sz\u00e1lakat.<\/li>\n<\/ul>\n\n<h2 class=\"wp-block-heading\">GYIK<\/h2>\n\n<h2 class=\"wp-block-heading\">Tehet\u0151 100%-os poli\u00e9szter a sz\u00e1r\u00edt\u00f3g\u00e9pbe?<\/h2>\n\n<p>Igen, de haszn\u00e1ljon alacsony h\u0151fokot vagy szintetikus programot a k\u00e1rosod\u00e1s elker\u00fcl\u00e9se \u00e9rdek\u00e9ben.<\/p>\n\n<h2 class=\"wp-block-heading\">Hogyan tiszt\u00edtson meg foltot 100%-os poli\u00e9szteren?<\/h2>\n\n<p>Haszn\u00e1ljon kereskedelmi forgalomban kaphat\u00f3 foltelt\u00e1vol\u00edt\u00f3t, vagy foly\u00e9kony mos\u00f3szer \u00e9s feh\u00e9r ecet kever\u00e9k\u00e9t.<\/p>\n\n<h2 class=\"wp-block-heading\">Mi\u00e9rt tiszt\u00edthat\u00f3 csak vegytiszt\u00edt\u00e1ssal a 100%-os poli\u00e9szter?<\/h2>\n\n<p>N\u00e9h\u00e1ny poli\u00e9szter darabon lehet &#8220;csak vegytiszt\u00edt\u00e1s&#8221; c\u00edmke, hogy meg\u0151rizze az alakj\u00e1t. Azonban ha az anyag nem k\u00e9nyes, \u00e1ltal\u00e1ban k\u00edm\u00e9l\u0151 programon mos\u00f3g\u00e9pben is moshat\u00f3.<\/p>","protected":false},"excerpt":{"rendered":"<p>Poli\u00e9szter ruh\u00e1k mos\u00e1sa: egy \u00e1tfog\u00f3 \u00fatmutat\u00f3 A poli\u00e9szter meg\u00e9rt\u00e9se A poli\u00e9szter, k\u0151olajb\u00f3l k\u00e9sz\u00fclt szintetikus anyag, sokoldal\u00faan felhaszn\u00e1lhat\u00f3 alapanyag, melyet a ruh\u00e1zat \u00e9s textilipar sz\u00e9les sk\u00e1l\u00e1j\u00e1n alkalmaznak. Tart\u00f3ss\u00e1g\u00e1r\u00f3l, gy\u0171r\u0151d\u00e9s\u00e1ll\u00f3s\u00e1g\u00e1r\u00f3l \u00e9s k\u00f6nny\u0171&hellip;<\/p>\n","protected":false},"author":4,"featured_media":0,"comment_status":"closed","ping_status":"closed","sticky":false,"template":"","format":"standard","meta":{"footnotes":""},"categories":[1654],"tags":[7164,9524,15060,10055,15061],"class_list":["post-11063","post","type-post","status-publish","format-standard","hentry","category-home-and-living","tag-stain-removal","tag-laundry-tips","tag-polyester-care","tag-wrinkle-prevention","tag-synthetic-fabrics"],"_links":{"self":[{"href":"https:\/\/www.lifescienceart.com\/hu\/wp-json\/wp\/v2\/posts\/11063","targetHints":{"allow":["GET"]}}],"collection":[{"href":"https:\/\/www.lifescienceart.com\/hu\/wp-json\/wp\/v2\/posts"}],"about":[{"href":"https:\/\/www.lifescienceart.com\/hu\/wp-json\/wp\/v2\/types\/post"}],"author":[{"embeddable":true,"href":"https:\/\/www.lifescienceart.com\/hu\/wp-json\/wp\/v2\/users\/4"}],"replies":[{"embeddable":true,"href":"https:\/\/www.lifescienceart.com\/hu\/wp-json\/wp\/v2\/comments?post=11063"}],"version-history":[{"count":1,"href":"https:\/\/www.lifescienceart.com\/hu\/wp-json\/wp\/v2\/posts\/11063\/revisions"}],"predecessor-version":[{"id":11064,"href":"https:\/\/www.lifescienceart.com\/hu\/wp-json\/wp\/v2\/posts\/11063\/revisions\/11064"}],"wp:attachment":[{"href":"https:\/\/www.lifescienceart.com\/hu\/wp-json\/wp\/v2\/media?parent=11063"}],"wp:term":[{"taxonomy":"category","embeddable":true,"href":"https:\/\/www.lifescienceart.com\/hu\/wp-json\/wp\/v2\/categories?post=11063"},{"taxonomy":"post_tag","embeddable":true,"href":"https:\/\/www.lifescienceart.com\/hu\/wp-json\/wp\/v2\/tags?post=11063"}],"curies":[{"name":"wp","href":"https:\/\/api.w.org\/{rel}","templated":true}]}}