{"id":11219,"date":"2024-07-14T13:09:28","date_gmt":"2024-07-14T13:09:28","guid":{"rendered":"https:\/\/www.lifescienceart.com\/?p=11219"},"modified":"2024-07-14T13:09:28","modified_gmt":"2024-07-14T13:09:28","slug":"bisa-butler-transforming-history-identity-vibrant-quilts","status":"publish","type":"post","link":"https:\/\/www.lifescienceart.com\/hu\/art\/textile-art\/bisa-butler-transforming-history-identity-vibrant-quilts\/","title":{"rendered":"Bisa Butler: A t\u00f6rt\u00e9nelem \u00e9s az identit\u00e1s \u00e1tform\u00e1l\u00e1sa \u00e9l\u00e9nk quiltekkel"},"content":{"rendered":"<h2 class=\"wp-block-heading\">Bisa Butler: A t\u00f6rt\u00e9nelem \u00e9s az identit\u00e1s \u00e1tform\u00e1l\u00e1sa \u00e9l\u00e9nk quiltekkel<\/h2>\n\n<h2 class=\"wp-block-heading\">A quiltel\u00e9s, mint m\u0171v\u00e9szet \u00e9s t\u00f6rt\u00e9netmes\u00e9l\u00e9s<\/h2>\n\n<p>Bisa Butler innovat\u00edv portr\u00e9\u00e1br\u00e1zol\u00e1sa a quiltel\u00e9sen kereszt\u00fcl leny\u0171g\u00f6zte a m\u0171v\u00e9szeti vil\u00e1got. Hatalmas quiljei rendk\u00edv\u00fcli \u00e9l\u00e9nks\u00e9ggel \u00e1br\u00e1zolnak afroamerikaiakat, kih\u00edv\u00e1st jelentve a b\u0151rt\u00f3nusokr\u00f3l \u00e9s az \u00e1br\u00e1zol\u00e1sr\u00f3l alkotott hagyom\u00e1nyos elk\u00e9pzel\u00e9seknek.<\/p>\n\n<p>Butler quiljei nem csup\u00e1n dekorat\u00edvak; er\u0151teljes narrat\u00edv\u00e1k, amelyek felt\u00e1rj\u00e1k a t\u00f6rt\u00e9nelmet, az identit\u00e1st \u00e9s az emberi tapasztalatot. Anyagok, mint\u00e1k \u00e9s sz\u00ednek felhaszn\u00e1l\u00e1s\u00e1val hangot ad az el nem mondott t\u00f6rt\u00e9neteknek, \u00e9s \u00fcnnepli a fekete kult\u00fara ellen\u00e1ll\u00f3k\u00e9pess\u00e9g\u00e9t \u00e9s sz\u00e9ps\u00e9g\u00e9t.<\/p>\n\n<h2 class=\"wp-block-heading\">A sz\u00edn \u00e9rzelmi ereje<\/h2>\n\n<p>Butler munk\u00e1j\u00e1ban a sz\u00edn k\u00f6zponti szerepet j\u00e1tszik. Sz\u00ednes spektrumot haszn\u00e1l, hogy \u00e9rzelmeket keltsen \u00e9s \u00f6sszetett \u00fczeneteket k\u00f6zvet\u00edtsen. A szenved\u00e9lyt jelk\u00e9pez\u0151 t\u00fczes v\u00f6r\u00f6st\u0151l a m\u00e9lt\u00f3s\u00e1got k\u00e9pvisel\u0151 h\u0171v\u00f6s k\u00e9kekig minden sz\u00edn m\u00e9lys\u00e9get k\u00f6lcs\u00f6n\u00f6z t\u00e9m\u00e1inak.<\/p>\n\n<p>Butler \u00e9l\u00e9nk palett\u00e1ja elvonja a figyelmet a fel\u00fcletes b\u0151rsz\u00edn-felt\u00e9telez\u00e9sekr\u0151l, \u00e9s t\u00e9m\u00e1i bels\u0151 \u00e9let\u00e9re ir\u00e1ny\u00edtja azt. Portr\u00e9i megragadj\u00e1k embers\u00e9g\u00fck l\u00e9nyeg\u00e9t, \u00e1tl\u00e9pve a faji \u00e9s kultur\u00e1lis hat\u00e1rokat.<\/p>\n\n<h2 class=\"wp-block-heading\">Afrikai \u00f6r\u00f6ks\u00e9g \u00e9s szimbolizmus<\/h2>\n\n<p>Butler quiljei m\u00e9lyen gy\u00f6kereznek az afrikai \u00f6r\u00f6ks\u00e9gben. Hagyom\u00e1nyos afrikai mint\u00e1kat, anyagokat \u00e9s szimb\u00f3lumokat \u00e9p\u00edt be, hogy tisztelegjen t\u00e9m\u00e1i kultur\u00e1lis identit\u00e1sa el\u0151tt. Ezek az elemek vizu\u00e1lis jelekk\u00e9nt szolg\u00e1lnak, amelyek \u00f6sszek\u00f6tik a m\u00faltat a jelennel, \u00fcnnepelve az afroamerikaiak \u00f6r\u00f6k hagyat\u00e9k\u00e1t.<\/p>\n\n<p>P\u00e9ld\u00e1ul a &#8220;Ne l\u00e9pj r\u00e1m, istenverte, menj\u00fcnk! &#8211; A harlemi pokolharcosok&#8221; c\u00edm\u0171 quiltj\u00e9n Butler oroszl\u00e1nokat \u00e1br\u00e1zol\u00f3 anyagot haszn\u00e1l, amely a f\u00e9rfiakat a demokr\u00e1cia \u0151reik\u00e9nt \u00e1br\u00e1zolja. Egy m\u00e1sik anyagon bet\u0171k \u00e9s sz\u00edvek l\u00e1that\u00f3k, amelyek a fiatal katon\u00e1k szeretet\u00e9t \u00e9s \u00e1ldozat\u00e1t szimboliz\u00e1lj\u00e1k h\u00e1bor\u00fas id\u0151kben.<\/p>\n\n<h2 class=\"wp-block-heading\">K\u00e9pviselet \u00e9s t\u00e1rsadalmi igazs\u00e1goss\u00e1g<\/h2>\n\n<p>Butler munk\u00e1ja fontos t\u00e1rsadalmi igazs\u00e1goss\u00e1gi k\u00e9rd\u00e9sekkel foglalkozik, r\u00e1vil\u00e1g\u00edtva a perif\u00e9ri\u00e1ra szorult k\u00f6z\u00f6ss\u00e9gek k\u00fczdelmeire \u00e9s diadalaira. Harriet Tubman \u00e9s Martin Luther King Jr. ikonikus alakjair\u00f3l k\u00e9sz\u00fclt portr\u00e9i er\u0151teljes eml\u00e9keztet\u0151k az egyenl\u0151s\u00e9g\u00e9rt \u00e9s a szabads\u00e1g\u00e9rt folytatott harcra.<\/p>\n\n<p>Butler quiljei a h\u00e9tk\u00f6znapi fekete amerikaiak tapasztalatait is kiemelik, megragadva ellen\u00e1ll\u00f3k\u00e9pess\u00e9g\u00fcket, \u00f6r\u00f6m\u00fcket \u00e9s elsz\u00e1nts\u00e1gukat. Ezeknek a t\u00f6rt\u00e9neteknek a megsz\u00f3laltat\u00e1s\u00e1val kih\u00edv\u00e1st jelent a sztereot\u00edpi\u00e1kkal szemben, \u00e9s el\u0151seg\u00edt az amerikai t\u00f6rt\u00e9nelemr\u0151l alkotott befogad\u00f3bb meg\u00e9rt\u00e9st.<\/p>\n\n<h2 class=\"wp-block-heading\">A quiltel\u00e9si folyamat, mint t\u00f6rt\u00e9netmes\u00e9l\u00e9s<\/h2>\n\n<p>Butler quiltel\u00e9si folyamata ugyanolyan egyedi, mint maga a m\u0171v\u00e9szete. T\u00e9m\u00e1i f\u00e9nyk\u00e9peivel kezdi, amelyeket azt\u00e1n bonyolult mint\u00e1kk\u00e1 alak\u00edt. Egy hossz\u00fakar\u00fa quiltel\u0151g\u00e9pet haszn\u00e1lva r\u00e9tegezi az anyagokat, text\u00far\u00e1k \u00e9s sz\u00ednek mozaikj\u00e1t hozva l\u00e9tre.<\/p>\n\n<p>Gondos k\u00e9zm\u0171vess\u00e9g\u00e9vel Butler fizikai form\u00e1t ad azoknak a t\u00f6rt\u00e9neteknek, amelyeket el akar mes\u00e9lni. Az \u00edgy l\u00e9trej\u00f6v\u0151 quiltek a t\u00f6rt\u00e9nelem, az identit\u00e1s \u00e9s az emberi l\u00e9lek k\u00e9zzelfoghat\u00f3 \u00e1br\u00e1zol\u00e1saiv\u00e1 v\u00e1lnak.<\/p>\n\n<h2 class=\"wp-block-heading\">A fekete \u00f6r\u00f6m \u00e9s ellen\u00e1ll\u00f3k\u00e9pess\u00e9g \u00fcnnepl\u00e9se<\/h2>\n\n<p>B\u00e1r Butler munk\u00e1ja gyakran komoly t\u00e9m\u00e1kkal foglalkozik, a fekete \u00f6r\u00f6m \u00e9s ellen\u00e1ll\u00f3k\u00e9pess\u00e9g \u00fcnnepe is. Portr\u00e9i megragadj\u00e1k az afroamerikaiak sz\u00e9ps\u00e9g\u00e9t, erej\u00e9t \u00e9s rend\u00edthetetlen szellem\u00e9t a t\u00f6rt\u00e9nelem sor\u00e1n.<\/p>\n\n<p>Butler quiljei eml\u00e9keztetnek minket a m\u0171v\u00e9szet azon erej\u00e9re, hogy inspir\u00e1ljon, felemeljen \u00e9s \u00f6sszek\u00f6ss\u00f6n minket k\u00f6z\u00f6s embers\u00e9g\u00fcnkkel. Bizony\u00edt\u00e9kai az afroamerikaiak \u00f6r\u00f6k hagyat\u00e9k\u00e1nak \u00e9s \u00e9l\u00e9nk kult\u00far\u00e1j\u00e1nak.<\/p>","protected":false},"excerpt":{"rendered":"<p>Bisa Butler: A t\u00f6rt\u00e9nelem \u00e9s az identit\u00e1s \u00e1tform\u00e1l\u00e1sa \u00e9l\u00e9nk quiltekkel A quiltel\u00e9s, mint m\u0171v\u00e9szet \u00e9s t\u00f6rt\u00e9netmes\u00e9l\u00e9s Bisa Butler innovat\u00edv portr\u00e9\u00e1br\u00e1zol\u00e1sa a quiltel\u00e9sen kereszt\u00fcl leny\u0171g\u00f6zte a m\u0171v\u00e9szeti vil\u00e1got. Hatalmas quiljei rendk\u00edv\u00fcli&hellip;<\/p>\n","protected":false},"author":2,"featured_media":23860,"comment_status":"closed","ping_status":"closed","sticky":false,"template":"","format":"standard","meta":{"footnotes":""},"categories":[14496],"tags":[15180,15182,15181,1434,15184,540,3735,15183,527,11941,15185],"class_list":["post-11219","post","type-post","status-publish","format-standard","has-post-thumbnail","hentry","category-textile-art","tag-african-heritage","tag-black-culture","tag-black-art","tag-black-history","tag-quilting","tag-identity","tag-portraiture","tag-fiber-art","tag-social-justice","tag-fabric-art","tag-textile-art"],"_links":{"self":[{"href":"https:\/\/www.lifescienceart.com\/hu\/wp-json\/wp\/v2\/posts\/11219","targetHints":{"allow":["GET"]}}],"collection":[{"href":"https:\/\/www.lifescienceart.com\/hu\/wp-json\/wp\/v2\/posts"}],"about":[{"href":"https:\/\/www.lifescienceart.com\/hu\/wp-json\/wp\/v2\/types\/post"}],"author":[{"embeddable":true,"href":"https:\/\/www.lifescienceart.com\/hu\/wp-json\/wp\/v2\/users\/2"}],"replies":[{"embeddable":true,"href":"https:\/\/www.lifescienceart.com\/hu\/wp-json\/wp\/v2\/comments?post=11219"}],"version-history":[{"count":1,"href":"https:\/\/www.lifescienceart.com\/hu\/wp-json\/wp\/v2\/posts\/11219\/revisions"}],"predecessor-version":[{"id":11220,"href":"https:\/\/www.lifescienceart.com\/hu\/wp-json\/wp\/v2\/posts\/11219\/revisions\/11220"}],"wp:featuredmedia":[{"embeddable":true,"href":"https:\/\/www.lifescienceart.com\/hu\/wp-json\/wp\/v2\/media\/23860"}],"wp:attachment":[{"href":"https:\/\/www.lifescienceart.com\/hu\/wp-json\/wp\/v2\/media?parent=11219"}],"wp:term":[{"taxonomy":"category","embeddable":true,"href":"https:\/\/www.lifescienceart.com\/hu\/wp-json\/wp\/v2\/categories?post=11219"},{"taxonomy":"post_tag","embeddable":true,"href":"https:\/\/www.lifescienceart.com\/hu\/wp-json\/wp\/v2\/tags?post=11219"}],"curies":[{"name":"wp","href":"https:\/\/api.w.org\/{rel}","templated":true}]}}