{"id":11381,"date":"2019-10-20T04:45:55","date_gmt":"2019-10-20T04:45:55","guid":{"rendered":"https:\/\/www.lifescienceart.com\/?p=11381"},"modified":"2019-10-20T04:45:55","modified_gmt":"2019-10-20T04:45:55","slug":"new-carnivorous-pitcher-plant-traps-prey-underground","status":"publish","type":"post","link":"https:\/\/www.lifescienceart.com\/hu\/science\/botany\/new-carnivorous-pitcher-plant-traps-prey-underground\/","title":{"rendered":"H\u00fasev\u0151 kancs\u00f3n\u00f6v\u00e9ny csapd\u00e1t \u00e1ll\u00edt a f\u00f6ld alatt: \u00faj felfedez\u00e9s"},"content":{"rendered":"<h2 class=\"wp-block-heading\">H\u00fasev\u0151 kancs\u00f3ka a f\u00f6ld alatt ejti csapd\u00e1ba a zs\u00e1km\u00e1ny\u00e1t: egy \u00faj felfedez\u00e9s<\/h2>\n\n<h2 class=\"wp-block-heading\">\u00daj faj felfedez\u00e9se<\/h2>\n\n<p>A kutat\u00f3k egy \u00faj kancs\u00f3kafajt fedeztek fel Borne\u00f3 es\u0151erd\u0151iben, amely egyed\u00fcl\u00e1ll\u00f3 alkalmazkod\u00f3k\u00e9pess\u00e9ggel rendelkezik: a f\u00f6ld alatt csapd\u00e1ba ejti \u00e9s megeszi a zs\u00e1km\u00e1ny\u00e1t. Ez az els\u0151 feljegyzett kancs\u00f3ka, amely a felsz\u00edn alatt t\u00e1pl\u00e1lkozik, ami jelent\u0151s botanikai felfedez\u00e9ss\u00e9 teszi.<\/p>\n\n<p>A Nepenthes pudica nev\u0171 n\u00f6v\u00e9nyt olyan tud\u00f3sok tal\u00e1lt\u00e1k meg, akiket eleinte megzavart a l\u00e1that\u00f3 kancs\u00f3k hi\u00e1nya. V\u00e9g\u00fcl azonban r\u00e1bukkantak a talaj alatt rejt\u0151z\u0151 gesztenyebarna kancs\u00f3kra.<\/p>\n\n<h2 class=\"wp-block-heading\">F\u00f6ldalatti kancs\u00f3k<\/h2>\n\n<p>A Nepenthes pudica kancs\u00f3i elt\u00e9rnek a t\u00f6bbi kancs\u00f3ka kancs\u00f3it\u00f3l. A f\u00f6ld alatt k\u00e9pz\u0151dnek, \u00e9s ak\u00e1r 4,3 h\u00fcvelyk hossz\u00fara is megn\u0151hetnek. A kancs\u00f3k vastagabbak \u00e9s er\u0151sebbek, mint a f\u00f6ld feletti kancs\u00f3k, mert n\u00f6veked\u00e9s\u00fck sor\u00e1n \u00e1t kell hatolniuk a talajon \u00e9s t\u00f6rmel\u00e9ken.<\/p>\n\n<h2 class=\"wp-block-heading\">Zs\u00e1km\u00e1nyszerz\u00e9s<\/h2>\n\n<p>A Nepenthes pudica f\u00f6ldalatti kancs\u00f3it haszn\u00e1lja a f\u00f6ld alatt \u00e9l\u0151 hangy\u00e1k, atk\u00e1k, bogarak \u00e9s egy\u00e9b apr\u00f3 l\u00e9nyek csapd\u00e1ba ejt\u00e9s\u00e9hez \u00e9s megem\u00e9szt\u00e9s\u00e9hez. A kancs\u00f3k em\u00e9szt\u0151enzimekkel vannak b\u00e9lelve, amelyek seg\u00edtenek a zs\u00e1km\u00e1ny lebont\u00e1s\u00e1ban t\u00e1pl\u00e1l\u00e9kk\u00e1.<\/p>\n\n<h2 class=\"wp-block-heading\">Egyed\u00fcl\u00e1ll\u00f3 alkalmazkod\u00e1sok<\/h2>\n\n<p>A Nepenthes pudica t\u00f6bb szempontb\u00f3l is egyed\u00fcl\u00e1ll\u00f3 a h\u00fasev\u0151 n\u00f6v\u00e9nyek k\u00f6z\u00f6tt. El\u0151sz\u00f6r is, ez az egyetlen ismert kancs\u00f3ka, amely a f\u00f6ld alatt csapd\u00e1ba ejti a zs\u00e1km\u00e1ny\u00e1t. M\u00e1sodszor, kancs\u00f3i nagyobbak, mint a t\u00f6bbi nem kancs\u00f3s h\u00fasev\u0151 n\u00f6v\u00e9ny\u00e9, amely a f\u00f6ld alatt fog meg zs\u00e1km\u00e1nyt. Harmadszor, Borne\u00f3 egy adott r\u00e9gi\u00f3j\u00e1ra endemikus, ami kiemelt term\u00e9szetv\u00e9delmi fontoss\u00e1g\u00fav\u00e1 teszi.<\/p>\n\n<h2 class=\"wp-block-heading\">Term\u00e9szetv\u00e9delmi jelent\u0151s\u00e9g<\/h2>\n\n<p>A Nepenthes pudica felfedez\u00e9se r\u00e1vil\u00e1g\u00edt Borne\u00f3 es\u0151erdeinek gazdag biodiverzit\u00e1s\u00e1ra \u00e9s e rendszerek meg\u0151rz\u00e9s\u00e9nek fontoss\u00e1g\u00e1ra. A n\u00f6v\u00e9ny egyed\u00fcl\u00e1ll\u00f3 alkalmazkod\u00f3k\u00e9pess\u00e9ge \u00e9s korl\u00e1tozott elterjed\u00e9se sebezhet\u0151v\u00e9 teszi az \u00e9l\u0151hely elveszt\u00e9s\u00e9vel \u00e9s m\u00e1s vesz\u00e9lyekkel szemben. Term\u00e9szetv\u00e9delmi er\u0151fesz\u00edt\u00e9sek folynak a n\u00f6v\u00e9ny \u00e9s \u00e9l\u0151helye v\u00e9delm\u00e9re.<\/p>\n\n<h2 class=\"wp-block-heading\">Tudom\u00e1nyos jelent\u0151s\u00e9g<\/h2>\n\n<p>A Nepenthes pudica felfedez\u00e9s\u00e9nek hat\u00e1sa van a h\u00fasev\u0151 n\u00f6v\u00e9nyekr\u0151l \u00e9s evol\u00faci\u00f3s t\u00f6rt\u00e9net\u00fckr\u0151l val\u00f3 ismereteinkre. Azt sugallja, hogy a kancs\u00f3k\u00e1k sokkal sz\u00e9lesebb k\u00f6r\u0171 \u00e9l\u0151helyekhez \u00e9s zs\u00e1km\u00e1nyhoz alkalmazkodtak, mint kor\u00e1bban gondoltuk.<\/p>\n\n<h2 class=\"wp-block-heading\">A Nepenthes pudica le\u00edr\u00e1sa<\/h2>\n\n<p>A Nepenthes pudica egy \u00e9vel\u0151 n\u00f6v\u00e9ny, amely Indon\u00e9zia \u00c9szak-Kalimantan tartom\u00e1ny\u00e1nak Mentarang Hulu ker\u00fclet\u00e9ben n\u0151. A tengerszint feletti 3600-4265 m\u00e9teres magass\u00e1gban tal\u00e1lhat\u00f3. A n\u00f6v\u00e9nynek keskeny levelei vannak, \u00e9s gesztenyebarna kancs\u00f3kat hoz l\u00e9tre, amelyek a f\u00f6ld alatt rejt\u0151znek.<\/p>\n\n<h2 class=\"wp-block-heading\">Em\u00e9szt\u0151enzimek<\/h2>\n\n<p>M\u00e1s h\u00fasev\u0151 n\u00f6v\u00e9nyekhez hasonl\u00f3an a Nepenthes pudica is em\u00e9szt\u0151enzimeket termel, amelyek seg\u00edtenek a zs\u00e1km\u00e1ny lebont\u00e1s\u00e1ban \u00e9s felsz\u00edv\u00e1s\u00e1ban. Ezek az enzimek a kancs\u00f3kba v\u00e1laszt\u00f3dnak ki, \u00e9s a zs\u00e1km\u00e1ny sz\u00f6veteinek felold\u00e1s\u00e1n dolgoznak.<\/p>\n\n<h2 class=\"wp-block-heading\">Zs\u00e1km\u00e1nyspektrum<\/h2>\n\n<p>A Nepenthes pudica sz\u00e1mos zs\u00e1km\u00e1nyt k\u00e9pes befogni, t\u00f6bbek k\u00f6z\u00f6tt hangy\u00e1kat, atk\u00e1kat, bogarakat, sz\u00fanyogl\u00e1rv\u00e1kat, fonalf\u00e9rgeket \u00e9s m\u00e9g egy \u00faj f\u00e9regfajt is. Ez arra utal, hogy a n\u00f6v\u00e9ny fontos ragadoz\u00f3 a f\u00f6ldalatti \u00f6kosziszt\u00e9m\u00e1ban.<\/p>\n\n<h2 class=\"wp-block-heading\">Term\u00e9szetv\u00e9delmi st\u00e1tusz<\/h2>\n\n<p>A Nepenthes pudic\u00e1t a Term\u00e9szetv\u00e9delmi Vil\u00e1gsz\u00f6vets\u00e9g (IUCN) sebezhet\u0151 fajk\u00e9nt sorolta fel. Korl\u00e1tozott elterjed\u00e9se \u00e9s \u00e9l\u0151hely\u00e9nek elveszt\u00e9se kihal\u00e1ssal fenyegeti. Term\u00e9szetv\u00e9delmi t\u00f6rekv\u00e9sek folynak a n\u00f6v\u00e9ny \u00e9s \u00e9l\u0151helye v\u00e9delm\u00e9re.<\/p>","protected":false},"excerpt":{"rendered":"<p>H\u00fasev\u0151 kancs\u00f3ka a f\u00f6ld alatt ejti csapd\u00e1ba a zs\u00e1km\u00e1ny\u00e1t: egy \u00faj felfedez\u00e9s \u00daj faj felfedez\u00e9se A kutat\u00f3k egy \u00faj kancs\u00f3kafajt fedeztek fel Borne\u00f3 es\u0151erd\u0151iben, amely egyed\u00fcl\u00e1ll\u00f3 alkalmazkod\u00f3k\u00e9pess\u00e9ggel rendelkezik: a f\u00f6ld&hellip;<\/p>\n","protected":false},"author":6,"featured_media":0,"comment_status":"closed","ping_status":"closed","sticky":false,"template":"","format":"standard","meta":{"footnotes":""},"categories":[1823],"tags":[15410,15409,15407,1822,15408],"class_list":["post-11381","post","type-post","status-publish","format-standard","hentry","category-botany","tag-borneo-rainforest","tag-botanical-discovery","tag-nepenthes-pudica","tag-carnivorous-plants","tag-subterranean-prey"],"_links":{"self":[{"href":"https:\/\/www.lifescienceart.com\/hu\/wp-json\/wp\/v2\/posts\/11381","targetHints":{"allow":["GET"]}}],"collection":[{"href":"https:\/\/www.lifescienceart.com\/hu\/wp-json\/wp\/v2\/posts"}],"about":[{"href":"https:\/\/www.lifescienceart.com\/hu\/wp-json\/wp\/v2\/types\/post"}],"author":[{"embeddable":true,"href":"https:\/\/www.lifescienceart.com\/hu\/wp-json\/wp\/v2\/users\/6"}],"replies":[{"embeddable":true,"href":"https:\/\/www.lifescienceart.com\/hu\/wp-json\/wp\/v2\/comments?post=11381"}],"version-history":[{"count":1,"href":"https:\/\/www.lifescienceart.com\/hu\/wp-json\/wp\/v2\/posts\/11381\/revisions"}],"predecessor-version":[{"id":11382,"href":"https:\/\/www.lifescienceart.com\/hu\/wp-json\/wp\/v2\/posts\/11381\/revisions\/11382"}],"wp:attachment":[{"href":"https:\/\/www.lifescienceart.com\/hu\/wp-json\/wp\/v2\/media?parent=11381"}],"wp:term":[{"taxonomy":"category","embeddable":true,"href":"https:\/\/www.lifescienceart.com\/hu\/wp-json\/wp\/v2\/categories?post=11381"},{"taxonomy":"post_tag","embeddable":true,"href":"https:\/\/www.lifescienceart.com\/hu\/wp-json\/wp\/v2\/tags?post=11381"}],"curies":[{"name":"wp","href":"https:\/\/api.w.org\/{rel}","templated":true}]}}