{"id":11475,"date":"2024-06-11T20:21:24","date_gmt":"2024-06-11T20:21:24","guid":{"rendered":"https:\/\/www.lifescienceart.com\/?p=11475"},"modified":"2024-06-11T20:21:24","modified_gmt":"2024-06-11T20:21:24","slug":"congos-civil-wars-devastating-impact-forests","status":"publish","type":"post","link":"https:\/\/www.lifescienceart.com\/hu\/science\/ecology\/congos-civil-wars-devastating-impact-forests\/","title":{"rendered":"Kong\u00f3 polg\u00e1rh\u00e1bor\u00fai: Puszt\u00edt\u00f3 hat\u00e1s az erd\u0151kre"},"content":{"rendered":"<h2 class=\"wp-block-heading\">A Kong\u00f3i Demokratikus K\u00f6zt\u00e1rsas\u00e1g polg\u00e1rh\u00e1bor\u00fainak puszt\u00edt\u00f3 hat\u00e1sa az erd\u0151s\u00e9gekre<\/h2>\n\n<h2 class=\"wp-block-heading\">Konfliktus \u00e9s elmozdul\u00e1s<\/h2>\n\n<p>A Kong\u00f3i Demokratikus K\u00f6zt\u00e1rsas\u00e1g polg\u00e1rh\u00e1bor\u00fainak t\u00f6rt\u00e9nete m\u00e9ly hat\u00e1ssal volt az orsz\u00e1g erd\u0151ire. Ahogy a konfliktusok ki\u00e9lez\u0151dtek, az emberi popul\u00e1ci\u00f3 v\u00e9dett ter\u00fcleteken keresett mened\u00e9ket, t\u00f6bbek k\u00f6z\u00f6tt a Luo Tudom\u00e1nyos Rezerv\u00e1tumban \u00e9s az Iyondji K\u00f6z\u00f6ss\u00e9gi Bonob\u00f3 Rezerv\u00e1tumban. Ez a be\u00e1raml\u00e1s fokozott erd\u0151irt\u00e1shoz vezetett, ahogy az emberek ter\u00fcleteket tiszt\u00edtottak meg a mez\u0151gazdas\u00e1g \u00e9s m\u00e1s t\u00fal\u00e9l\u00e9si sz\u00fcks\u00e9gletek kiel\u00e9g\u00edt\u00e9s\u00e9re.<\/p>\n\n<p>M\u0171holdfelv\u00e9telek elemz\u00e9se kimutatta, hogy az erd\u0151irt\u00e1s m\u00e9rt\u00e9ke t\u00f6bb mint k\u00e9tszeres\u00e9re n\u0151tt a konfliktus id\u0151szak\u00e1ban (1990-2000) az azt k\u00f6vet\u0151 \u00e9vtizedhez (2000-2010) k\u00e9pest. Az erd\u0151irt\u00e1s nagy r\u00e9sze kis, elszigetelt tiszt\u00e1sokon t\u00f6rt\u00e9nt, ami arra utal, hogy az emberek ink\u00e1bb az erd\u0151k belsej\u00e9be k\u00f6lt\u00f6ztek, mintsem nagy f\u00f6ldter\u00fcleteket tiszt\u00edtottak meg.<\/p>\n\n<h2 class=\"wp-block-heading\">A vadvil\u00e1gra gyakorolt hat\u00e1s<\/h2>\n\n<p>Az emberek erd\u0151be val\u00f3 elmozdul\u00e1sa puszt\u00edt\u00f3 hat\u00e1ssal volt a vadvil\u00e1gra. A Kahuzi-Biega Nemzeti Parkban a gorill\u00e1k fel\u00e9t meg\u00f6lt\u00e9k boz\u00f3th\u00fas\u00e9rt. A bonob\u00f3kat, az elef\u00e1ntokat, a v\u00edzilovakat, a bivalyokat \u00e9s a gorill\u00e1kat is intenz\u00edven vad\u00e1szt\u00e1k.<\/p>\n\n<p>A t\u00e9rs\u00e9gben bonob\u00f3kat tanulm\u00e1nyoz\u00f3 kutat\u00f3k a popul\u00e1ci\u00f3juk t\u00f6bb mint fel\u00e9nek elt\u0171n\u00e9s\u00e9r\u0151l sz\u00e1moltak be 1991 \u00e9s 2005 k\u00f6z\u00f6tt. Bonob\u00f3k h\u00e1rom csoportja teljesen elt\u0171nt. A konfliktusok alatt \u00f6sszeomlottak a f\u0151eml\u0151s\u00f6k elfogyaszt\u00e1s\u00e1val kapcsolatos helyi tabuk, \u00e9s a katon\u00e1k nyom\u00e1st gyakoroltak a falusiakra, hogy vad\u00e1ssz\u00e1k a bonob\u00f3kat \u00e9lelem c\u00e9lj\u00e1b\u00f3l.<\/p>\n\n<h2 class=\"wp-block-heading\">Az erd\u0151irt\u00e1s nyomon k\u00f6vet\u00e9se<\/h2>\n\n<p>Az erd\u0151irt\u00e1s m\u00e9r\u00e9se m\u0171holdfelv\u00e9telek megjelen\u00e9s\u00e9vel k\u00f6nnyebb\u00e9 v\u00e1lt. A World Resources Institute Global Forest Watch lehet\u0151v\u00e9 teszi b\u00e1rki sz\u00e1m\u00e1ra, hogy k\u00f6zel val\u00f3s id\u0151ben \u00e9s mind\u00f6ssze 30 m\u00e9teres felbont\u00e1sban figyelje az erd\u0151v\u00e1ltoz\u00e1sokat. Ez az eszk\u00f6z elengedhetetlen az erd\u0151irt\u00e1s nyomon k\u00f6vet\u00e9s\u00e9hez olyan t\u00e1voli ter\u00fcleteken, mint amilyenek a Kong\u00f3i Demokratikus K\u00f6zt\u00e1rsas\u00e1g erd\u0151i.<\/p>\n\n<h2 class=\"wp-block-heading\">Emberi telep\u00fcl\u00e9sek t\u00e1voli erd\u0151kben<\/h2>\n\n<p>Azok k\u00f6z\u00fcl az emberek k\u00f6z\u00fcl, akik a polg\u00e1rh\u00e1bor\u00fak alatt az erd\u0151kbe k\u00f6lt\u00f6ztek, n\u00e9h\u00e1nyan soha nem t\u00e9rtek vissza. Kutat\u00f3k emberi telep\u00fcl\u00e9seket jelentettek a Kong\u00f3i Demokratikus K\u00f6zt\u00e1rsas\u00e1g erdeinek m\u00e9ly\u00e9n. Ezeket a telep\u00fcl\u00e9seket neh\u00e9z nyomon k\u00f6vetni, de jelenl\u00e9t\u00fck kiemeli a konfliktusok hossz\u00fa t\u00e1v\u00fa hat\u00e1s\u00e1t az emberi popul\u00e1ci\u00f3ra \u00e9s a k\u00f6rnyezetre.<\/p>\n\n<h2 class=\"wp-block-heading\">Konfliktus ut\u00e1ni helyre\u00e1ll\u00edt\u00e1s<\/h2>\n\n<p>A m\u00e1sodik polg\u00e1rh\u00e1bor\u00fa 2003-as befejez\u00e9se ut\u00e1n az erd\u0151irt\u00e1s m\u00e9rt\u00e9ke cs\u00f6kkent. Azonban ahogy az emberek visszat\u00e9rtek falvaikba, gyakran kitiszt\u00edtott\u00e1k az erd\u0151t \u00faj mez\u0151gazdas\u00e1gi ter\u00fcletek c\u00e9lj\u00e1ra, ami fokozott erd\u0151irt\u00e1shoz vezetett azokon a ter\u00fcleteken.<\/p>\n\n<h2 class=\"wp-block-heading\">Term\u00e9szetv\u00e9delmi kih\u00edv\u00e1sok<\/h2>\n\n<p>A Kong\u00f3i Demokratikus K\u00f6zt\u00e1rsas\u00e1g erd\u0151it tov\u00e1bbra is az erd\u0151irt\u00e1s, a vad\u00e1szat \u00e9s az emberi telep\u00fcl\u00e9s jelenti. Term\u00e9szetv\u00e9delmi er\u0151fesz\u00edt\u00e9sek vannak folyamatban ezen \u00e9rt\u00e9kes \u00f6kosziszt\u00e9m\u00e1k \u00e9s az \u00e1ltaluk t\u00e1mogatott vadvil\u00e1g v\u00e9delme \u00e9rdek\u00e9ben. A m\u0171holdas megfigyel\u00e9s \u00e9s m\u00e1s eszk\u00f6z\u00f6k elengedhetetlenek az erd\u0151irt\u00e1s nyomon k\u00f6vet\u00e9s\u00e9hez \u00e9s a term\u00e9szetv\u00e9delmi strat\u00e9gi\u00e1k t\u00e1j\u00e9koztat\u00e1s\u00e1hoz.<\/p>\n\n<p>A Kong\u00f3i Demokratikus K\u00f6zt\u00e1rsas\u00e1g erd\u0151ire gyakorolt polg\u00e1rh\u00e1bor\u00fak hat\u00e1s\u00e1nak meg\u00e9rt\u00e9s\u00e9vel jobban fel tudjuk venni a harcot a r\u00e9gi\u00f3 term\u00e9szetv\u00e9delmi \u00e9s fenntarthat\u00f3 fejl\u0151d\u00e9si kih\u00edv\u00e1sai ellen.<\/p>","protected":false},"excerpt":{"rendered":"<p>A Kong\u00f3i Demokratikus K\u00f6zt\u00e1rsas\u00e1g polg\u00e1rh\u00e1bor\u00fainak puszt\u00edt\u00f3 hat\u00e1sa az erd\u0151s\u00e9gekre Konfliktus \u00e9s elmozdul\u00e1s A Kong\u00f3i Demokratikus K\u00f6zt\u00e1rsas\u00e1g polg\u00e1rh\u00e1bor\u00fainak t\u00f6rt\u00e9nete m\u00e9ly hat\u00e1ssal volt az orsz\u00e1g erd\u0151ire. Ahogy a konfliktusok ki\u00e9lez\u0151dtek, az emberi&hellip;<\/p>\n","protected":false},"author":6,"featured_media":23637,"comment_status":"closed","ping_status":"closed","sticky":false,"template":"","format":"standard","meta":{"footnotes":""},"categories":[590],"tags":[640,876,15534,15532,401,889,15533,254],"class_list":["post-11475","post","type-post","status-publish","format-standard","has-post-thumbnail","hentry","category-ecology","tag-human-impact","tag-deforestation","tag-forests","tag-congo","tag-conservation","tag-satellite-imagery","tag-civil-wars","tag-wildlife"],"_links":{"self":[{"href":"https:\/\/www.lifescienceart.com\/hu\/wp-json\/wp\/v2\/posts\/11475","targetHints":{"allow":["GET"]}}],"collection":[{"href":"https:\/\/www.lifescienceart.com\/hu\/wp-json\/wp\/v2\/posts"}],"about":[{"href":"https:\/\/www.lifescienceart.com\/hu\/wp-json\/wp\/v2\/types\/post"}],"author":[{"embeddable":true,"href":"https:\/\/www.lifescienceart.com\/hu\/wp-json\/wp\/v2\/users\/6"}],"replies":[{"embeddable":true,"href":"https:\/\/www.lifescienceart.com\/hu\/wp-json\/wp\/v2\/comments?post=11475"}],"version-history":[{"count":1,"href":"https:\/\/www.lifescienceart.com\/hu\/wp-json\/wp\/v2\/posts\/11475\/revisions"}],"predecessor-version":[{"id":11476,"href":"https:\/\/www.lifescienceart.com\/hu\/wp-json\/wp\/v2\/posts\/11475\/revisions\/11476"}],"wp:featuredmedia":[{"embeddable":true,"href":"https:\/\/www.lifescienceart.com\/hu\/wp-json\/wp\/v2\/media\/23637"}],"wp:attachment":[{"href":"https:\/\/www.lifescienceart.com\/hu\/wp-json\/wp\/v2\/media?parent=11475"}],"wp:term":[{"taxonomy":"category","embeddable":true,"href":"https:\/\/www.lifescienceart.com\/hu\/wp-json\/wp\/v2\/categories?post=11475"},{"taxonomy":"post_tag","embeddable":true,"href":"https:\/\/www.lifescienceart.com\/hu\/wp-json\/wp\/v2\/tags?post=11475"}],"curies":[{"name":"wp","href":"https:\/\/api.w.org\/{rel}","templated":true}]}}