{"id":11962,"date":"2024-05-16T12:04:50","date_gmt":"2024-05-16T12:04:50","guid":{"rendered":"https:\/\/www.lifescienceart.com\/?p=11962"},"modified":"2024-05-16T12:04:50","modified_gmt":"2024-05-16T12:04:50","slug":"wisdom-oldest-albatross-nesting-at-67","status":"publish","type":"post","link":"https:\/\/www.lifescienceart.com\/hu\/science\/zoology\/wisdom-oldest-albatross-nesting-at-67\/","title":{"rendered":"B\u00f6lcsess\u00e9g: a legid\u0151sebb albatrosz 67 \u00e9vesen is toj\u00e1st rakott"},"content":{"rendered":"<h2 class=\"wp-block-heading\">B\u00f6lcsess\u00e9g: a vil\u00e1g legid\u0151sebb ismert albatrosza, m\u00e9g 67 \u00e9vesen is k\u00f6lt<\/h2>\n\n<h2 class=\"wp-block-heading\">Hossz\u00fa \u00e9let \u00e9s alkalmazkod\u00f3k\u00e9pess\u00e9g<\/h2>\n\n<p>B\u00f6lcsess\u00e9g, a vil\u00e1g legid\u0151sebb ismert vadon \u00e9l\u0151 madara, ism\u00e9t toj\u00e1st rakott, ez\u00fattal 67 \u00e9ves kor\u00e1ban. Ez a laysani albatrosz 2006 \u00f3ta k\u00f6lt a Midway Atollonon, a Papah\u0101naumoku\u0101kea Tengeri Nemzeti Eml\u00e9khelyen \u00e9s \u00e9lete p\u00e1rj\u00e1val, Akeakamaijal legal\u00e1bb kilenc fi\u00f3k\u00e1t nevelt fel. Becsl\u00e9sek szerint B\u00f6lcsess\u00e9g \u00e9lete sor\u00e1n 30-35 albatrosz fi\u00f3k\u00e1t nevelt fel, t\u00f6bbet, mint amennyi p\u00e1rja volt.<\/p>\n\n<h2 class=\"wp-block-heading\">Tudom\u00e1nyos jelent\u0151s\u00e9g<\/h2>\n\n<p>B\u00f6lcsess\u00e9g hossz\u00fa \u00e9lete \u00e9s szaporod\u00e1si sikere ikonn\u00e1 tette \u0151t a tudom\u00e1nyos k\u00f6z\u00f6ss\u00e9gben. A biol\u00f3gusokat leny\u0171g\u00f6zi, hogy ilyen el\u0151rehaladott korban is k\u00e9pes t\u00fal\u00e9lni \u00e9s szaporodni, ezzel megk\u00e9rd\u0151jelezve a vadon \u00e9l\u0151 madarak \u00e9lettartam\u00e1r\u00f3l alkotott kor\u00e1bbi felt\u00e9telez\u00e9seket. Folyamatos k\u00f6lt\u00f6z\u00e9se \u00e9rt\u00e9kes betekint\u00e9st ny\u00fajt az albatroszfajok alkalmazkod\u00f3k\u00e9pess\u00e9g\u00e9be \u00e9s ellen\u00e1ll\u00f3 k\u00e9pess\u00e9g\u00e9be.<\/p>\n\n<h2 class=\"wp-block-heading\">A term\u00e9szetv\u00e9delem jelk\u00e9pe<\/h2>\n\n<p>B\u00f6lcsess\u00e9g a tengeri madarakkal szemben \u00e1ll\u00f3 term\u00e9szetv\u00e9delmi kih\u00edv\u00e1sok szimb\u00f3lum\u00e1v\u00e1 is v\u00e1lt. A laysani albatroszokat a Term\u00e9szetv\u00e9delmi Vil\u00e1gsz\u00f6vets\u00e9g (IUCN) a T\u00e1vol Keleten fenyegetett fajk\u00e9nt tartja sz\u00e1mon, amely az invaz\u00edv fajok, a hal\u00e1szh\u00e1l\u00f3k, az olajsziv\u00e1rg\u00e1sok \u00e9s a m\u0171anyagok okozta szennyez\u00e9s k\u00f6vetkezm\u00e9nye. B\u00f6lcsess\u00e9g t\u00f6rt\u00e9nete kiemeli f\u00e9szkel\u0151helyeik v\u00e9delm\u00e9nek \u00e9s fenyeget\u00e9seik m\u00e9rs\u00e9kl\u00e9s\u00e9nek fontoss\u00e1g\u00e1t fajuk fennmarad\u00e1sa \u00e9rdek\u00e9ben.<\/p>\n\n<h2 class=\"wp-block-heading\">F\u00e9szkel\u00e9si szok\u00e1sok<\/h2>\n\n<p>A laysani albatroszok monog\u00e1m madarak, amelyek \u00e1ltal\u00e1ban minden \u00e9vben ugyanarra a f\u00e9szkel\u0151helyre t\u00e9rnek vissza. Hossz\u00fa t\u00e1v\u00fa p\u00e1rkapcsolatokat alak\u00edtanak ki, \u00e9s megosztj\u00e1k egyetlen toj\u00e1suk k\u00f6lt\u00e9s\u00e9nek felel\u0151ss\u00e9g\u00e9t. Ellent\u00e9tben n\u00e9h\u00e1ny m\u00e1s tengeri mad\u00e1rfajjal, amelyek t\u00f6bb toj\u00e1st raknak, az albatroszok egyetlen fi\u00f3ka felnevel\u00e9s\u00e9be fektetnek er\u0151sen, \u00edgy minden toj\u00e1s d\u00f6nt\u0151 jelent\u0151s\u00e9g\u0171 a kol\u00f3nia t\u00fal\u00e9l\u00e9se szempontj\u00e1b\u00f3l.<\/p>\n\n<h2 class=\"wp-block-heading\">Toj\u00e1sk\u00f6lt\u00e9s<\/h2>\n\n<p>B\u00f6lcsess\u00e9g \u00e9s Akeakamai felv\u00e1ltva gondoskodnak a toj\u00e1sr\u00f3l, minden k\u00e9t-h\u00e1rom napban v\u00e1ltj\u00e1k egym\u00e1st, m\u00edg a m\u00e1sik t\u00e1pl\u00e1l\u00e9kot keres. K\u00f6r\u00fclbel\u00fcl k\u00e9t h\u00f3napba telik, am\u00edg egy albatrosztoj\u00e1s kikel, \u00edgy a fi\u00f3ka v\u00e1rhat\u00f3an febru\u00e1r k\u00f6zep\u00e9n vagy azt megel\u0151z\u0151en \u00e9rkezik.<\/p>\n\n<h2 class=\"wp-block-heading\">Vesz\u00e9lyek az albatroszokra<\/h2>\n\n<p>Figyelemre m\u00e9lt\u00f3 alkalmazkod\u00f3k\u00e9pess\u00e9g\u00fck ellen\u00e9re az albatroszok \u00e9let\u00fck sor\u00e1n sz\u00e1mos vesz\u00e9llyel n\u00e9znek szembe. F\u00e9szkel\u0151helyeiken sebezhet\u0151ek az invaz\u00edv eml\u0151s\u00f6kkel, p\u00e9ld\u00e1ul r\u00f3k\u00e1kkal \u00e9s patk\u00e1nyokkal szemben. A tengeren hal\u00e1szh\u00e1l\u00f3kkal, horogsorokkal, olajsziv\u00e1rg\u00e1sokkal \u00e9s m\u0171anyag szennyez\u00e9ssel tal\u00e1lkoznak. B\u00f6lcsess\u00e9g t\u00fal\u00e9l\u00e9se \u00e9s hossz\u00fa \u00e9lete ellen\u00e1ll\u00f3 k\u00e9pess\u00e9g\u00e9nek \u00e9s az \u0151t v\u00e9d\u0151 term\u00e9szetv\u00e9delmi er\u0151fesz\u00edt\u00e9sek fontoss\u00e1g\u00e1nak bizony\u00edt\u00e9ka.<\/p>\n\n<h2 class=\"wp-block-heading\">B\u00f6lcsess\u00e9g utaz\u00e1sa<\/h2>\n\n<p>\u00c9lete sor\u00e1n B\u00f6lcsess\u00e9g k\u00f6r\u00fclbel\u00fcl k\u00e9t-h\u00e1rom milli\u00f3 m\u00e9rf\u00f6ldet tett meg, \u00e1tszelve a hatalmas \u00f3ce\u00e1nokat \u00e9s elker\u00fclve a sz\u00e1mtalan vesz\u00e9lyt. Utaz\u00e1sa bolyg\u00f3nk \u00f6sszekapcsolts\u00e1g\u00e1nak \u00e9s a v\u00e1ndorl\u00f3 fajok \u00e1ltal szemben\u00e9zett kih\u00edv\u00e1soknak az eml\u00e9keztet\u0151je.<\/p>\n\n<h2 class=\"wp-block-heading\">K\u00f6vetkeztet\u00e9s<\/h2>\n\n<p>B\u00f6lcsess\u00e9g t\u00f6rt\u00e9nete a hossz\u00fa \u00e9let, az alkalmazkod\u00f3k\u00e9pess\u00e9g \u00e9s a term\u00e9szetv\u00e9delem rendk\u00edv\u00fcli mes\u00e9je. Az, hogy 67 \u00e9ves kor\u00e1ban is folyamatosan k\u00f6lt, ezeknek a csod\u00e1latos madaraknak az alkalmazkod\u00f3k\u00e9pess\u00e9g\u00e9t \u00e9s ellen\u00e1ll\u00f3 k\u00e9pess\u00e9g\u00e9t bizony\u00edtja. A tengeri madarakkal szemben \u00e1ll\u00f3 kih\u00edv\u00e1sok jelk\u00e9pek\u00e9nt B\u00f6lcsess\u00e9g \u00f6r\u00f6ks\u00e9ge arra inspir\u00e1l benn\u00fcnket, hogy megv\u00e9dj\u00fck \u00e9l\u0151helyeiket \u00e9s biztos\u00edtsuk faj\u00e1nak fennmarad\u00e1s\u00e1t a j\u00f6v\u0151 gener\u00e1ci\u00f3i sz\u00e1m\u00e1ra.<\/p>","protected":false},"excerpt":{"rendered":"<p>B\u00f6lcsess\u00e9g: a vil\u00e1g legid\u0151sebb ismert albatrosza, m\u00e9g 67 \u00e9vesen is k\u00f6lt Hossz\u00fa \u00e9let \u00e9s alkalmazkod\u00f3k\u00e9pess\u00e9g B\u00f6lcsess\u00e9g, a vil\u00e1g legid\u0151sebb ismert vadon \u00e9l\u0151 madara, ism\u00e9t toj\u00e1st rakott, ez\u00fattal 67 \u00e9ves kor\u00e1ban.&hellip;<\/p>\n","protected":false},"author":1,"featured_media":23438,"comment_status":"closed","ping_status":"closed","sticky":false,"template":"","format":"standard","meta":{"footnotes":""},"categories":[280],"tags":[3964,401,584,243,4725,16156],"class_list":["post-11962","post","type-post","status-publish","format-standard","has-post-thumbnail","hentry","category-zoology","tag-longevity","tag-conservation","tag-ornithology","tag-resilience","tag-seabirds","tag-wisdom-the-albatross"],"_links":{"self":[{"href":"https:\/\/www.lifescienceart.com\/hu\/wp-json\/wp\/v2\/posts\/11962","targetHints":{"allow":["GET"]}}],"collection":[{"href":"https:\/\/www.lifescienceart.com\/hu\/wp-json\/wp\/v2\/posts"}],"about":[{"href":"https:\/\/www.lifescienceart.com\/hu\/wp-json\/wp\/v2\/types\/post"}],"author":[{"embeddable":true,"href":"https:\/\/www.lifescienceart.com\/hu\/wp-json\/wp\/v2\/users\/1"}],"replies":[{"embeddable":true,"href":"https:\/\/www.lifescienceart.com\/hu\/wp-json\/wp\/v2\/comments?post=11962"}],"version-history":[{"count":1,"href":"https:\/\/www.lifescienceart.com\/hu\/wp-json\/wp\/v2\/posts\/11962\/revisions"}],"predecessor-version":[{"id":11963,"href":"https:\/\/www.lifescienceart.com\/hu\/wp-json\/wp\/v2\/posts\/11962\/revisions\/11963"}],"wp:featuredmedia":[{"embeddable":true,"href":"https:\/\/www.lifescienceart.com\/hu\/wp-json\/wp\/v2\/media\/23438"}],"wp:attachment":[{"href":"https:\/\/www.lifescienceart.com\/hu\/wp-json\/wp\/v2\/media?parent=11962"}],"wp:term":[{"taxonomy":"category","embeddable":true,"href":"https:\/\/www.lifescienceart.com\/hu\/wp-json\/wp\/v2\/categories?post=11962"},{"taxonomy":"post_tag","embeddable":true,"href":"https:\/\/www.lifescienceart.com\/hu\/wp-json\/wp\/v2\/tags?post=11962"}],"curies":[{"name":"wp","href":"https:\/\/api.w.org\/{rel}","templated":true}]}}