{"id":12116,"date":"2024-09-08T01:58:08","date_gmt":"2024-09-08T01:58:08","guid":{"rendered":"https:\/\/www.lifescienceart.com\/?p=12116"},"modified":"2024-09-08T01:58:08","modified_gmt":"2024-09-08T01:58:08","slug":"indigenous-lands-vital-force-conservation","status":"publish","type":"post","link":"https:\/\/www.lifescienceart.com\/hu\/science\/ecology-and-conservation\/indigenous-lands-vital-force-conservation\/","title":{"rendered":"\u0150slakos ter\u00fcletek: L\u00e9tfontoss\u00e1g\u00fa er\u0151 a term\u00e9szetv\u00e9delem\u00e9rt"},"content":{"rendered":"<h2 class=\"wp-block-heading\">\u0150slakos ter\u00fcletek: A meg\u0151rz\u00e9s l\u00e9tfontoss\u00e1g\u00fa ereje<\/h2>\n\n<h2 class=\"wp-block-heading\">\u0150slakos n\u00e9pek: A f\u00f6ld \u0151rz\u0151i<\/h2>\n\n<p>Az \u0151slakos n\u00e9pek, akik a vil\u00e1g n\u00e9pess\u00e9g\u00e9nek k\u00f6r\u00fclbel\u00fcl 5%-\u00e1t teszik ki, kulcsfontoss\u00e1g\u00fa szerepet j\u00e1tszanak a f\u00f6ld kezel\u00e9s\u00e9ben \u00e9s meg\u0151rz\u00e9s\u00e9ben. A F\u00f6ld felsz\u00edn\u00e9nek t\u00f6bb mint egynegyed\u00e9re van joguk, ami k\u00f6r\u00fclbel\u00fcl 23,6 milli\u00f3 n\u00e9gyzetkilom\u00e9teres ter\u00fclet. Ezt a hatalmas kiterjed\u00e9st els\u0151sorban term\u00e9szetes \u00e1llapotban tartj\u00e1k fenn, k\u00e9tharmada \u00e9rintetlen marad.<\/p>\n\n<h2 class=\"wp-block-heading\">Az \u0151slakosok \u00e1ltal kezelt ter\u00fcletek \u00f6kol\u00f3giai jelent\u0151s\u00e9ge<\/h2>\n\n<p>Az \u0151slakosok \u00e1ltal kezelt ter\u00fcletek \u00f6kol\u00f3giai mened\u00e9kk\u00e9nt szolg\u00e1lnak. Tanulm\u00e1nyok kimutatt\u00e1k, hogy ezek a ter\u00fcletek sokkal \u00e9rintetlenebbek, mint m\u00e1s ter\u00fcletek, a term\u00e9szetes \u00f6kosziszt\u00e9m\u00e1k ar\u00e1nya k\u00e9tszerese. Sz\u00e1mos \u00e9l\u0151l\u00e9nynek adnak otthont, \u00e9s l\u00e9tfontoss\u00e1g\u00fa \u00e9l\u0151helyet biztos\u00edtanak sz\u00e1mos faj sz\u00e1m\u00e1ra.<\/p>\n\n<h2 class=\"wp-block-heading\">Partners\u00e9gek a meg\u0151rz\u00e9s\u00e9rt<\/h2>\n\n<p>Az \u0151slakos tud\u00e1s \u00e9s gondnoks\u00e1g fontoss\u00e1g\u00e1t felismerve a term\u00e9szetv\u00e9d\u0151k partners\u00e9geket k\u00f6tnek az \u0151slakos k\u00f6z\u00f6ss\u00e9gekkel. Ezeknek az egy\u00fcttm\u0171k\u00f6d\u00e9seknek az a c\u00e9lja, hogy kihaszn\u00e1lj\u00e1k a hagyom\u00e1nyos gyakorlatokat, \u00e9s meger\u0151s\u00edts\u00e9k a helyi hangokat a f\u00f6ldhaszn\u00e1lattal kapcsolatos d\u00f6nt\u00e9sekben.<\/p>\n\n<h2 class=\"wp-block-heading\">Kih\u00edv\u00e1sok \u00e9s a z\u00f6ld gyarmatos\u00edt\u00e1s \u00f6r\u00f6ks\u00e9ge<\/h2>\n\n<p>Ugyanakkor kih\u00edv\u00e1sok is vannak. Egyes \u00e1llamilag szentes\u00edtett v\u00e9dett ter\u00fcletek v\u00e9letlen\u00fcl is hatalmi egyens\u00falytalans\u00e1got teremtettek, ahol az \u0151slakos n\u00e9pek korl\u00e1toz\u00e1sokkal n\u00e9znek szembe, m\u00edg a k\u00fcls\u0151 ipar\u00e1gak kizs\u00e1km\u00e1nyolj\u00e1k f\u00f6ldjeiket. Ezt a jelens\u00e9get, amelyet &#8220;z\u00f6ld gyarmatos\u00edt\u00e1snak&#8221; neveznek, al\u00e1\u00e1ssa azokat a term\u00e9szetv\u00e9delmi c\u00e9lokat, amelyek v\u00e9delm\u00e9re ezeket a parkokat l\u00e9trehozt\u00e1k.<\/p>\n\n<h2 class=\"wp-block-heading\">\u0150slakos \u00f6kog\u00e1rdist\u00e1k: Egy megold\u00e1s<\/h2>\n\n<p>Ezekre a kih\u00edv\u00e1sokra reag\u00e1lva az \u0151slakos k\u00f6z\u00f6ss\u00e9gek proakt\u00edv int\u00e9zked\u00e9seket tesznek. Ennek egyik p\u00e9ld\u00e1ja az \u00f6kog\u00e1rdist\u00e1k l\u00e9trehoz\u00e1sa, akik k\u00e9pzett helyi \u00f6nk\u00e9ntesek, akik \u0151si ter\u00fcleteken j\u00e1r\u0151r\u00f6znek, hogy elriassz\u00e1k a betolakod\u00f3kat, \u00e9s megv\u00e9dj\u00e9k a term\u00e9szeti er\u0151forr\u00e1sokat.<\/p>\n\n<h2 class=\"wp-block-heading\">Az \u0151slakos f\u00f6ldkezel\u00e9s felhatalmaz\u00e1sa<\/h2>\n\n<p>Az \u0151slakos n\u00e9pek felhatalmaz\u00e1sa, hogy t\u00e1j\u00e9kozott d\u00f6nt\u00e9seket hozzanak f\u00f6ldjeikr\u0151l, elengedhetetlen a fenntarthat\u00f3 f\u00f6ldgazd\u00e1lkod\u00e1s \u00e9s meg\u0151rz\u00e9s el\u00e9r\u00e9s\u00e9hez. Az \u0151slakos tud\u00e1s \u00e9s a hagyom\u00e1nyos gyakorlatok hat\u00e9konynak bizonyultak az \u00f6kosziszt\u00e9m\u00e1k v\u00e9delm\u00e9ben \u00e9s a term\u00e9szeti er\u0151forr\u00e1sok meg\u0151rz\u00e9s\u00e9ben.<\/p>\n\n<h2 class=\"wp-block-heading\">Esettanulm\u00e1ny: Az ecuadori cof\u00e1nok<\/h2>\n\n<p>Az ecuadori cof\u00e1n n\u00e9p esettanulm\u00e1nya szeml\u00e9lteti az \u0151slakos f\u00f6ldjogok \u00e9s a meg\u0151rz\u00e9s \u00f6sszetetts\u00e9g\u00e9t. Mik\u00f6zben a Cayambe Coca Nemzeti Park l\u00e9trehoz\u00e1s\u00e1nak c\u00e9lja a biodiverzit\u00e1s v\u00e9delme volt, korl\u00e1toz\u00e1sokat is szabott a cof\u00e1n lakosokra, ami konfliktusokhoz \u00e9s k\u00f6rnyezeti k\u00e1rokhoz vezetett. A cof\u00e1nok v\u00e1lasza, az \u00f6kog\u00e1rdist\u00e1k megalak\u00edt\u00e1sa, j\u00f3l mutatja az \u0151slakosok bevon\u00e1s\u00e1nak fontoss\u00e1g\u00e1t a term\u00e9szetv\u00e9delmi er\u0151fesz\u00edt\u00e9sekbe.<\/p>\n\n<h2 class=\"wp-block-heading\">Az \u0151slakos f\u00f6ldkezel\u00e9s hossz\u00fa t\u00e1v\u00fa el\u0151nyei<\/h2>\n\n<p>Az \u0151slakos f\u00f6ldkezel\u00e9s meg\u0151rz\u00e9s szempontj\u00e1b\u00f3l ny\u00fajtott hossz\u00fa t\u00e1v\u00fa el\u0151nyei tagadhatatlanok. Az \u0151slakos n\u00e9pek m\u00e9lyen \u00e9rtik k\u00f6rnyezet\u00fcket, \u00e9s fenntarthat\u00f3 gyakorlatokat fejlesztettek ki, amelyek el\u0151seg\u00edtik a biodiverzit\u00e1st, megv\u00e9dik a v\u00edzforr\u00e1sokat \u00e9s m\u00e9rs\u00e9klik az \u00e9ghajlatv\u00e1ltoz\u00e1st. A meg\u0151rz\u00e9shez val\u00f3 hozz\u00e1j\u00e1rul\u00e1suk elengedhetetlen a bolyg\u00f3nk eg\u00e9szs\u00e9g\u00e9nek \u00e9s ellen\u00e1ll\u00f3 k\u00e9pess\u00e9g\u00e9nek biztos\u00edt\u00e1s\u00e1hoz.<\/p>\n\n<h2 class=\"wp-block-heading\">K\u00f6vetkeztet\u00e9s<\/h2>\n\n<p>Az \u0151slakos n\u00e9pek l\u00e9tfontoss\u00e1g\u00fa szerepet j\u00e1tszanak a glob\u00e1lis term\u00e9szetv\u00e9delmi er\u0151fesz\u00edt\u00e9sekben. Hagyom\u00e1nyos tud\u00e1suk, gondnoki gyakorlataik \u00e9s \u0151si f\u00f6ldkapcsolataik felbecs\u00fclhetetlen \u00e9rt\u00e9k\u0171ek a biodiverzit\u00e1s meg\u0151rz\u00e9s\u00e9ben \u00e9s a term\u00e9szeti er\u0151forr\u00e1sok fenntarthat\u00f3 felhaszn\u00e1l\u00e1s\u00e1nak biztos\u00edt\u00e1s\u00e1ban. Az \u0151slakos f\u00f6ldjogok elismer\u00e9se \u00e9s felhatalmaz\u00e1sa nem csup\u00e1n a t\u00e1rsadalmi igazs\u00e1goss\u00e1g k\u00e9rd\u00e9se, hanem strat\u00e9giai befektet\u00e9s bolyg\u00f3nk j\u00f6v\u0151j\u00e9be is.<\/p>","protected":false},"excerpt":{"rendered":"<p>\u0150slakos ter\u00fcletek: A meg\u0151rz\u00e9s l\u00e9tfontoss\u00e1g\u00fa ereje \u0150slakos n\u00e9pek: A f\u00f6ld \u0151rz\u0151i Az \u0151slakos n\u00e9pek, akik a vil\u00e1g n\u00e9pess\u00e9g\u00e9nek k\u00f6r\u00fclbel\u00fcl 5%-\u00e1t teszik ki, kulcsfontoss\u00e1g\u00fa szerepet j\u00e1tszanak a f\u00f6ld kezel\u00e9s\u00e9ben \u00e9s meg\u0151rz\u00e9s\u00e9ben.&hellip;<\/p>\n","protected":false},"author":2,"featured_media":24269,"comment_status":"closed","ping_status":"closed","sticky":false,"template":"","format":"standard","meta":{"footnotes":""},"categories":[1142],"tags":[395,16381,16380,4255,16378,16379,401],"class_list":["post-12116","post","type-post","status-publish","format-standard","has-post-thumbnail","hentry","category-ecology-and-conservation","tag-biodiversity","tag-eco-guards","tag-green-colonialism","tag-indigenous-knowledge","tag-indigenous-lands","tag-land-rights","tag-conservation"],"_links":{"self":[{"href":"https:\/\/www.lifescienceart.com\/hu\/wp-json\/wp\/v2\/posts\/12116","targetHints":{"allow":["GET"]}}],"collection":[{"href":"https:\/\/www.lifescienceart.com\/hu\/wp-json\/wp\/v2\/posts"}],"about":[{"href":"https:\/\/www.lifescienceart.com\/hu\/wp-json\/wp\/v2\/types\/post"}],"author":[{"embeddable":true,"href":"https:\/\/www.lifescienceart.com\/hu\/wp-json\/wp\/v2\/users\/2"}],"replies":[{"embeddable":true,"href":"https:\/\/www.lifescienceart.com\/hu\/wp-json\/wp\/v2\/comments?post=12116"}],"version-history":[{"count":2,"href":"https:\/\/www.lifescienceart.com\/hu\/wp-json\/wp\/v2\/posts\/12116\/revisions"}],"predecessor-version":[{"id":24270,"href":"https:\/\/www.lifescienceart.com\/hu\/wp-json\/wp\/v2\/posts\/12116\/revisions\/24270"}],"wp:featuredmedia":[{"embeddable":true,"href":"https:\/\/www.lifescienceart.com\/hu\/wp-json\/wp\/v2\/media\/24269"}],"wp:attachment":[{"href":"https:\/\/www.lifescienceart.com\/hu\/wp-json\/wp\/v2\/media?parent=12116"}],"wp:term":[{"taxonomy":"category","embeddable":true,"href":"https:\/\/www.lifescienceart.com\/hu\/wp-json\/wp\/v2\/categories?post=12116"},{"taxonomy":"post_tag","embeddable":true,"href":"https:\/\/www.lifescienceart.com\/hu\/wp-json\/wp\/v2\/tags?post=12116"}],"curies":[{"name":"wp","href":"https:\/\/api.w.org\/{rel}","templated":true}]}}