{"id":12206,"date":"2024-08-15T03:02:11","date_gmt":"2024-08-15T03:02:11","guid":{"rendered":"https:\/\/www.lifescienceart.com\/?p=12206"},"modified":"2024-08-15T03:02:11","modified_gmt":"2024-08-15T03:02:11","slug":"science-conservation-breakthroughs-successes","status":"publish","type":"post","link":"https:\/\/www.lifescienceart.com\/hu\/science\/conservation-biology\/science-conservation-breakthroughs-successes\/","title":{"rendered":"Tudom\u00e1ny \u00e9s term\u00e9szetv\u00e9delem: sikerek \u00e9s \u00e1tt\u00f6r\u00e9sek"},"content":{"rendered":"<h2 class=\"wp-block-heading\">Tudom\u00e1ny \u00e9s term\u00e9szetv\u00e9delem: friss \u00e1tt\u00f6r\u00e9sek \u00e9s sikert\u00f6rt\u00e9netek<\/h2>\n\n<h2 class=\"wp-block-heading\">Vesz\u00e9lyeztetett madarak \u00e9s \u00e9l\u0151hely-helyre\u00e1ll\u00edt\u00e1s<\/h2>\n\n<p>A mad\u00e1rv\u00e9delem ter\u00fclet\u00e9n Eur\u00f3pa egyik legs\u00falyosabban vesz\u00e9lyeztetett faja, az azori pinty, figyelemre m\u00e9lt\u00f3 visszat\u00e9r\u00e9sen megy kereszt\u00fcl. Az Azori-szigetek S\u00e3o Miguel sziget\u00e9n ezek a kis madarak meg\u00fajul\u00f3 rem\u00e9nyt tal\u00e1lnak \u0151shonos \u00e9l\u0151hely\u00fck\u00f6n.<\/p>\n\n<p>Ek\u00f6zben Ecuador csendes-\u00f3ce\u00e1ni partvid\u00e9k\u00e9n er\u0151fesz\u00edt\u00e9sek folynak az egyre fogy\u00f3 erd\u0151takar\u00f3 helyre\u00e1ll\u00edt\u00e1s\u00e1ra \u0151si Nacional kaka\u00f3f\u00e1k felhaszn\u00e1l\u00e1s\u00e1val. Ennek az ambici\u00f3zus projektnek az a c\u00e9lja, hogy \u00fajraerd\u0151s\u00edtse az elm\u00falt \u00e9vsz\u00e1zadnyi erd\u0151irt\u00e1st, \u00e9s ezzel \u00e9letfonalat ny\u00fajtson a t\u00e9rs\u00e9g biodiverzit\u00e1s\u00e1nak.<\/p>\n\n<h2 class=\"wp-block-heading\">Innovat\u00edv korallv\u00e9delem<\/h2>\n\n<p>A Smithsonian Nemzeti \u00c1llatkertj\u00e9nek \u00e9s Term\u00e9szetv\u00e9delmi Biol\u00f3giai Int\u00e9zet\u00e9nek tud\u00f3sai \u00e1tt\u00f6r\u00e9st \u00e9rtek el a korallv\u00e9delemben. Az izokron \u00fcveges\u00edt\u00e9snek nevezett technik\u00e1val sikeresen krioprezerv\u00e1ltak korallt\u00f6red\u00e9keket, lehet\u0151v\u00e9 t\u00e9ve azok hossz\u00fa t\u00e1v\u00fa t\u00e1rol\u00e1s\u00e1t \u00e9s lehets\u00e9ges fel\u00e9leszt\u00e9s\u00e9t a j\u00f6v\u0151ben.<\/p>\n\n<h2 class=\"wp-block-heading\">A hal\u00e1szsas visszat\u00e9r\u00e9se<\/h2>\n\n<p>\u00cdrorsz\u00e1g t\u00f6rt\u00e9nelmi esem\u00e9nynek volt tan\u00faja, amikor t\u00f6bb mint k\u00e9t \u00e9vsz\u00e1zad ut\u00e1n visszat\u00e9rtek a hal\u00e1sz sasok a partjaira. Ez az ikonikus ragadoz\u00f3 mad\u00e1r l\u00e9trehozott egy k\u00f6lt\u0151p\u00e1rt, ami jelent\u0151s m\u00e9rf\u00f6ldk\u0151 az orsz\u00e1g term\u00e9szetv\u00e9delmi er\u0151fesz\u00edt\u00e9seiben.<\/p>\n\n<h2 class=\"wp-block-heading\">Az Amazonas v\u00e9delme<\/h2>\n\n<p>A k\u00f6rnyezetv\u00e9d\u0151k gy\u0151zelmek\u00e9nt az ecuadori szavaz\u00f3k els\u00f6pr\u0151 t\u00f6bbs\u00e9ggel elutas\u00edtott\u00e1k azt a javaslatot, hogy olajf\u00far\u00e1st enged\u00e9lyezzenek az \u00e9rintetlen Yasun\u00ed Nemzeti Parkban. Ez a d\u00f6nt\u00e9s megv\u00e9di a F\u00f6ld egyik legnagyobb biodiverzit\u00e1s\u00fa ter\u00fclet\u00e9t a fosszilis t\u00fczel\u0151anyag-kitermel\u00e9s puszt\u00edt\u00f3 hat\u00e1sait\u00f3l.<\/p>\n\n<h2 class=\"wp-block-heading\">\u00daj farkasfalka felfedez\u00e9se<\/h2>\n\n<p>Kalifornia \u00fcdv\u00f6z\u00f6lt egy \u00faj vesz\u00e9lyeztetett sz\u00fcrkefarkas falk\u00e1t, egy olyan fajt, amely majdnem egy \u00e9vtizedig hi\u00e1nyzott az \u00e1llamb\u00f3l. Ez a felfedez\u00e9s \u00fajra\u00e9leszti a rem\u00e9nyt e fens\u00e9ges ragadoz\u00f3 helyre\u00e1ll\u00edt\u00e1sa ir\u00e1nt az Arany \u00c1llamban.<\/p>\n\n<h2 class=\"wp-block-heading\">Jogszab\u00e1lyi \u00e1tt\u00f6r\u00e9s az \u00e9ghajlatv\u00e1ltoz\u00e1s elleni fell\u00e9p\u00e9s\u00e9rt<\/h2>\n\n<p>Egy m\u00e9rf\u00f6ldk\u0151nek sz\u00e1m\u00edt\u00f3 perben egy csoport Montana fiatalja \u00e9rv\u00e9nyes\u00edtette alkotm\u00e1nyos jog\u00e1t egy tiszta \u00e9s eg\u00e9szs\u00e9ges k\u00f6rnyezethez. Gy\u0151zelm\u00fck jogi precedenst teremt a fiatalok sz\u00e1m\u00e1ra, hogy felel\u0151ss\u00e9gre vonj\u00e1k a korm\u00e1nyokat az \u00e9ghajlatv\u00e1ltoz\u00e1s miatti t\u00e9tlens\u00e9g\u00fck\u00e9rt.<\/p>\n\n<h2 class=\"wp-block-heading\">Fi\u00f3kasikerek<\/h2>\n\n<p>A Pinnacles Nemzeti Parkban k\u00e9t kondork\u00f6ly\u00f6k \u00f6r\u00f6mmel t\u00f6lt\u00f6tte el a term\u00e9szetv\u00e9d\u0151ket. Ezek a vesz\u00e9lyeztetett d\u00f6gmadarak j\u00f3l \u00e9rzik magukat, \u00e9s v\u00e1rhat\u00f3an m\u00e9g az id\u00e9n elv\u00e9gzik els\u0151 rep\u00fcl\u00e9seiket.<\/p>\n\n<p>A Sydney-i kik\u00f6t\u0151ben rekordmennyis\u00e9g\u0171 kis tengeril\u00f3 ker\u00fclt ki a vadonba. Ezek a par\u00e1nyi l\u00e9nyek kulcsszerepet j\u00e1tszanak a tengeri \u00f6kosziszt\u00e9m\u00e1k eg\u00e9szs\u00e9g\u00e9nek meg\u0151rz\u00e9s\u00e9ben.<\/p>\n\n<h2 class=\"wp-block-heading\">A bandikut rezilienci\u00e1ja<\/h2>\n\n<p>Ausztr\u00e1lia bandikutr\u00e1gcs\u00e1l\u00f3i kutat\u00f3k figyelm\u00e9t keltett\u00e9k figyelemre m\u00e9lt\u00f3 t\u00fal\u00e9l\u00e9si \u00f6szt\u00f6neikkel. Az \u00e9l\u0151helyveszt\u00e9s \u00e9s m\u00e1s kih\u00edv\u00e1sok ellen\u00e9re ezek a kis ersz\u00e9nyesek alkalmazkodtak viselked\u00e9s\u00fckben, hogy k\u00fcl\u00f6nf\u00e9le k\u00f6rnyezetekben is meg\u00e9ljenek. Egyedi &#8220;orrp\u00f6k\u00e9seik&#8221; seg\u00edtenek nekik a f\u00f6ld alatti rovarok felkutat\u00e1s\u00e1ban, biztos\u00edtva folyamatos l\u00e9tez\u00e9s\u00fcket.<\/p>\n\n<h2 class=\"wp-block-heading\">K\u00f6vetkeztet\u00e9s<\/h2>\n\n<p>Ezek a t\u00f6rt\u00e9netek p\u00e9ld\u00e1zz\u00e1k azt a figyelemre m\u00e9lt\u00f3 el\u0151rel\u00e9p\u00e9st, amely a tudom\u00e1nyban \u00e9s a term\u00e9szetv\u00e9delemben t\u00f6rt\u00e9nik. A vesz\u00e9lyeztetett fajok helyre\u00e1ll\u00edt\u00e1s\u00e1t\u00f3l az innovat\u00edv technik\u00e1k fejleszt\u00e9s\u00e9ig egyre nagyobb a rem\u00e9ny bolyg\u00f3nk term\u00e9szeti \u00f6r\u00f6ks\u00e9g\u00e9nek meg\u00f3v\u00e1s\u00e1ra \u00e9s helyre\u00e1ll\u00edt\u00e1s\u00e1ra.<\/p>","protected":false},"excerpt":{"rendered":"<p>Tudom\u00e1ny \u00e9s term\u00e9szetv\u00e9delem: friss \u00e1tt\u00f6r\u00e9sek \u00e9s sikert\u00f6rt\u00e9netek Vesz\u00e9lyeztetett madarak \u00e9s \u00e9l\u0151hely-helyre\u00e1ll\u00edt\u00e1s A mad\u00e1rv\u00e9delem ter\u00fclet\u00e9n Eur\u00f3pa egyik legs\u00falyosabban vesz\u00e9lyeztetett faja, az azori pinty, figyelemre m\u00e9lt\u00f3 visszat\u00e9r\u00e9sen megy kereszt\u00fcl. Az Azori-szigetek S\u00e3o&hellip;<\/p>\n","protected":false},"author":1,"featured_media":24060,"comment_status":"closed","ping_status":"closed","sticky":false,"template":"","format":"standard","meta":{"footnotes":""},"categories":[4170],"tags":[16483,16485,16484,404],"class_list":["post-12206","post","type-post","status-publish","format-standard","has-post-thumbnail","hentry","category-conservation-biology","tag-habitat-restoration","tag-conservation-success-stories","tag-scientific-innovation","tag-endangered-species"],"_links":{"self":[{"href":"https:\/\/www.lifescienceart.com\/hu\/wp-json\/wp\/v2\/posts\/12206","targetHints":{"allow":["GET"]}}],"collection":[{"href":"https:\/\/www.lifescienceart.com\/hu\/wp-json\/wp\/v2\/posts"}],"about":[{"href":"https:\/\/www.lifescienceart.com\/hu\/wp-json\/wp\/v2\/types\/post"}],"author":[{"embeddable":true,"href":"https:\/\/www.lifescienceart.com\/hu\/wp-json\/wp\/v2\/users\/1"}],"replies":[{"embeddable":true,"href":"https:\/\/www.lifescienceart.com\/hu\/wp-json\/wp\/v2\/comments?post=12206"}],"version-history":[{"count":1,"href":"https:\/\/www.lifescienceart.com\/hu\/wp-json\/wp\/v2\/posts\/12206\/revisions"}],"predecessor-version":[{"id":12207,"href":"https:\/\/www.lifescienceart.com\/hu\/wp-json\/wp\/v2\/posts\/12206\/revisions\/12207"}],"wp:featuredmedia":[{"embeddable":true,"href":"https:\/\/www.lifescienceart.com\/hu\/wp-json\/wp\/v2\/media\/24060"}],"wp:attachment":[{"href":"https:\/\/www.lifescienceart.com\/hu\/wp-json\/wp\/v2\/media?parent=12206"}],"wp:term":[{"taxonomy":"category","embeddable":true,"href":"https:\/\/www.lifescienceart.com\/hu\/wp-json\/wp\/v2\/categories?post=12206"},{"taxonomy":"post_tag","embeddable":true,"href":"https:\/\/www.lifescienceart.com\/hu\/wp-json\/wp\/v2\/tags?post=12206"}],"curies":[{"name":"wp","href":"https:\/\/api.w.org\/{rel}","templated":true}]}}