{"id":1222,"date":"2021-01-10T16:53:07","date_gmt":"2021-01-10T16:53:07","guid":{"rendered":"https:\/\/www.lifescienceart.com\/?p=1222"},"modified":"2021-01-10T16:53:07","modified_gmt":"2021-01-10T16:53:07","slug":"ai-cameras-track-museum-visitor-engagement","status":"publish","type":"post","link":"https:\/\/www.lifescienceart.com\/hu\/art\/museum-innovation\/ai-cameras-track-museum-visitor-engagement\/","title":{"rendered":"A m\u0171v\u00e9szet \u00e9s a tudom\u00e1ny tal\u00e1lkoz\u00e1sa: az MI kamer\u00e1k k\u00f6vetik a m\u00fazeuml\u00e1togat\u00f3k \u00e9rdekl\u0151d\u00e9s\u00e9t"},"content":{"rendered":"<h2 class=\"wp-block-heading\">A m\u0171v\u00e9szet tal\u00e1lkozik a tudom\u00e1nyokkal: az AI kamer\u00e1k k\u00f6vetik a m\u00fazeuml\u00e1togat\u00f3k \u00e9rdekl\u0151d\u00e9s\u00e9t<\/h2>\n\n<h2 class=\"wp-block-heading\">Az MI seg\u00edt a kur\u00e1toroknak meghat\u00e1rozni az egyes m\u0171alkot\u00e1sok &#8220;vonzerej\u00e9t&#8221;<\/h2>\n\n<p>A m\u00fazeumok \u00e1tveszik a technol\u00f3gi\u00e1t, hogy m\u00e9lyebb betekint\u00e9st nyerjenek a l\u00e1togat\u00f3k m\u0171v\u00e9szettel val\u00f3 interakci\u00f3j\u00e1ba. Az olaszorsz\u00e1gi Bologn\u00e1ban a kutat\u00f3k kifejlesztettek egy MI-rendszert, amely kamer\u00e1k seg\u00edts\u00e9g\u00e9vel k\u00f6veti a m\u00fazeuml\u00e1togat\u00f3k arckifejez\u00e9s\u00e9t, testtart\u00e1s\u00e1t \u00e9s elhelyezked\u00e9s\u00e9t. Ezeket az adatokat elemzik, hogy meghat\u00e1rozz\u00e1k az egyes m\u0171alkot\u00e1sok &#8220;vonzerej\u00e9t&#8221;, \u00e9s optimaliz\u00e1lj\u00e1k a gal\u00e9ri\u00e1k elrendez\u00e9s\u00e9t.<\/p>\n\n<h2 class=\"wp-block-heading\">ShareArt: egy eszk\u00f6z a m\u0171v\u00e9szeti \u00e9rt\u00e9kel\u00e9s meg\u00e9rt\u00e9s\u00e9hez<\/h2>\n\n<p>A ShareArt nev\u0171 MI-rendszert az ENEA, az olasz nemzeti \u00faj technol\u00f3giai \u00fcgyn\u00f6ks\u00e9g \u00e9s az Istituzione Bologna Musei kutat\u00f3i fejlesztett\u00e9k ki. A rendszer a m\u00fazeum gal\u00e9ri\u00e1iban elhelyezett kis kamer\u00e1kb\u00f3l \u00e1ll, amelyek adatokat gy\u0171jtenek a l\u00e1togat\u00f3k viselked\u00e9s\u00e9r\u0151l.<\/p>\n\n<h2 class=\"wp-block-heading\">L\u00e1togat\u00f3i \u00e9rdekl\u0151d\u00e9si mutat\u00f3k k\u00f6vet\u00e9se<\/h2>\n\n<p>A ShareArt sz\u00e1mos, a m\u0171v\u00e9szet ir\u00e1nti \u00e9rdekl\u0151d\u00e9ssel kapcsolatos m\u00e9r\u0151sz\u00e1mot k\u00f6vet, t\u00f6bbek k\u00f6z\u00f6tt:<\/p>\n\n<ul class=\"wp-block-list\">\n<li>Id\u0151, amelyet a m\u0171alkot\u00e1sok megtekint\u00e9s\u00e9vel t\u00f6ltenek<\/li>\n<li>\u00datvonalak a gal\u00e9ri\u00e1kban<\/li>\n<li>A f\u00f3kuszter\u00fcletek az egyes v\u00e1sznakon<\/li>\n<li>Arckifejez\u00e9sek \u00e9s testtart\u00e1s<\/li>\n<\/ul>\n\n<h2 class=\"wp-block-heading\">Adatv\u00e9delmi \u00e9s etikai szempontok<\/h2>\n\n<p>A ShareArt eszk\u00f6z\u00f6ket \u00fagy tervezt\u00e9k, hogy tiszteletben tarts\u00e1k a l\u00e1togat\u00f3k mag\u00e1n\u00e9let\u00e9t. Nem r\u00f6gz\u00edtenek arcokat vagy m\u00e1s szem\u00e9lyes adatokat, \u00e9s a gy\u0171jt\u00f6tt adatok anonimiz\u00e1ltak.<\/p>\n\n<h2 class=\"wp-block-heading\">A m\u00fazeumi \u00e9lm\u00e9ny fokoz\u00e1sa<\/h2>\n\n<p>A ShareArt \u00e1ltal gy\u0171jt\u00f6tt adatokat a m\u00fazeumok t\u00f6bbf\u00e9le m\u00f3don felhaszn\u00e1lhatj\u00e1k a l\u00e1togat\u00f3i \u00e9lm\u00e9ny fokoz\u00e1s\u00e1ra:<\/p>\n\n<ul class=\"wp-block-list\">\n<li>A gal\u00e9ri\u00e1k elrendez\u00e9s\u00e9nek optimaliz\u00e1l\u00e1sa a m\u0171alkot\u00e1sok l\u00e1that\u00f3s\u00e1g\u00e1nak \u00e9s vonzerej\u00e9nek maximaliz\u00e1l\u00e1sa \u00e9rdek\u00e9ben<\/li>\n<li>A vil\u00e1g\u00edt\u00e1s \u00e9s a megjelen\u00edt\u00e9si technik\u00e1k be\u00e1ll\u00edt\u00e1sa a m\u0171v\u00e9szet ir\u00e1nti \u00e9rdekl\u0151d\u00e9s fokoz\u00e1sa \u00e9rdek\u00e9ben<\/li>\n<li>Azoknak a m\u0171alkot\u00e1soknak az azonos\u00edt\u00e1sa, amelyek a legjobban rezon\u00e1lnak a l\u00e1togat\u00f3kkal<\/li>\n<li>A l\u00e1togat\u00f3k \u00e9rdekl\u0151d\u00e9s\u00e9re szabott oktat\u00e1si programok \u00e9s t\u00far\u00e1k kidolgoz\u00e1sa<\/li>\n<\/ul>\n\n<h2 class=\"wp-block-heading\">Kezdeti eredm\u00e9nyek<\/h2>\n\n<p>A ShareArt kezdeti tesztel\u00e9se \u00e9rdekes eredm\u00e9nyeket hozott. A kutat\u00f3k meg\u00e1llap\u00edtott\u00e1k, hogy:<\/p>\n\n<ul class=\"wp-block-list\">\n<li>A l\u00e1togat\u00f3k t\u00f6bbs\u00e9ge egyed\u00fcl tekinti meg a m\u0171alkot\u00e1sokat, \u00e9s helyesen viseli az arcmaszkot.<\/li>\n<li>A l\u00e1togat\u00f3k \u00e1ltal\u00e1ban kevesebb mint 15 m\u00e1sodpercet t\u00f6ltenek el b\u00e1rmely adott m\u0171alkot\u00e1s el\u0151tt.<\/li>\n<li>Azok, akik egy Vitale degli Equi \u00e1ltal k\u00e9sz\u00edtett 14. sz\u00e1zadi dyptichont tekintettek meg, els\u0151sorban a m\u0171 \u201emozgalmasabb\u201d jobb oldal\u00e1ra \u00f6sszpontos\u00edtottak, amely Szent P\u00e9tert \u00e1br\u00e1zolja \u00e1ld\u00e1st kapva.<\/li>\n<\/ul>\n\n<h2 class=\"wp-block-heading\">A m\u00fazeumok kutat\u00f3laborat\u00f3riumokk\u00e1 v\u00e1lnak<\/h2>\n\n<p>A ShareArt m\u00e9g fejleszt\u00e9s alatt \u00e1ll, de megvan a lehet\u0151s\u00e9ge arra, hogy a m\u00fazeumokat kutat\u00f3laborat\u00f3riumokk\u00e1 alak\u00edtsa. A l\u00e1togat\u00f3i magatart\u00e1ssal kapcsolatos adatok gy\u0171jt\u00e9s\u00e9vel \u00e9s elemz\u00e9s\u00e9vel a m\u00fazeumok m\u00e9lyebb betekint\u00e9st nyerhetnek a m\u0171v\u00e9szet ir\u00e1nti \u00e9rdekl\u0151d\u00e9sbe, \u00e9s vonz\u00f3bb \u00e9s hat\u00e9konyabb ki\u00e1ll\u00edt\u00e1sokat alak\u00edthatnak ki.<\/p>\n\n<h2 class=\"wp-block-heading\">Az MI j\u00f6v\u0151je a m\u00fazeumokban<\/h2>\n\n<p>Az MI technol\u00f3gia gyorsan megv\u00e1ltoztatja a m\u00fazeumok m\u0171k\u00f6d\u00e9s\u00e9t. A l\u00e1togat\u00f3i \u00e9rdekl\u0151d\u00e9s nyomon k\u00f6vet\u00e9s\u00e9t\u0151l a szem\u00e9lyre szabott aj\u00e1nl\u00e1sokig az MI-nek megvan a lehet\u0151s\u00e9ge a m\u00fazeumi \u00e9lm\u00e9ny forradalmas\u00edt\u00e1s\u00e1ra. Ahogy az MI tov\u00e1bb fejl\u0151dik, a m\u00fazeumoknak alkalmazkodniuk kell \u00e9s \u00e1t kell venni\u00fck ezeket az \u00faj technol\u00f3gi\u00e1kat, hogy relev\u00e1nsak \u00e9s vonz\u00f3ak maradjanak a j\u00f6v\u0151 gener\u00e1ci\u00f3i sz\u00e1m\u00e1ra.<\/p>","protected":false},"excerpt":{"rendered":"<p>A m\u0171v\u00e9szet tal\u00e1lkozik a tudom\u00e1nyokkal: az AI kamer\u00e1k k\u00f6vetik a m\u00fazeuml\u00e1togat\u00f3k \u00e9rdekl\u0151d\u00e9s\u00e9t Az MI seg\u00edt a kur\u00e1toroknak meghat\u00e1rozni az egyes m\u0171alkot\u00e1sok &#8220;vonzerej\u00e9t&#8221; A m\u00fazeumok \u00e1tveszik a technol\u00f3gi\u00e1t, hogy m\u00e9lyebb betekint\u00e9st&hellip;<\/p>\n","protected":false},"author":2,"featured_media":0,"comment_status":"closed","ping_status":"closed","sticky":false,"template":"","format":"standard","meta":{"footnotes":""},"categories":[2790],"tags":[385,2789,1254,2786,2787,2788],"class_list":["post-1222","post","type-post","status-publish","format-standard","hentry","category-museum-innovation","tag-data-analysis","tag-gallery-optimization","tag-artificial-intelligence","tag-museum-technology","tag-art-appreciation","tag-visitor-engagement"],"_links":{"self":[{"href":"https:\/\/www.lifescienceart.com\/hu\/wp-json\/wp\/v2\/posts\/1222","targetHints":{"allow":["GET"]}}],"collection":[{"href":"https:\/\/www.lifescienceart.com\/hu\/wp-json\/wp\/v2\/posts"}],"about":[{"href":"https:\/\/www.lifescienceart.com\/hu\/wp-json\/wp\/v2\/types\/post"}],"author":[{"embeddable":true,"href":"https:\/\/www.lifescienceart.com\/hu\/wp-json\/wp\/v2\/users\/2"}],"replies":[{"embeddable":true,"href":"https:\/\/www.lifescienceart.com\/hu\/wp-json\/wp\/v2\/comments?post=1222"}],"version-history":[{"count":1,"href":"https:\/\/www.lifescienceart.com\/hu\/wp-json\/wp\/v2\/posts\/1222\/revisions"}],"predecessor-version":[{"id":1223,"href":"https:\/\/www.lifescienceart.com\/hu\/wp-json\/wp\/v2\/posts\/1222\/revisions\/1223"}],"wp:attachment":[{"href":"https:\/\/www.lifescienceart.com\/hu\/wp-json\/wp\/v2\/media?parent=1222"}],"wp:term":[{"taxonomy":"category","embeddable":true,"href":"https:\/\/www.lifescienceart.com\/hu\/wp-json\/wp\/v2\/categories?post=1222"},{"taxonomy":"post_tag","embeddable":true,"href":"https:\/\/www.lifescienceart.com\/hu\/wp-json\/wp\/v2\/tags?post=1222"}],"curies":[{"name":"wp","href":"https:\/\/api.w.org\/{rel}","templated":true}]}}