{"id":12235,"date":"2024-07-26T14:29:01","date_gmt":"2024-07-26T14:29:01","guid":{"rendered":"https:\/\/www.lifescienceart.com\/?p=12235"},"modified":"2024-07-26T14:29:01","modified_gmt":"2024-07-26T14:29:01","slug":"belly-dance-istanbul-culture-identity","status":"publish","type":"post","link":"https:\/\/www.lifescienceart.com\/hu\/art\/performance-art\/belly-dance-istanbul-culture-identity\/","title":{"rendered":"Has t\u00e1nc Isztambulban: Utaz\u00e1s a kult\u00far\u00e1n \u00e9s az identit\u00e1son kereszt\u00fcl"},"content":{"rendered":"<h2 class=\"wp-block-heading\">Has t\u00e1nc Isztambulban: Utaz\u00e1s a kult\u00far\u00e1n \u00e9s az identit\u00e1son kereszt\u00fcl<\/h2>\n\n<h2 class=\"wp-block-heading\">A Zenne t\u00e1nc t\u00f6rt\u00e9nete<\/h2>\n\n<p>A Zenne t\u00e1nc, egy \u00e9vsz\u00e1zados hagyom\u00e1ny T\u00f6r\u00f6korsz\u00e1gban, az Oszm\u00e1n Birodalomban jelent meg, amikor a n\u0151knek megtiltott\u00e1k a sz\u00ednpadi fell\u00e9p\u00e9st. Fiatal f\u00e9rfiakat, f\u0151k\u00e9nt nem muszlim k\u00f6z\u00f6ss\u00e9gekb\u0151l, t\u00e1ncosk\u00e9nt k\u00e9peztek ki, akik androg\u00fcn vagy n\u0151ies \u00f6lt\u00f6zetet \u00e9s sminket viseltek. N\u0151i szerepeket j\u00e1tszottak, \u00e9s a szult\u00e1n udvar\u00e1ban l\u00e9ptek fel, gyakran \u00e9jszaka fizetett kurtiz\u00e1nk\u00e9nt dolgoztak.<\/p>\n\n<p>A hagyom\u00e1nyos oszm\u00e1n t\u00e1rsadalomban a &#8220;meleg&#8221; \u00e9s a &#8220;heteroszexu\u00e1lis&#8221; fogalmak foly\u00e9konyak voltak, \u00e9s a szexualit\u00e1st ink\u00e1bb a st\u00e1tusz \u00e9s a szexu\u00e1lis szerep hat\u00e1rozta meg. A Zenne t\u00e1ncosokt\u00f3l elv\u00e1rt\u00e1k, hogy &#8220;n\u0151ies&#8221; szexu\u00e1lis \u00e9s t\u00e1rsadalmi szerepet testes\u00edtsenek meg, f\u00fcggetlen\u00fcl szem\u00e9lyes ir\u00e1nyults\u00e1gukt\u00f3l.<\/p>\n\n<h2 class=\"wp-block-heading\">A Zenne t\u00e1nc a modern T\u00f6r\u00f6korsz\u00e1gban<\/h2>\n\n<p>Az Oszm\u00e1n Birodalom buk\u00e1sa ut\u00e1n a Zenne t\u00e1nc kev\u00e9sb\u00e9 lett n\u00e9pszer\u0171, mivel T\u00f6r\u00f6korsz\u00e1g \u00e1tvette a nyugatiasod\u00e1st. Nagyobb r\u00e9szt a vid\u00e9ki ter\u00fcleteken maradt fenn, heteroszexu\u00e1lisk\u00e9nt azonos\u00edtott f\u00e9rfi k\u00f6z\u00f6ns\u00e9gnek adt\u00e1k el\u0151, \u00e9s az oszm\u00e1n megfelel\u0151j\u00e9nek szexu\u00e1lis eleme n\u00e9lk\u00fcl.<\/p>\n\n<p>Azonban az elm\u00falt f\u00e9l \u00e9vtizedben a Zenne t\u00e1nc \u00fajj\u00e1\u00e9led\u00e9st \u00e9lt \u00e1t Isztambulban. Ezt az \u00fajj\u00e1\u00e9led\u00e9st a m\u00e9diafigyelem, a Chanta-hoz hasonl\u00f3 meleg klubok sikere \u00e9s a homoszexualit\u00e1ssal kapcsolatos kultur\u00e1lis attit\u0171d\u00f6k v\u00e1ltoz\u00e1sa v\u00e1ltotta ki.<\/p>\n\n<h2 class=\"wp-block-heading\">Zenne t\u00e1ncosok: A kultur\u00e1lis norm\u00e1k k\u00f6z\u00f6tti navig\u00e1l\u00e1s<\/h2>\n\n<p>A Zenne t\u00e1ncosok, mint p\u00e9ld\u00e1ul Segah, kihaszn\u00e1lt\u00e1k a m\u0171v\u00e9szeti forma n\u00f6vekv\u0151 n\u00e9pszer\u0171s\u00e9g\u00e9t. Segah minden este fell\u00e9p a Chant\u00e1ban, els\u0151sorban n\u0151i heteroszexu\u00e1lis vend\u00e9gk\u00f6rnek. Azonban szembe kellett n\u00e9znie csal\u00e1dja n\u00e9mi ellen\u00e1ll\u00e1s\u00e1val, akik kezdetben nem helyeselt\u00e9k a karrierj\u00e9t, mert kapcsolatban \u00e1llt a cross-dressinggel.<\/p>\n\n<p>Ezen kih\u00edv\u00e1sok ellen\u00e9re Segah b\u00fcszke arra, hogy a k\u00f6z\u00f6ns\u00e9get kimozd\u00edtja a komfortz\u00f3n\u00e1j\u00e1b\u00f3l. Ugyanazokat a mozdulatokat v\u00e9gzi, mint a n\u0151i hast\u00e1ncosok, &#8220;nemi zavart&#8221; keltve, ami sokkolja \u00e9s egyben gy\u00f6ny\u00f6rk\u00f6dteti k\u00f6z\u00f6ns\u00e9g\u00e9t.<\/p>\n\n<h2 class=\"wp-block-heading\">A Zenne t\u00e1ncosok \u00e1ltal szemben\u00e9zett kih\u00edv\u00e1sok<\/h2>\n\n<p>Az LGBTQ+ jogok el\u0151rehalad\u00e1sa ellen\u00e9re T\u00f6r\u00f6korsz\u00e1gban a homof\u00f3bia tov\u00e1bbra is jelent\u0151s probl\u00e9ma. A Zenne t\u00e1ncosok diszkrimin\u00e1ci\u00f3val \u00e9s zaklat\u00e1ssal n\u00e9znek szembe, \u00e9s a t\u00f6r\u00f6k hadsereg a ny\u00edltan meleg f\u00e9rfiakat ment\u00e1lis betegs\u00e9g miatt mentes\u00edti a k\u00f6telez\u0151 katonai szolg\u00e1lat al\u00f3l.<\/p>\n\n<p>A t\u00f6r\u00f6k korm\u00e1nyban az iszlamizmus t\u00e9rnyer\u00e9se szint\u00e9n lelass\u00edtotta az LMBT-jogok el\u0151rehalad\u00e1s\u00e1t. Recep Tayyip Erdogan minisztereln\u00f6k nyilv\u00e1nosan el\u00edt\u00e9lte a homoszexualit\u00e1st, \u00e9s a hadsereg tov\u00e1bbra is megal\u00e1z\u00f3 vizsg\u00e1latoknak veti al\u00e1 a meleg f\u00e9rfiakat, hogy &#8220;bizony\u00edts\u00e1k&#8221; a szexu\u00e1lis ir\u00e1nyults\u00e1gukat.<\/p>\n\n<h2 class=\"wp-block-heading\">K\u00f6vetkeztet\u00e9s<\/h2>\n\n<p>A Zenne t\u00e1nc egy \u00e9l\u00e9nk \u00e9s fejl\u0151d\u0151 m\u0171v\u00e9szeti forma, amely T\u00f6r\u00f6korsz\u00e1g v\u00e1ltoz\u00f3 kultur\u00e1lis t\u00e1j\u00e1t t\u00fckr\u00f6zi. Ki\u00e1ll a hagyom\u00e1nyos nemi norm\u00e1k ellen, \u00e9s platformot ny\u00fajt az LGBTQ+ \u00f6nkifejez\u00e9shez. A vel\u00fck szemben \u00e1ll\u00f3 kih\u00edv\u00e1sok ellen\u00e9re a Zenne t\u00e1ncosok, mint p\u00e9ld\u00e1ul Segah, tov\u00e1bbra is feszegetik a hat\u00e1rokat, \u00e9s \u00fcnneplik egyedi identit\u00e1sukat.<\/p>","protected":false},"excerpt":{"rendered":"<p>Has t\u00e1nc Isztambulban: Utaz\u00e1s a kult\u00far\u00e1n \u00e9s az identit\u00e1son kereszt\u00fcl A Zenne t\u00e1nc t\u00f6rt\u00e9nete A Zenne t\u00e1nc, egy \u00e9vsz\u00e1zados hagyom\u00e1ny T\u00f6r\u00f6korsz\u00e1gban, az Oszm\u00e1n Birodalomban jelent meg, amikor a n\u0151knek megtiltott\u00e1k&hellip;<\/p>\n","protected":false},"author":2,"featured_media":23948,"comment_status":"closed","ping_status":"closed","sticky":false,"template":"","format":"standard","meta":{"footnotes":""},"categories":[1203],"tags":[16528,16531,4789,16530,16529],"class_list":["post-12235","post","type-post","status-publish","format-standard","has-post-thumbnail","hentry","category-performance-art","tag-belly-dance","tag-cultural-expression","tag-lgbtqia","tag-gender-identity","tag-turkish-culture"],"_links":{"self":[{"href":"https:\/\/www.lifescienceart.com\/hu\/wp-json\/wp\/v2\/posts\/12235","targetHints":{"allow":["GET"]}}],"collection":[{"href":"https:\/\/www.lifescienceart.com\/hu\/wp-json\/wp\/v2\/posts"}],"about":[{"href":"https:\/\/www.lifescienceart.com\/hu\/wp-json\/wp\/v2\/types\/post"}],"author":[{"embeddable":true,"href":"https:\/\/www.lifescienceart.com\/hu\/wp-json\/wp\/v2\/users\/2"}],"replies":[{"embeddable":true,"href":"https:\/\/www.lifescienceart.com\/hu\/wp-json\/wp\/v2\/comments?post=12235"}],"version-history":[{"count":1,"href":"https:\/\/www.lifescienceart.com\/hu\/wp-json\/wp\/v2\/posts\/12235\/revisions"}],"predecessor-version":[{"id":12236,"href":"https:\/\/www.lifescienceart.com\/hu\/wp-json\/wp\/v2\/posts\/12235\/revisions\/12236"}],"wp:featuredmedia":[{"embeddable":true,"href":"https:\/\/www.lifescienceart.com\/hu\/wp-json\/wp\/v2\/media\/23948"}],"wp:attachment":[{"href":"https:\/\/www.lifescienceart.com\/hu\/wp-json\/wp\/v2\/media?parent=12235"}],"wp:term":[{"taxonomy":"category","embeddable":true,"href":"https:\/\/www.lifescienceart.com\/hu\/wp-json\/wp\/v2\/categories?post=12235"},{"taxonomy":"post_tag","embeddable":true,"href":"https:\/\/www.lifescienceart.com\/hu\/wp-json\/wp\/v2\/tags?post=12235"}],"curies":[{"name":"wp","href":"https:\/\/api.w.org\/{rel}","templated":true}]}}