{"id":12366,"date":"2024-06-22T06:13:54","date_gmt":"2024-06-22T06:13:54","guid":{"rendered":"https:\/\/www.lifescienceart.com\/?p=12366"},"modified":"2024-06-22T06:13:54","modified_gmt":"2024-06-22T06:13:54","slug":"from-factory-to-art-the-transformation-of-an-industrial-park-in-china","status":"publish","type":"post","link":"https:\/\/www.lifescienceart.com\/hu\/art\/public-art\/from-factory-to-art-the-transformation-of-an-industrial-park-in-china\/","title":{"rendered":"Gy\u00e1rb\u00f3l m\u0171v\u00e9szet: Egy ipari park \u00e1talakul\u00e1sa K\u00edn\u00e1ban"},"content":{"rendered":"<h2 class=\"wp-block-heading\">A gy\u00e1rb\u00f3l m\u0171v\u00e9szet: Egy ipari park \u00e1talakul\u00e1sa K\u00edn\u00e1ban<\/h2>\n\n<h2 class=\"wp-block-heading\">\u00daj m\u0171v\u00e9szeti negyed sz\u00fcletik<\/h2>\n\n<p>K\u00edna ny\u00fczsg\u0151 metropolisz\u00e1nak, Shenzhennek a sz\u00edv\u00e9ben egy elhagyatott, 20 hekt\u00e1ros ipari komplexum figyelemre m\u00e9lt\u00f3 \u00e1talakul\u00e1son megy kereszt\u00fcl, egy vibr\u00e1l\u00f3 <strong>m\u0171v\u00e9szeti negyedd\u00e9<\/strong>. Ez a nagyszab\u00e1s\u00fa projekt, amely <strong>iD TOWN Nemzetk\u00f6zi M\u0171v\u00e9szeti Negyed<\/strong> n\u00e9ven ismert, a kreativit\u00e1s \u00e9s a kultur\u00e1lis kifejez\u00e9sm\u00f3d jelent\u0151s k\u00f6zpontj\u00e1v\u00e1 v\u00e1lik.<\/p>\n\n<p>A projekt gy\u00f6kerei egy 20 \u00e9ves v\u00edzi\u00f3ban rejlenek, amelynek c\u00e9lja a r\u00e9gi gy\u00e1rtelep \u00fajra\u00e9leszt\u00e9se. A projekt els\u0151 f\u00e1zis\u00e1ban m\u00e1r m\u0171v\u00e9szeti st\u00fadi\u00f3k \u00e9s k\u00fcl\u00f6nf\u00e9le m\u0171v\u00e9szeti t\u00f6rekv\u00e9sek j\u00f6ttek l\u00e9tre. A Design Boom, egy neves designkiadv\u00e1ny dokument\u00e1lta az \u00e1talakul\u00e1st, kiemelve a gy\u00e1rablakok elt\u00e1vol\u00edt\u00e1s\u00e1t a nyitott k\u00f6rforg\u00e1s el\u0151seg\u00edt\u00e9se \u00e9s a bels\u0151 szerkezetek k\u00fcls\u0151 udvarokkal val\u00f3 \u00f6sszek\u00f6t\u00e9se \u00e9rdek\u00e9ben.<\/p>\n\n<h2 class=\"wp-block-heading\">Ipari terek \u00e1talak\u00edt\u00e1sa a kreativit\u00e1s c\u00e9lj\u00e1ra<\/h2>\n\n<p>Az ipari \u00e9p\u00fcletek kreat\u00edv felhaszn\u00e1l\u00e1s c\u00e9lj\u00e1ra t\u00f6rt\u00e9n\u0151 \u00e1talak\u00edt\u00e1sa olyan trend, amely vil\u00e1gszerte egyre nagyobb teret h\u00f3d\u00edt. Az 1970-es \u00e9vekben New York SoHo negyede a m\u0171v\u00e9szek k\u00f6zpontj\u00e1v\u00e1 v\u00e1lt, \u00e9s hasonl\u00f3 \u00e1talakul\u00e1sok t\u00f6rt\u00e9ntek Berlinben \u00e9s Brooklyn Bushwick negyed\u00e9ben is. Az <strong>iD TOWN Nemzetk\u00f6zi M\u0171v\u00e9szeti Negyed<\/strong> projekt ezt a trendet egy \u00faj szintre emeli, bemutatva a nagym\u00e9ret\u0171 ipari terek m\u0171v\u00e9szet \u00e9s kult\u00fara vir\u00e1gz\u00f3 k\u00f6zpontjaiv\u00e1 t\u00f6rt\u00e9n\u0151 \u00e1talak\u00edt\u00e1s\u00e1nak lehet\u0151s\u00e9g\u00e9t.<\/p>\n\n<h2 class=\"wp-block-heading\">Az ipari \u00e1talak\u00edt\u00e1s k\u00f6rnyezeti el\u0151nyei<\/h2>\n\n<p>Kultur\u00e1lis jelent\u0151s\u00e9g\u00e9n t\u00fal az <strong>iD TOWN Nemzetk\u00f6zi M\u0171v\u00e9szeti Negyed<\/strong> projekt k\u00f6rnyezeti el\u0151ny\u00f6ket is k\u00edn\u00e1l. Az ipari \u00e9p\u00fcletek \u00e1talak\u00edt\u00e1sa seg\u00edthet cs\u00f6kkenteni a v\u00e1rosi terjeszked\u00e9st \u00e9s meg\u0151rizni a t\u00f6rt\u00e9nelmi \u00e9p\u00fcleteket. Ezenk\u00edv\u00fcl hozz\u00e1j\u00e1rulhat a <strong>barnamez\u0151s ter\u00fcletek<\/strong> megtiszt\u00edt\u00e1s\u00e1hoz, amelyek szennyezett vagy potenci\u00e1lisan szennyezett ingatlanok.<\/p>\n\n<p>Az Egyes\u00fclt \u00c1llamokban az Environmental Protection Agency (EPA) jelent\u0151s szerepet j\u00e1tszott a barnamez\u0151s ter\u00fcletek megtiszt\u00edt\u00e1s\u00e1nak finansz\u00edroz\u00e1s\u00e1ban. Figyelemre m\u00e9lt\u00f3 p\u00e9ld\u00e1k k\u00f6z\u00e9 tartozik egy 27 hekt\u00e1ros textilipari \u00fczem Lewistonban, Maine \u00e1llamban, lak\u00f3- \u00e9s irodahelyis\u00e9gekk\u00e9 t\u00f6rt\u00e9n\u0151 \u00e1talak\u00edt\u00e1sa, valamint egy elhagyatott rakt\u00e1r megtiszt\u00edt\u00e1sa Council Bluffsban, Iow\u00e1ban, amely m\u0171v\u00e9szek loftjaira lett \u00e1talak\u00edtva.<\/p>\n\n<h2 class=\"wp-block-heading\">Az iD TOWN Nemzetk\u00f6zi M\u0171v\u00e9szeti Negyed j\u00f6v\u0151je<\/h2>\n\n<p>Az <strong>iD TOWN Nemzetk\u00f6zi M\u0171v\u00e9szeti Negyed<\/strong> m\u00e9g mindig korai szakasz\u00e1ban j\u00e1r, de m\u00e1r vonzotta a m\u0171v\u00e9szek \u00e9s m\u0171v\u00e9szeti szervezetek soksz\u00edn\u0171 k\u00f6z\u00f6ss\u00e9g\u00e9t. A projekt nyitott alaprajzai \u00e9s nagy ablakai b\u0151s\u00e9ges teret biztos\u00edtanak a m\u0171v\u00e9szi kifejez\u00e9sm\u00f3dhoz \u00e9s az egy\u00fcttm\u0171k\u00f6d\u00e9shez.<\/p>\n\n<p>A projekt el\u0151rehaladt\u00e1val v\u00e1rhat\u00f3an m\u00e9g t\u00f6bb m\u0171v\u00e9sz \u00e9s l\u00e1togat\u00f3 \u00e9rkezik, \u00edgy az a m\u0171v\u00e9szetkedvel\u0151k c\u00e9lpontj\u00e1v\u00e1 \u00e9s a kultur\u00e1lis csere kataliz\u00e1tor\u00e1v\u00e1 v\u00e1lik. Az <strong>iD TOWN Nemzetk\u00f6zi M\u0171v\u00e9szeti Negyed<\/strong> az ipari terek \u00e1talak\u00edt\u00e1s\u00e1nak erej\u00e9t \u00e9s a m\u0171v\u00e9szet \u00e9s a kreativit\u00e1s \u00e1talak\u00edt\u00f3 erej\u00e9t bizony\u00edtja.<\/p>","protected":false},"excerpt":{"rendered":"<p>A gy\u00e1rb\u00f3l m\u0171v\u00e9szet: Egy ipari park \u00e1talakul\u00e1sa K\u00edn\u00e1ban \u00daj m\u0171v\u00e9szeti negyed sz\u00fcletik K\u00edna ny\u00fczsg\u0151 metropolisz\u00e1nak, Shenzhennek a sz\u00edv\u00e9ben egy elhagyatott, 20 hekt\u00e1ros ipari komplexum figyelemre m\u00e9lt\u00f3 \u00e1talakul\u00e1son megy kereszt\u00fcl, egy&hellip;<\/p>\n","protected":false},"author":3,"featured_media":23726,"comment_status":"closed","ping_status":"closed","sticky":false,"template":"","format":"standard","meta":{"footnotes":""},"categories":[2009],"tags":[120,16718,8855,16721,16719,16720,4552],"class_list":["post-12366","post","type-post","status-publish","format-standard","has-post-thumbnail","hentry","category-public-art","tag-sustainability","tag-industrial-repurposing","tag-creative-spaces","tag-art-and-culture","tag-arts-district","tag-shenzhen","tag-urban-renewal"],"_links":{"self":[{"href":"https:\/\/www.lifescienceart.com\/hu\/wp-json\/wp\/v2\/posts\/12366","targetHints":{"allow":["GET"]}}],"collection":[{"href":"https:\/\/www.lifescienceart.com\/hu\/wp-json\/wp\/v2\/posts"}],"about":[{"href":"https:\/\/www.lifescienceart.com\/hu\/wp-json\/wp\/v2\/types\/post"}],"author":[{"embeddable":true,"href":"https:\/\/www.lifescienceart.com\/hu\/wp-json\/wp\/v2\/users\/3"}],"replies":[{"embeddable":true,"href":"https:\/\/www.lifescienceart.com\/hu\/wp-json\/wp\/v2\/comments?post=12366"}],"version-history":[{"count":1,"href":"https:\/\/www.lifescienceart.com\/hu\/wp-json\/wp\/v2\/posts\/12366\/revisions"}],"predecessor-version":[{"id":12367,"href":"https:\/\/www.lifescienceart.com\/hu\/wp-json\/wp\/v2\/posts\/12366\/revisions\/12367"}],"wp:featuredmedia":[{"embeddable":true,"href":"https:\/\/www.lifescienceart.com\/hu\/wp-json\/wp\/v2\/media\/23726"}],"wp:attachment":[{"href":"https:\/\/www.lifescienceart.com\/hu\/wp-json\/wp\/v2\/media?parent=12366"}],"wp:term":[{"taxonomy":"category","embeddable":true,"href":"https:\/\/www.lifescienceart.com\/hu\/wp-json\/wp\/v2\/categories?post=12366"},{"taxonomy":"post_tag","embeddable":true,"href":"https:\/\/www.lifescienceart.com\/hu\/wp-json\/wp\/v2\/tags?post=12366"}],"curies":[{"name":"wp","href":"https:\/\/api.w.org\/{rel}","templated":true}]}}