{"id":1252,"date":"2023-11-17T21:56:34","date_gmt":"2023-11-17T21:56:34","guid":{"rendered":"https:\/\/www.lifescienceart.com\/?p=1252"},"modified":"2023-11-17T21:56:34","modified_gmt":"2023-11-17T21:56:34","slug":"toblerone-legal-battle-twin-peaks-chocolate-bar","status":"publish","type":"post","link":"https:\/\/www.lifescienceart.com\/hu\/life\/food-and-drink\/toblerone-legal-battle-twin-peaks-chocolate-bar\/","title":{"rendered":"Toblerone kontra Twin Peaks: egy jogi csata, amely megr\u00e1zta a csokol\u00e1d\u00e9vil\u00e1got"},"content":{"rendered":"<h2 class=\"wp-block-heading\">Toblerone jogi csat\u00e1ja a Poundland Twin Peaks csokol\u00e1d\u00e9val<\/h2>\n\n<h2 class=\"wp-block-heading\">H\u00e1tt\u00e9r:<\/h2>\n\n<p>A Toblerone, az ikonikus sv\u00e1jci csokol\u00e1d\u00e9, jogi csat\u00e1ba keveredett a brit \u00e9lelmiszerl\u00e1nccal, a Poundlanddel annak m\u00e1solt term\u00e9ke, a Twin Peaks miatt. A Poundland csokol\u00e1d\u00e9ja, a h\u00e1romsz\u00f6g alak\u00fa cs\u00facsokkal \u00e9s v\u00e9kony h\u00e9zagokkal, felt\u0171n\u0151en hasonl\u00edtott a Toblerone-ra.<\/p>\n\n<h2 class=\"wp-block-heading\">A v\u00e9djegyvita:<\/h2>\n\n<p>A Toblerone tulajdonosa, a Mondelez International azzal \u00e9rvelt, hogy a Poundland Twin Peaks megs\u00e9rti a v\u00e9djegy\u00e9t, mivel a Toblerone form\u00e1ja egyedi, t\u00f6rv\u00e9nyileg v\u00e9dett jellemz\u0151. A Poundland azonban azzal v\u00e1gott vissza, hogy a Toblerone elvesztette a v\u00e9djegyv\u00e9delm\u00e9t a friss \u00e1ttervez\u00e9s miatt, amely cs\u00f6kkentette a csokol\u00e1d\u00e9 mennyis\u00e9g\u00e9t a t\u00e1bl\u00e1kban, \u00e9s sz\u00e9les\u00edtette a h\u00e9zagokat a cs\u00facsok k\u00f6z\u00f6tt.<\/p>\n\n<h2 class=\"wp-block-heading\">A kompromisszum:<\/h2>\n\n<p>H\u00e1rom h\u00f3napnyi jogi huzavona ut\u00e1n a v\u00e1llalatok kompromisszumot k\u00f6t\u00f6ttek. A Poundland eladhatta az 500 000 m\u00e1r gy\u00e1rtott Twin Peaks t\u00e1bl\u00e1t, de meg kellett v\u00e1ltoztatnia a csomagol\u00e1s\u00e1t, hogy megk\u00fcl\u00f6nb\u00f6ztesse azt a Toblerone-t\u00f3l. A csomagol\u00f3 h\u00e1tt\u00e9rsz\u00edn\u00e9t aranyr\u00f3l k\u00e9kre, a feliratot pedig pirosr\u00f3l aranyra v\u00e1ltoztatt\u00e1k. Ezenk\u00edv\u00fcl a Poundland beleegyezett abba, hogy m\u00f3dos\u00edtja a csokol\u00e1d\u00e9cs\u00facsok form\u00e1j\u00e1t, hogy jobban k\u00e9pviselje az Ercall \u00e9s Wrekin hegyeket, amelyek a Twin Peaks diz\u00e1jnj\u00e1t ihlett\u00e9k.<\/p>\n\n<h2 class=\"wp-block-heading\">A Twin Peaks m\u00f6g\u00f6tti ihlet:<\/h2>\n\n<p>A Poundland a Toblerone \u00e1ttervez\u00e9s\u00e9re reag\u00e1lva hozta l\u00e9tre a Twin Peaks-et, amely 10%-kal kevesebb csokol\u00e1d\u00e9t tartalmazott a t\u00e1bl\u00e1kban. A Poundland azt \u00e1ll\u00edtotta, hogy v\u00e1s\u00e1rl\u00f3i 250 tonna csokol\u00e1d\u00e9t vesz\u00edtettek a cs\u00f6kkent\u00e9s miatt. A Twin Peaks-et \u201e30 g t\u00f6bb csokol\u00e1d\u00e9val\u201d rekl\u00e1mozt\u00e1k, mint a lefaragott Toblerone-t.<\/p>\n\n<h2 class=\"wp-block-heading\">A csomagol\u00e1sv\u00e1ltoz\u00e1sok:<\/h2>\n\n<p>A kompromisszum \u00e1ltal el\u0151\u00edrt csomagol\u00e1sv\u00e1ltoz\u00e1sok c\u00e9lja az volt, hogy biztos\u00edts\u00e1k, hogy a Twin Peaks vizu\u00e1lisan megk\u00fcl\u00f6nb\u00f6ztethet\u0151 legyen a Toblerone-t\u00f3l. A k\u00e9k h\u00e1tt\u00e9r \u00e9s az arany felirat elt\u00e9r\u0151 sz\u00edn\u00f6ssze\u00e1ll\u00edt\u00e1st eredm\u00e9nyezett, m\u00edg a csokol\u00e1d\u00e9cs\u00facsok m\u00f3dos\u00edtott form\u00e1ja tov\u00e1bb k\u00fcl\u00f6nb\u00f6ztette meg a k\u00e9t term\u00e9ket.<\/p>\n\n<h2 class=\"wp-block-heading\">A jogi k\u00f6vetkezm\u00e9nyek:<\/h2>\n\n<p>A Toblerone-Twin Peaks peres elj\u00e1r\u00e1s kiemelte a v\u00e9djegyek fontoss\u00e1g\u00e1t a term\u00e9kek megk\u00fcl\u00f6nb\u00f6ztet\u0151 jegyeinek v\u00e9delm\u00e9ben. K\u00e9rd\u00e9seket vetett fel a v\u00e9djegyv\u00e9delem esetleges elveszt\u00e9s\u00e9vel kapcsolatban is, ha egy term\u00e9k diz\u00e1jnja jelent\u0151s v\u00e1ltoz\u00e1sokon megy kereszt\u00fcl.<\/p>\n\n<h2 class=\"wp-block-heading\">A piaci hat\u00e1s:<\/h2>\n\n<p>A jogi csat\u00e1nak \u00e9s az azt k\u00f6vet\u0151 kompromisszumnak jelent\u0151s hat\u00e1sa volt a csokol\u00e1d\u00e9piacra. A Poundland azon k\u00e9pess\u00e9ge, hogy eladja a Twin Peaks-et, megfizethet\u0151bb alternat\u00edv\u00e1t k\u00edn\u00e1lt a fogyaszt\u00f3knak a Toblerone-hoz k\u00e9pest. A csomagol\u00e1sv\u00e1ltoz\u00e1sok azonban biztos\u00edtott\u00e1k, hogy a fogyaszt\u00f3k k\u00f6nnyed\u00e9n megk\u00fcl\u00f6nb\u00f6ztethess\u00e9k a k\u00e9t term\u00e9ket.<\/p>\n\n<h2 class=\"wp-block-heading\">A Twin Peaks j\u00f6v\u0151je:<\/h2>\n\n<p>A Twin Peaks t\u00e1bl\u00e1k 2018 december\u00e9ben ker\u00fcltek forgalomba a Poundland \u00fczletekben az Egyes\u00fclt Kir\u00e1lys\u00e1gban. M\u00e9g v\u00e1rat mag\u00e1ra, hogy a m\u00f3dos\u00edtott diz\u00e1jn \u00e9s csomagol\u00e1s hogyan befoly\u00e1solja a term\u00e9k n\u00e9pszer\u0171s\u00e9g\u00e9t. A jogi csata \u00e9s a kompromisszum azonban k\u00e9ts\u00e9gk\u00edv\u00fcl n\u00f6velte a Twin Peaks ismerts\u00e9g\u00e9t, \u00e9s legitim versenyt\u00e1rsk\u00e9nt pozicion\u00e1lta a csokol\u00e1d\u00e9piacon.<\/p>","protected":false},"excerpt":{"rendered":"<p>Toblerone jogi csat\u00e1ja a Poundland Twin Peaks csokol\u00e1d\u00e9val H\u00e1tt\u00e9r: A Toblerone, az ikonikus sv\u00e1jci csokol\u00e1d\u00e9, jogi csat\u00e1ba keveredett a brit \u00e9lelmiszerl\u00e1nccal, a Poundlanddel annak m\u00e1solt term\u00e9ke, a Twin Peaks miatt.&hellip;<\/p>\n","protected":false},"author":4,"featured_media":0,"comment_status":"closed","ping_status":"closed","sticky":false,"template":"","format":"standard","meta":{"footnotes":""},"categories":[130],"tags":[2850,2853,2852,1956,2848,2849,2851],"class_list":["post-1252","post","type-post","status-publish","format-standard","hentry","category-food-and-drink","tag-chocolate","tag-packaging","tag-lawsuit","tag-design","tag-toblerone","tag-twin-peaks","tag-trademark"],"_links":{"self":[{"href":"https:\/\/www.lifescienceart.com\/hu\/wp-json\/wp\/v2\/posts\/1252","targetHints":{"allow":["GET"]}}],"collection":[{"href":"https:\/\/www.lifescienceart.com\/hu\/wp-json\/wp\/v2\/posts"}],"about":[{"href":"https:\/\/www.lifescienceart.com\/hu\/wp-json\/wp\/v2\/types\/post"}],"author":[{"embeddable":true,"href":"https:\/\/www.lifescienceart.com\/hu\/wp-json\/wp\/v2\/users\/4"}],"replies":[{"embeddable":true,"href":"https:\/\/www.lifescienceart.com\/hu\/wp-json\/wp\/v2\/comments?post=1252"}],"version-history":[{"count":1,"href":"https:\/\/www.lifescienceart.com\/hu\/wp-json\/wp\/v2\/posts\/1252\/revisions"}],"predecessor-version":[{"id":1253,"href":"https:\/\/www.lifescienceart.com\/hu\/wp-json\/wp\/v2\/posts\/1252\/revisions\/1253"}],"wp:attachment":[{"href":"https:\/\/www.lifescienceart.com\/hu\/wp-json\/wp\/v2\/media?parent=1252"}],"wp:term":[{"taxonomy":"category","embeddable":true,"href":"https:\/\/www.lifescienceart.com\/hu\/wp-json\/wp\/v2\/categories?post=1252"},{"taxonomy":"post_tag","embeddable":true,"href":"https:\/\/www.lifescienceart.com\/hu\/wp-json\/wp\/v2\/tags?post=1252"}],"curies":[{"name":"wp","href":"https:\/\/api.w.org\/{rel}","templated":true}]}}