{"id":12864,"date":"2024-07-02T16:21:28","date_gmt":"2024-07-02T16:21:28","guid":{"rendered":"https:\/\/www.lifescienceart.com\/?p=12864"},"modified":"2024-07-02T16:21:28","modified_gmt":"2024-07-02T16:21:28","slug":"kara-walker-subversive-silhouettes","status":"publish","type":"post","link":"https:\/\/www.lifescienceart.com\/hu\/art\/contemporary-art\/kara-walker-subversive-silhouettes\/","title":{"rendered":"Jelent\u0151s sziluettek: Kara Walker l\u00e1zad\u00f3 m\u0171v\u00e9szete"},"content":{"rendered":"<h2 class=\"wp-block-heading\">Jelent\u0151s sziluettek: Kara Walker l\u00e1zad\u00f3 m\u0171v\u00e9szete<\/h2>\n\n<h2 class=\"wp-block-heading\">A sziluettek korl\u00e1tai<\/h2>\n\n<p>A sziluett az egyszer\u0171, \u00e1rny\u00e9kos k\u00f6rvonalaival a m\u0171v\u00e9szi kifejez\u00e9s egy korl\u00e1toz\u00f3 eszk\u00f6z\u00e9nek t\u0171nhet. Hi\u00e1nyzik bel\u0151le m\u00e1s m\u0171v\u00e9szeti form\u00e1k r\u00e9szletess\u00e9ge \u00e9s sz\u00edne, ami megnehez\u00edti \u00f6sszetett \u00e9rzelmek vagy narrat\u00edv\u00e1k \u00e1tad\u00e1s\u00e1t. Kara Walker m\u0171v\u00e9sz kez\u00e9ben azonban a sziluett a t\u00e1rsadalmi komment\u00e1r \u00e9s a l\u00e1zad\u00e1s er\u0151teljes eszk\u00f6z\u00e9v\u00e9 v\u00e1lik.<\/p>\n\n<h2 class=\"wp-block-heading\">Kara Walker l\u00e1zad\u00f3 sziluettjei<\/h2>\n\n<p>Kara Walker &#8220;Kara Walker: My Complement, My Enemy, My Oppressor, My Love&#8221; c\u00edm\u0171, a Whitney M\u00fazeumban tal\u00e1lhat\u00f3 munk\u00e1ja a sziluett korl\u00e1tait feszegeti. M\u0171v\u00e9szete a d\u00e9li afroamerikaiak elbesz\u00e9lhetetlen t\u00f6rt\u00e9neteire \u00f6sszpontos\u00edt, szatiriz\u00e1lva a fajt, a nemet \u00e9s a szexualit\u00e1st.<\/p>\n\n<h2 class=\"wp-block-heading\">Elbesz\u00e9lhetetlen narrat\u00edv\u00e1k felt\u00e1r\u00e1sa<\/h2>\n\n<p>Walker nagym\u00e9ret\u0171 sziluettfr\u00edze, a &#8220;Gone, An Historical Romance of a Civil War as It Occurred Between the Dusky Thighs of One Young Negress and Her Heart&#8221; egy eg\u00e9sz gal\u00e9riafalat bebor\u00edt. Els\u0151 pillant\u00e1sra a n\u00e9z\u0151 szeme \u00e1tfuthat az alakzatokon an\u00e9lk\u00fcl, hogy teljesen felfogn\u00e1 az \u00e1br\u00e1zolt borzalmas \u00e9s zavar\u00f3 cselekm\u00e9nyeket.<\/p>\n\n<p>K\u00f6zelebbi vizsg\u00e1lat ut\u00e1n a n\u00e9z\u0151 er\u0151szak \u00e9s kizs\u00e1km\u00e1nyol\u00e1s jelenet\u00e9t fedezi fel: egy \u00f6lt\u00f6ny\u00f6s \u00far ellop egy cs\u00f3kot egy fiatal l\u00e1nyt\u00f3l, mik\u00f6zben a k\u00f6zelben egy gyermek egy megfojtott lib\u00e1t mutat egy l\u00e1b\u00e1n\u00e1l fekv\u0151 n\u0151nek. A f\u00e9rfi alakok elt\u0171nnek a n\u0151k szokny\u00e1i alatt, v\u00e9gtagjaik er\u0151szakos \u00e9s k\u00e9nyelmetlen p\u00f3zokban terpeszkednek.<\/p>\n\n<h2 class=\"wp-block-heading\">Scatol\u00f3giai \u00e9s vallom\u00e1sos<\/h2>\n\n<p>Walker munk\u00e1i egyszerre scatol\u00f3giaiak \u00e9s vallom\u00e1sosak, felfedve a j\u00f3 modor\u00fa t\u00e1rsadalom felsz\u00edne alatt lappang\u00f3 borzalmakat. Sziluettjei leleplezik a faji er\u0151szakot, a szexu\u00e1lis zaklat\u00e1st \u00e9s a nemek k\u00f6z\u00f6tti egyenl\u0151tlens\u00e9get, amelyek \u00e9vsz\u00e1zadokon \u00e1t s\u00fajtott\u00e1k az afroamerikaiakat.<\/p>\n\n<h2 class=\"wp-block-heading\">A l\u00e1that\u00f3 \u00e9s a l\u00e1thatatlan k\u00f6z\u00f6tti szakad\u00e9k<\/h2>\n\n<p>Walker sziluettjei a l\u00e1that\u00f3 \u00e9s a l\u00e1thatatlan k\u00f6z\u00f6tti szakad\u00e9kot hangs\u00falyozva nyugtalans\u00e1g \u00e9s k\u00e9nyelmetlens\u00e9g \u00e9rz\u00e9s\u00e9t keltik. A n\u00e9z\u0151t arra k\u00e9nyszer\u00edtik, hogy szemben\u00e9zzen a m\u0171v\u00e9sz \u00e1ltal felt\u00e1rt kimondatlan igazs\u00e1gokkal \u00e9s rejtett val\u00f3s\u00e1gokkal.<\/p>\n\n<h2 class=\"wp-block-heading\">A r\u00e9m\u00e1lmok vonzereje<\/h2>\n\n<p>Walker sziluettjeinek van a r\u00e9m\u00e1lmok nyugtalan\u00edt\u00f3 tulajdons\u00e1ga, ahol a minket k\u00eds\u00e9rt\u0151 borzalmak egyszerre rejtve vannak \u00e9s elker\u00fclhetetlenek. Az alakjait meghat\u00e1roz\u00f3 \u00e1rny\u00e9kok metafor\u00e1j\u00e1v\u00e1 v\u00e1lnak azoknak a kimondatlan traum\u00e1knak \u00e9s igazs\u00e1gtalans\u00e1goknak, amelyek tov\u00e1bbra is form\u00e1lj\u00e1k t\u00e1rsadalmunkat.<\/p>\n\n<h2 class=\"wp-block-heading\">A sziluettek ereje<\/h2>\n\n<p>Kara Walker munk\u00e1i a sziluettek erej\u00e9t mutatj\u00e1k be a t\u00e1rsadalmi komment\u00e1r eszk\u00f6zek\u00e9nt. Ezzel a m\u0171v\u00e9szeti form\u00e1val kapcsolatos hagyom\u00e1nyos narrat\u00edv\u00e1k megd\u00f6nt\u00e9s\u00e9vel felfedi a rejtett igazs\u00e1gokat, \u00e9s szembesz\u00e1ll a k\u00e9nyelmetlen val\u00f3s\u00e1gokkal, amelyeket gyakran ink\u00e1bb figyelmen k\u00edv\u00fcl hagyunk.<\/p>\n\n<h2 class=\"wp-block-heading\">Kara Walker \u00f6r\u00f6ks\u00e9ge<\/h2>\n\n<p>Kara Walker \u00fatt\u00f6r\u0151 munk\u00e1ja m\u00e9ly hat\u00e1st gyakorolt a kort\u00e1rs m\u0171v\u00e9szetre. A sziluettek \u00f6sszetett t\u00e1rsadalmi k\u00e9rd\u00e9sek felt\u00e1r\u00e1s\u00e1ra val\u00f3 felhaszn\u00e1l\u00e1s\u00e1nak k\u00e9pess\u00e9ge egy \u00faj m\u0171v\u00e9szgener\u00e1ci\u00f3t inspir\u00e1lt arra, hogy kapcsolatba l\u00e9pjen a k\u00f6r\u00fcl\u00f6tt\u00fck l\u00e9v\u0151 vil\u00e1ggal, \u00e9s ki\u00e1lljon a status quo ellen.<\/p>","protected":false},"excerpt":{"rendered":"<p>Jelent\u0151s sziluettek: Kara Walker l\u00e1zad\u00f3 m\u0171v\u00e9szete A sziluettek korl\u00e1tai A sziluett az egyszer\u0171, \u00e1rny\u00e9kos k\u00f6rvonalaival a m\u0171v\u00e9szi kifejez\u00e9s egy korl\u00e1toz\u00f3 eszk\u00f6z\u00e9nek t\u0171nhet. Hi\u00e1nyzik bel\u0151le m\u00e1s m\u0171v\u00e9szeti form\u00e1k r\u00e9szletess\u00e9ge \u00e9s sz\u00edne,&hellip;<\/p>\n","protected":false},"author":2,"featured_media":23793,"comment_status":"closed","ping_status":"closed","sticky":false,"template":"","format":"standard","meta":{"footnotes":""},"categories":[2835],"tags":[1080,6679,17378,9,4407,17380,17379,12],"class_list":["post-12864","post","type-post","status-publish","format-standard","has-post-thumbnail","hentry","category-contemporary-art","tag-african-american-history","tag-race","tag-kara-walker","tag-art","tag-gender","tag-sexuality","tag-silhouettes","tag-social-commentary"],"_links":{"self":[{"href":"https:\/\/www.lifescienceart.com\/hu\/wp-json\/wp\/v2\/posts\/12864","targetHints":{"allow":["GET"]}}],"collection":[{"href":"https:\/\/www.lifescienceart.com\/hu\/wp-json\/wp\/v2\/posts"}],"about":[{"href":"https:\/\/www.lifescienceart.com\/hu\/wp-json\/wp\/v2\/types\/post"}],"author":[{"embeddable":true,"href":"https:\/\/www.lifescienceart.com\/hu\/wp-json\/wp\/v2\/users\/2"}],"replies":[{"embeddable":true,"href":"https:\/\/www.lifescienceart.com\/hu\/wp-json\/wp\/v2\/comments?post=12864"}],"version-history":[{"count":1,"href":"https:\/\/www.lifescienceart.com\/hu\/wp-json\/wp\/v2\/posts\/12864\/revisions"}],"predecessor-version":[{"id":12865,"href":"https:\/\/www.lifescienceart.com\/hu\/wp-json\/wp\/v2\/posts\/12864\/revisions\/12865"}],"wp:featuredmedia":[{"embeddable":true,"href":"https:\/\/www.lifescienceart.com\/hu\/wp-json\/wp\/v2\/media\/23793"}],"wp:attachment":[{"href":"https:\/\/www.lifescienceart.com\/hu\/wp-json\/wp\/v2\/media?parent=12864"}],"wp:term":[{"taxonomy":"category","embeddable":true,"href":"https:\/\/www.lifescienceart.com\/hu\/wp-json\/wp\/v2\/categories?post=12864"},{"taxonomy":"post_tag","embeddable":true,"href":"https:\/\/www.lifescienceart.com\/hu\/wp-json\/wp\/v2\/tags?post=12864"}],"curies":[{"name":"wp","href":"https:\/\/api.w.org\/{rel}","templated":true}]}}