{"id":13173,"date":"2023-07-24T09:26:09","date_gmt":"2023-07-24T09:26:09","guid":{"rendered":"https:\/\/www.lifescienceart.com\/?p=13173"},"modified":"2023-07-24T09:26:09","modified_gmt":"2023-07-24T09:26:09","slug":"the-petrified-forest-a-window-to-the-past","status":"publish","type":"post","link":"https:\/\/www.lifescienceart.com\/hu\/science\/earth-science\/the-petrified-forest-a-window-to-the-past\/","title":{"rendered":"A Sherman-r\u00f6nk\u00f6k: Ablak a m\u00faltra"},"content":{"rendered":"<h2 class=\"wp-block-heading\">Az \u0150serd\u0151: Ablak a m\u00faltra<\/h2>\n\n<h2 class=\"wp-block-heading\">Sherman-r\u00f6nk\u00f6k: A k\u00edv\u00e1ncsis\u00e1g \u00f6r\u00f6ks\u00e9ge<\/h2>\n\n<p>A Smithsonian Term\u00e9szettudom\u00e1nyi Nemzeti M\u00fazeum\u00e1nak sz\u00edv\u00e9ben k\u00e9t \u0151si fat\u00f6rzs \u00e1ll, egy let\u0171nt kor n\u00e9ma tan\u00faik\u00e9nt. Ezeket a &#8220;Sherman-r\u00f6nk\u00f6k&#8221; n\u00e9ven ismert k\u00f6v\u00fcleteket 1879-ben gy\u0171jt\u00f6tt\u00e9k \u00f6ssze, William Tecumseh Sherman t\u00e1bornok k\u00e9r\u00e9s\u00e9re. T\u00f6rt\u00e9net\u00fck a tudom\u00e1nyos k\u00edv\u00e1ncsis\u00e1gr\u00f3l, a geol\u00f3giai csod\u00e1kr\u00f3l \u00e9s term\u00e9szeti \u00f6r\u00f6ks\u00e9g\u00fcnk meg\u0151rz\u00e9s\u00e9r\u0151l sz\u00f3l.<\/p>\n\n<h2 class=\"wp-block-heading\">Az id\u0151ben megdermedt tri\u00e1sz erd\u0151k<\/h2>\n\n<p>A Sherman-r\u00f6nk\u00f6k egy \u0151skori erd\u0151b\u0151l sz\u00e1rmaznak, amely t\u00f6bb mint 200 milli\u00f3 \u00e9vvel ezel\u0151tt, a tri\u00e1sz id\u0151szakban vir\u00e1gzott Arizon\u00e1ban. A 200 l\u00e1b magasra is megn\u00f6v\u0151, hatalmas t\u0171level\u0171ek egy \u00e9lettel teli \u00f6kosziszt\u00e9ma r\u00e9sz\u00e9t k\u00e9pezt\u00e9k. A kl\u00edma tr\u00f3pusi volt, \u00e9vszakos mega-monszunokkal, amelyek a kisz\u00e1radt foly\u00f3medreket tombol\u00f3 foly\u00f3kk\u00e1 v\u00e1ltoztatt\u00e1k.<\/p>\n\n<h2 class=\"wp-block-heading\">Mega-monszunok \u00e9s az erd\u0151 pusztul\u00e1sa<\/h2>\n\n<p>Egy v\u00e9gzetes napon egy hatalmas vulk\u00e1nkit\u00f6r\u00e9s hamut \u00e9s t\u00f6rmel\u00e9ket sz\u00f3rt a meg\u00e1radt foly\u00f3kba. Az \u00e1rv\u00edz v\u00e9gigs\u00f6p\u00f6rt az \u00e1rt\u00e9ri ter\u00fcleteken, kit\u00e9pte \u00e9s betemette a f\u00e1kat a lerak\u00f3d\u00e1sok r\u00e9tegeibe. A vulk\u00e1ni \u00e1sv\u00e1nyok \u00e1ltal a boml\u00e1st\u00f3l v\u00e9dve a f\u00e1k fokozatosan megk\u00f6vesedtek, f\u00e1jukat k\u0151kem\u00e9ny szil\u00edcium-dioxid v\u00e1ltotta fel.<\/p>\n\n<h2 class=\"wp-block-heading\">Felfedez\u00e9s \u00e9s begy\u0171jt\u00e9s<\/h2>\n\n<p>\u00c9vsz\u00e1zadokkal k\u00e9s\u0151bb, 1878-ban Sherman t\u00e1bornok, a Smithsonian Int\u00e9zet akkori r\u00e9gense &#8220;rendk\u00edv\u00fcli p\u00e9ld\u00e1nyokat&#8221; l\u00e1tott az arizonai ter\u00fcleten. Utas\u00edtotta csapatait, hogy gy\u0171jtsenek k\u00e9t fat\u00f6rzset a m\u00fazeumban val\u00f3 ki\u00e1ll\u00edt\u00e1s c\u00e9lj\u00e1b\u00f3l. 1879-ben J. F. C. Hegewald hadnagy vesz\u00e9lyes \u00fatra indult a r\u00f6nk\u00f6k megszerz\u00e9se \u00e9rdek\u00e9ben, \u00fatk\u00f6zben tal\u00e1lkozott olyan navajo t\u00f6rzsekkel, akik \u00fagy v\u00e9lt\u00e9k, hogy a k\u00f6v\u00fclt f\u00e1nak lelki jelent\u0151s\u00e9ge van.<\/p>\n\n<h2 class=\"wp-block-heading\">A meg\u0151rz\u00e9s kih\u00edv\u00e1sai<\/h2>\n\n<p>B\u00e1r a k\u00f6v\u00fclt fa nagyon tart\u00f3s, nem mentes az emberi tev\u00e9kenys\u00e9gek hat\u00e1sait\u00f3l. A 19. sz\u00e1zad v\u00e9g\u00e9n az \u0150serd\u0151t hatalmas kizs\u00e1km\u00e1nyol\u00e1s \u00e9rte, mivel az emberek igyekeztek hasznot h\u00fazni az egyed\u00fcl\u00e1ll\u00f3 term\u00e9szeti er\u0151forr\u00e1sb\u00f3l. K\u00fclf\u00f6ldi keresked\u0151k asztallapok k\u00e9sz\u00edt\u00e9s\u00e9re v\u00e1s\u00e1rolt\u00e1k a r\u00f6nk\u00f6ket, a v\u00e1llalatok pedig smirglit \u00e9s m\u00e1s term\u00e9keket \u00e1ll\u00edtottak el\u0151 a t\u00f6rzsekb\u0151l.<\/p>\n\n<h2 class=\"wp-block-heading\">Term\u00e9szetv\u00e9delem \u00e9s v\u00e9delem<\/h2>\n\n<p>Felismerve a v\u00e9delem sz\u00fcks\u00e9gess\u00e9g\u00e9t, Theodore Roosevelt eln\u00f6k 1906-ban nemzeti eml\u00e9km\u0171v\u00e9 nyilv\u00e1n\u00edtotta az \u0150serd\u0151t. Azonban csak 1962-ben, John F. Kennedy eln\u00f6k alatt kapott a ter\u00fclet teljes nemzeti parki st\u00e1tuszt. Napjainkban az \u0150serd\u0151 Nemzeti Park meg\u0151rzi az \u0151si k\u00f6v\u00fclt fat\u00f6rzseket \u00e9s a k\u00f6rnyez\u0151 \u00f6kosziszt\u00e9m\u00e1t a j\u00f6v\u0151 nemzed\u00e9kei sz\u00e1m\u00e1ra.<\/p>\n\n<h2 class=\"wp-block-heading\">Ablak a m\u00faltra<\/h2>\n\n<p>Az \u0150serd\u0151 k\u00f6v\u00fclt f\u00e1ja betekint\u00e9st ny\u00fajt a tud\u00f3soknak a t\u00e1voli m\u00faltba. A r\u00f6nk\u00f6kben megk\u00f6vesedett rovarok tal\u00e1lhat\u00f3k, ami arra utal, hogy a m\u00e9hek m\u00e1r j\u00f3val a vir\u00e1gok kifejl\u0151d\u00e9se el\u0151tt l\u00e9tezhettek. M\u00e1s \u0151si n\u00f6v\u00e9nyek \u00e9s \u00e1llatok bizony\u00edt\u00e9k\u00e1t is felt\u00e1rj\u00e1k, seg\u00edtve minket abban, hogy \u00f6sszerakjuk annak a komplex \u00f6kosziszt\u00e9m\u00e1nak a k\u00e9p\u00e9t, amely egykor ezen a ter\u00fcleten vir\u00e1gzott.<\/p>\n\n<h2 class=\"wp-block-heading\">Folyamatos kutat\u00e1sok \u00e9s kih\u00edv\u00e1sok<\/h2>\n\n<p>A park v\u00e9delmi int\u00e9zked\u00e9sei ellen\u00e9re az \u0150serd\u0151t tov\u00e1bbra is kih\u00edv\u00e1sok \u00e9rik. A k\u00f6v\u00fclt fa illeg\u00e1lis gy\u0171jt\u00e9se tov\u00e1bbra is aggodalomra ad okot: a becsl\u00e9sek szerint a l\u00e1togat\u00f3k \u00e9vente 12-14 tonn\u00e1t t\u00e1vol\u00edtanak el szuven\u00edrek kedv\u00e9\u00e9rt. A park\u0151r\u00f6k f\u00e1radhatatlanul dolgoznak a szab\u00e1lyoz\u00e1sok betartat\u00e1s\u00e1n, \u00e9s t\u00e1j\u00e9koztatj\u00e1k a l\u00e1togat\u00f3kat ennek az egyed\u00fcl\u00e1ll\u00f3 er\u0151forr\u00e1snak a meg\u0151rz\u00e9s\u00e9nek fontoss\u00e1g\u00e1r\u00f3l.<\/p>\n\n<h2 class=\"wp-block-heading\">A Sherman-r\u00f6nk\u00f6k \u00f6r\u00f6ks\u00e9ge<\/h2>\n\n<p>A Sherman-r\u00f6nk\u00f6k a term\u00e9szettudom\u00e1ny ir\u00e1nti tart\u00f3s elb\u0171v\u00f6lts\u00e9g \u00e9s geol\u00f3giai \u00f6r\u00f6ks\u00e9g\u00fcnk meg\u0151rz\u00e9s\u00e9nek fontoss\u00e1g\u00e1nak bizony\u00edt\u00e9kai. A Smithsonian M\u00fazeumban val\u00f3 jelenl\u00e9t\u00fck lehet\u0151v\u00e9 teszi a l\u00e1togat\u00f3k sz\u00e1m\u00e1ra, hogy kapcsolatba l\u00e9pjenek az \u0151si vil\u00e1ggal, \u00e9s \u00e9rt\u00e9kelj\u00e9k annak sz\u00e9ps\u00e9g\u00e9t \u00e9s tudom\u00e1nyos jelent\u0151s\u00e9g\u00e9t. Ahogy folytatjuk az \u0150serd\u0151 tanulm\u00e1nyoz\u00e1s\u00e1t \u00e9s v\u00e9delm\u00e9t, felbecs\u00fclhetetlen \u00e9rt\u00e9k\u0171 betekint\u00e9st nyer\u00fcnk a F\u00f6ld\u00f6n az \u00e9let evol\u00faci\u00f3j\u00e1ba \u00e9s a term\u00e9szet \u00f6r\u00f6k hatalm\u00e1ba.<\/p>","protected":false},"excerpt":{"rendered":"<p>Az \u0150serd\u0151: Ablak a m\u00faltra Sherman-r\u00f6nk\u00f6k: A k\u00edv\u00e1ncsis\u00e1g \u00f6r\u00f6ks\u00e9ge A Smithsonian Term\u00e9szettudom\u00e1nyi Nemzeti M\u00fazeum\u00e1nak sz\u00edv\u00e9ben k\u00e9t \u0151si fat\u00f6rzs \u00e1ll, egy let\u0171nt kor n\u00e9ma tan\u00faik\u00e9nt. Ezeket a &#8220;Sherman-r\u00f6nk\u00f6k&#8221; n\u00e9ven ismert k\u00f6v\u00fcleteket&hellip;<\/p>\n","protected":false},"author":6,"featured_media":0,"comment_status":"closed","ping_status":"","sticky":false,"template":"","format":"standard","meta":{"footnotes":""},"categories":[212],"tags":[99,239,207,17761,2432,137,17762,924,141],"class_list":["post-13173","post","type-post","status-publish","format-standard","hentry","category-earth-science","tag-lifescienceart","tag-fossils","tag-geology","tag-petrified-forest","tag-prehistoric-life","tag-paleontology","tag-sherman-logs","tag-nature-photography","tag-natural-history"],"_links":{"self":[{"href":"https:\/\/www.lifescienceart.com\/hu\/wp-json\/wp\/v2\/posts\/13173","targetHints":{"allow":["GET"]}}],"collection":[{"href":"https:\/\/www.lifescienceart.com\/hu\/wp-json\/wp\/v2\/posts"}],"about":[{"href":"https:\/\/www.lifescienceart.com\/hu\/wp-json\/wp\/v2\/types\/post"}],"author":[{"embeddable":true,"href":"https:\/\/www.lifescienceart.com\/hu\/wp-json\/wp\/v2\/users\/6"}],"replies":[{"embeddable":true,"href":"https:\/\/www.lifescienceart.com\/hu\/wp-json\/wp\/v2\/comments?post=13173"}],"version-history":[{"count":1,"href":"https:\/\/www.lifescienceart.com\/hu\/wp-json\/wp\/v2\/posts\/13173\/revisions"}],"predecessor-version":[{"id":13174,"href":"https:\/\/www.lifescienceart.com\/hu\/wp-json\/wp\/v2\/posts\/13173\/revisions\/13174"}],"wp:attachment":[{"href":"https:\/\/www.lifescienceart.com\/hu\/wp-json\/wp\/v2\/media?parent=13173"}],"wp:term":[{"taxonomy":"category","embeddable":true,"href":"https:\/\/www.lifescienceart.com\/hu\/wp-json\/wp\/v2\/categories?post=13173"},{"taxonomy":"post_tag","embeddable":true,"href":"https:\/\/www.lifescienceart.com\/hu\/wp-json\/wp\/v2\/tags?post=13173"}],"curies":[{"name":"wp","href":"https:\/\/api.w.org\/{rel}","templated":true}]}}