{"id":13179,"date":"2024-05-29T12:10:04","date_gmt":"2024-05-29T12:10:04","guid":{"rendered":"https:\/\/www.lifescienceart.com\/?p=13179"},"modified":"2024-05-29T12:10:04","modified_gmt":"2024-05-29T12:10:04","slug":"raymond-loewy-industrial-designer-mid-century-america","status":"publish","type":"post","link":"https:\/\/www.lifescienceart.com\/hu\/art\/design\/raymond-loewy-industrial-designer-mid-century-america\/","title":{"rendered":"Raymond Loewy: Az ipari formatervez\u0151, aki form\u00e1lta a sz\u00e1zad k\u00f6zep\u00e9nek Amerik\u00e1j\u00e1t"},"content":{"rendered":"<h2 class=\"wp-block-heading\">Raymond Loewy: Az ipari formatervez\u0151, aki form\u00e1lta a sz\u00e1zad k\u00f6zep\u00e9nek Amerik\u00e1j\u00e1t<\/h2>\n\n<h2 class=\"wp-block-heading\">Korai \u00e9let \u00e9s hat\u00e1sok<\/h2>\n\n<p>Raymond Loewy 1893-ban sz\u00fcletett P\u00e1rizsban, \u00e9s az els\u0151 vil\u00e1gh\u00e1bor\u00fa alatt a francia hadseregbe val\u00f3 besoroz\u00e1sa el\u0151tt m\u00e9rn\u00f6ki tanulm\u00e1nyokat folytatott. A frontvonalon szerzett tapasztalatai \u00e9s az akkori leg\u00fajabb technol\u00f3gi\u00e1kkal val\u00f3 megismerked\u00e9se keltette fel \u00e9rdekl\u0151d\u00e9s\u00e9t a formatervez\u00e9s ir\u00e1nt.<\/p>\n\n<h2 class=\"wp-block-heading\">\u00c1ttelep\u00fcl\u00e9s Amerik\u00e1ba \u00e9s \u00e1tt\u00f6r\u00e9s<\/h2>\n\n<p>A h\u00e1bor\u00fa ut\u00e1n Loewy New Yorkba k\u00f6lt\u00f6z\u00f6tt, ahol eleinte divatrajzol\u00f3k\u00e9nt dolgozott. Hamarosan azonban felismerte az ipari formatervez\u00e9sben rejl\u0151 lehet\u0151s\u00e9geket az amerikai term\u00e9kek \u00e1talak\u00edt\u00e1s\u00e1ban. \u00c1tt\u00f6r\u00e9se 1929-ben k\u00f6vetkezett be, amikor \u00e1ramvonalas\u00edtotta a Gestetner f\u00e9nym\u00e1sol\u00f3t, \u00e9s ezzel egy vizu\u00e1lisan vonz\u00f3 \u00e9s funkcion\u00e1lis kialak\u00edt\u00e1st hozott l\u00e9tre.<\/p>\n\n<h2 class=\"wp-block-heading\">A \u201etisztas\u00e1g\u201d elvei<\/h2>\n\n<p>Loewy olyan formatervez\u00e9si filoz\u00f3fi\u00e1t dolgozott ki, amelyet \u0151 \u201etisztas\u00e1gnak\u201d nevezett, \u00e9s amely a term\u00e9kek l\u00e9nyegi form\u00e1ira val\u00f3 reduk\u00e1l\u00e1s\u00e1ra, a felesleges r\u00e9szletek elt\u00e1vol\u00edt\u00e1s\u00e1ra \u00f6sszpontos\u00edtott. Ennek a megk\u00f6zel\u00edt\u00e9snek az volt a c\u00e9lja, hogy olyan term\u00e9keket hozzon l\u00e9tre, amelyek mind eszt\u00e9tikailag tetszet\u0151sek, mind pedig felhaszn\u00e1l\u00f3bar\u00e1tak.<\/p>\n\n<h2 class=\"wp-block-heading\">Hat\u00e1s a fogyaszt\u00f3i kult\u00far\u00e1ra<\/h2>\n\n<p>Loewy formatervei jelent\u0151s szerepet j\u00e1tszottak a 20. sz\u00e1zad k\u00f6zep\u00e9nek fogyaszt\u00f3i kult\u00far\u00e1j\u00e1nak form\u00e1l\u00e1s\u00e1ban. \u00dajra megtervezett mindent a h\u0171t\u0151szekr\u00e9nyekt\u0151l az aut\u00f3kon \u00e1t a mozdonyokig, st\u00edlust \u00e9s moderns\u00e9get hozva a h\u00e9tk\u00f6znapi t\u00e1rgyakba. A Studebaker aut\u00f3k sz\u00e1m\u00e1ra k\u00e9sz\u00edtett ikonikus formatervei seg\u00edtett\u00e9k a v\u00e1llalatot abban, hogy olyan nagyobb aut\u00f3gy\u00e1rt\u00f3kkal versenyezzen, mint a GM \u00e9s a Ford.<\/p>\n\n<h2 class=\"wp-block-heading\">A m\u00e1rka\u00e9p\u00edt\u00e9s ereje<\/h2>\n\n<p>Loewy meg\u00e9rtette a m\u00e1rka\u00e9p\u00edt\u00e9s \u00e9s az \u00f6nrekl\u00e1moz\u00e1s fontoss\u00e1g\u00e1t. Karizmatikus \u00e9s kifinomult tervez\u0151k\u00e9nt \u00e1polta a nyilv\u00e1nos im\u00e1zs\u00e1t, a m\u00e9di\u00e1t felhaszn\u00e1lva arra, hogy bemutassa munk\u00e1it, \u00e9s szak\u00e9rt\u0151k\u00e9nt pozicion\u00e1lja mag\u00e1t az ipari formatervez\u00e9s ter\u00fclet\u00e9n.<\/p>\n\n<h2 class=\"wp-block-heading\">\u00d6r\u00f6ks\u00e9g \u00e9s hat\u00e1s<\/h2>\n\n<p>Loewy hat\u00e1sa t\u00falmutatott saj\u00e1t formatervein. Seg\u00edtett az ipari formatervez\u00e9st tiszteletrem\u00e9lt\u00f3 szakm\u00e1v\u00e1 tenni, \u00e9s utat nyitott a formatervez\u0151k k\u00f6vetkez\u0151 gener\u00e1ci\u00f3i el\u0151tt. \u00d6r\u00f6ks\u00e9ge a mai tervez\u0151ket is inspir\u00e1lja, akik olyan term\u00e9kek l\u00e9trehoz\u00e1s\u00e1ra t\u00f6rekszenek, amelyek egyszerre funkcion\u00e1lisak \u00e9s eszt\u00e9tikailag vonz\u00f3ak.<\/p>\n\n<h2 class=\"wp-block-heading\">N\u00e9h\u00e1ny ikonikus formaterv p\u00e9ld\u00e1ja<\/h2>\n\n<ul class=\"wp-block-list\">\n<li><strong>Sears Coldspot h\u0171t\u0151szekr\u00e9ny (1934):<\/strong> Egy \u00e1ramvonalas, feh\u00e9r h\u0171t\u0151szekr\u00e9ny, amely a modern konyhai formatervez\u00e9s jelk\u00e9p\u00e9v\u00e9 v\u00e1lt.<\/li>\n<li><strong>Pennsylvania Railroad GG-1 mozdony (1934):<\/strong> Egy eleg\u00e1ns \u00e9s er\u0151teljes villamos mozdony, amely egy sz\u00e1guld\u00f3 goly\u00f3ra hasonl\u00edtott.<\/li>\n<li><strong>Studebaker Commander (1947):<\/strong> Egy innovat\u00edv aut\u00f3, egys\u00e9ges karossz\u00e9ri\u00e1val \u00e9s eleg\u00e1ns d\u00edsz\u00edt\u00e9ssel, vad\u00e1szg\u00e9pek \u00e1ltal inspir\u00e1lva.<\/li>\n<li><strong>Studebaker Starliner kup\u00e9 (1953):<\/strong> Egy forradalmian \u00faj aut\u00f3, amely alacsony profil\u00fa, minim\u00e1lis kr\u00f3mozott d\u00edsz\u00edt\u00e9ssel \u00e9s visszafogott h\u0171t\u0151r\u00e1ccsal rendelkezett.<\/li>\n<li><strong>Avanti sportaut\u00f3 (1963):<\/strong> Egy \u00fcvegsz\u00e1lb\u00f3l k\u00e9sz\u00fclt karossz\u00e9ri\u00e1j\u00fa sportaut\u00f3, borotva\u00e9les s\u00e1rv\u00e9d\u0151kkel \u00e9s olyan biztons\u00e1gi funkci\u00f3kkal, mint a buk\u00f3keret \u00e9s a t\u00e1rcsaf\u00e9kek.<\/li>\n<\/ul>\n\n<h2 class=\"wp-block-heading\">A m\u00e1rka\u00e9p\u00edt\u00e9s tudom\u00e1nya<\/h2>\n\n<p>Loewy \u00f6nrekl\u00e1moz\u00e1si megk\u00f6zel\u00edt\u00e9se alapot teremtett a modern m\u00e1rka\u00e9p\u00edt\u00e9si tudom\u00e1ny sz\u00e1m\u00e1ra. Megtan\u00edtotta a tervez\u0151ket eml\u00e9kezetes log\u00f3k \u00e9s vizu\u00e1lis arculat l\u00e9trehoz\u00e1s\u00e1ra, \u00e9s arra, hogy a m\u00e9di\u00e1t felhaszn\u00e1lj\u00e1k saj\u00e1t h\u00edrnev\u00fck megteremt\u00e9s\u00e9re. Ezt a megk\u00f6zel\u00edt\u00e9st alkalmazz\u00e1k ma is a v\u00e1llalatok m\u00e1rk\u00e1ik l\u00e9trehoz\u00e1s\u00e1ra \u00e9s a fogyaszt\u00f3kkal val\u00f3 kapcsolatteremt\u00e9sre.<\/p>\n\n<h2 class=\"wp-block-heading\">K\u00f6vetkeztet\u00e9s<\/h2>\n\n<p>Raymond Loewy \u00f6r\u00f6ks\u00e9ge ipari formatervez\u0151k\u00e9nt vitathatatlan. A tisztas\u00e1g elvei, a fogyaszt\u00f3i kult\u00far\u00e1ra gyakorolt hat\u00e1sa \u00e9s a m\u00e1rka\u00e9p\u00edt\u00e9s \u00fatt\u00f6r\u0151 haszn\u00e1lata tart\u00f3s hat\u00e1st gyakorolt a formatervez\u00e9s vil\u00e1g\u00e1ra. Formatervei tov\u00e1bbra is inspir\u00e1lj\u00e1k \u00e9s befoly\u00e1solj\u00e1k a mai tervez\u0151ket, bemutatva a formatervez\u00e9s erej\u00e9t, amellyel \u00e1talak\u00edthatjuk \u00e9let\u00fcnket \u00e9s form\u00e1lhatjuk vil\u00e1gunkat.<\/p>","protected":false},"excerpt":{"rendered":"<p>Raymond Loewy: Az ipari formatervez\u0151, aki form\u00e1lta a sz\u00e1zad k\u00f6zep\u00e9nek Amerik\u00e1j\u00e1t Korai \u00e9let \u00e9s hat\u00e1sok Raymond Loewy 1893-ban sz\u00fcletett P\u00e1rizsban, \u00e9s az els\u0151 vil\u00e1gh\u00e1bor\u00fa alatt a francia hadseregbe val\u00f3 besoroz\u00e1sa&hellip;<\/p>\n","protected":false},"author":2,"featured_media":23526,"comment_status":"closed","ping_status":"closed","sticky":false,"template":"","format":"standard","meta":{"footnotes":""},"categories":[1060],"tags":[9983,16404,2403,1128,4622],"class_list":["post-13179","post","type-post","status-publish","format-standard","has-post-thumbnail","hentry","category-design","tag-mid-century-modern","tag-design-thinking","tag-industrial-design","tag-branding","tag-product-design"],"_links":{"self":[{"href":"https:\/\/www.lifescienceart.com\/hu\/wp-json\/wp\/v2\/posts\/13179","targetHints":{"allow":["GET"]}}],"collection":[{"href":"https:\/\/www.lifescienceart.com\/hu\/wp-json\/wp\/v2\/posts"}],"about":[{"href":"https:\/\/www.lifescienceart.com\/hu\/wp-json\/wp\/v2\/types\/post"}],"author":[{"embeddable":true,"href":"https:\/\/www.lifescienceart.com\/hu\/wp-json\/wp\/v2\/users\/2"}],"replies":[{"embeddable":true,"href":"https:\/\/www.lifescienceart.com\/hu\/wp-json\/wp\/v2\/comments?post=13179"}],"version-history":[{"count":1,"href":"https:\/\/www.lifescienceart.com\/hu\/wp-json\/wp\/v2\/posts\/13179\/revisions"}],"predecessor-version":[{"id":13180,"href":"https:\/\/www.lifescienceart.com\/hu\/wp-json\/wp\/v2\/posts\/13179\/revisions\/13180"}],"wp:featuredmedia":[{"embeddable":true,"href":"https:\/\/www.lifescienceart.com\/hu\/wp-json\/wp\/v2\/media\/23526"}],"wp:attachment":[{"href":"https:\/\/www.lifescienceart.com\/hu\/wp-json\/wp\/v2\/media?parent=13179"}],"wp:term":[{"taxonomy":"category","embeddable":true,"href":"https:\/\/www.lifescienceart.com\/hu\/wp-json\/wp\/v2\/categories?post=13179"},{"taxonomy":"post_tag","embeddable":true,"href":"https:\/\/www.lifescienceart.com\/hu\/wp-json\/wp\/v2\/tags?post=13179"}],"curies":[{"name":"wp","href":"https:\/\/api.w.org\/{rel}","templated":true}]}}