{"id":13279,"date":"2021-09-11T21:05:16","date_gmt":"2021-09-11T21:05:16","guid":{"rendered":"https:\/\/www.lifescienceart.com\/?p=13279"},"modified":"2021-09-11T21:05:16","modified_gmt":"2021-09-11T21:05:16","slug":"delaware-sized-iceberg-breaks-off-antarctica-climate-change-concerns","status":"publish","type":"post","link":"https:\/\/www.lifescienceart.com\/hu\/science\/earth-sciences\/delaware-sized-iceberg-breaks-off-antarctica-climate-change-concerns\/","title":{"rendered":"Delaware m\u00e9ret\u0171 j\u00e9ghegy szakadt le az Antarktiszr\u00f3l"},"content":{"rendered":"<h2 class=\"wp-block-heading\">Delaware-m\u00e9ret\u0171 j\u00e9ghegy szakadt le az Antarktiszr\u00f3l<\/h2>\n\n<h2 class=\"wp-block-heading\">H\u00e1tt\u00e9r<\/h2>\n\n<p>A Larsen C j\u00e9gsz\u00e1l, amely az Antarktiszi-f\u00e9lsziget keleti partj\u00e1n tal\u00e1lhat\u00f3, \u00e9vek \u00f3ta egyre sz\u00e9lesed\u0151 reped\u00e9st\u0151l szenved. A tud\u00f3sok 2014 \u00f3ta figyelemmel k\u00eds\u00e9rik a reped\u00e9s alakul\u00e1s\u00e1t, egy hatalmas j\u00e9ghegy esetleges lev\u00e1l\u00e1s\u00e1t v\u00e1rva.<\/p>\n\n<h2 class=\"wp-block-heading\">A lev\u00e1l\u00e1s esem\u00e9nye<\/h2>\n\n<ol class=\"wp-block-list\" start=\"2023\">\n<li>janu\u00e1r 31-\u00e9n a tud\u00f3sok meger\u0151s\u00edtett\u00e9k, hogy egy Delaware-m\u00e9ret\u0171 j\u00e9ghegy szakadt le a Larsen C j\u00e9gsz\u00e1lr\u00f3l. A t\u00f6bb mint egy billi\u00f3 tonn\u00e1s j\u00e9ghegy az eddig feljegyzett legnagyobb j\u00e9ghegyek egyike.<\/li>\n<\/ol>\n\n<p>&#8220;H\u00f3napok \u00f3ta v\u00e1rjuk ezt az esem\u00e9nyt, \u00e9s meglep\u0151dt\u00fcnk, hogy a hasad\u00e9knak mennyi id\u0151be telt, am\u00edg \u00e1tt\u00f6rte a j\u00e9g utols\u00f3 n\u00e9h\u00e1ny kilom\u00e9ter\u00e9t&#8221; &#8211; mondta Adrian Luckman, a Swansea Egyetem gleccserkutat\u00f3ja.<\/p>\n\n<h2 class=\"wp-block-heading\">A j\u00e9ghegy jellemz\u0151i<\/h2>\n\n<p>A j\u00e9ghegy ter\u00fclete k\u00f6r\u00fclbel\u00fcl 2300 n\u00e9gyzetm\u00e9rf\u00f6ld, hossza pedig k\u00f6r\u00fclbel\u00fcl 120 m\u00e9rf\u00f6ld. Ez a Larsen j\u00e9gsz\u00e1l harmadik nagy szakasza, amely az elm\u00falt \u00e9vtizedekben \u00f6sszeomlott. Az els\u0151, a Larsen A 1995-ben szakadt le, ezt k\u00f6vette a Larsen B 2002-ben.<\/p>\n\n<h2 class=\"wp-block-heading\">A tengerszintre gyakorolt hat\u00e1s<\/h2>\n\n<p>B\u00e1r a j\u00e9ghegy lev\u00e1l\u00e1sa nem emeli k\u00f6zvetlen\u00fcl a tengerszintet, mivel m\u00e1r a v\u00edzen lebegett, k\u00f6zvetett k\u00f6vetkezm\u00e9nyei lehetnek. A j\u00e9gsz\u00e1l \u00f6sszeoml\u00e1sa sebezhet\u0151bb\u00e9 teheti azt a tov\u00e1bbi sz\u00e9tes\u00e9ssel szemben, ami potenci\u00e1lisan t\u00f6bb jeget szabad\u00edthat fel az \u00f3ce\u00e1nba, \u00e9s hozz\u00e1j\u00e1rulhat a tengerszint emelked\u00e9s\u00e9hez.<\/p>\n\n<h2 class=\"wp-block-heading\">A lev\u00e1l\u00e1s okai<\/h2>\n\n<p>A Larsen C j\u00e9gsz\u00e1l lev\u00e1l\u00e1s\u00e1nak pontos oka m\u00e9g mindig nem tiszt\u00e1zott. N\u00e9h\u00e1ny tud\u00f3s \u00fagy v\u00e9li, hogy az ember okozta \u00e9ghajlatv\u00e1ltoz\u00e1s szerepet j\u00e1tszott benne, m\u00edg m\u00e1sok azt \u00e1ll\u00edtj\u00e1k, hogy els\u0151sorban a term\u00e9szetes t\u00e9nyez\u0151k a felel\u0151sek.<\/p>\n\n<p>&#8220;Jelenleg m\u00e9g korai lenne azt mondani, hogy ezt a glob\u00e1lis felmeleged\u00e9s okozta&#8221; &#8211; mondta Anna Hogg, antarktiszi kutat\u00f3. &#8220;Az azonban egy\u00e9rtelm\u0171, hogy az Antarktiszi-f\u00e9lsziget gyorsan melegszik, ami hozz\u00e1j\u00e1rulhat a j\u00e9gsz\u00e1lak destabiliz\u00e1l\u00f3d\u00e1s\u00e1hoz.&#8221;<\/p>\n\n<h2 class=\"wp-block-heading\">A k\u00f6vetkezm\u00e9nyek az antarktiszi \u00f6kosziszt\u00e9m\u00e1ra<\/h2>\n\n<p>A Larsen C j\u00e9gsz\u00e1l lev\u00e1l\u00e1s\u00e1nak jelent\u0151s k\u00f6vetkezm\u00e9nyei lehetnek az antarktiszi \u00f6kosziszt\u00e9m\u00e1ra. A j\u00e9gsz\u00e1l sz\u00e1mos tengeri \u00e9l\u0151l\u00e9nynek, k\u00f6zt\u00fck pingvineknek, f\u00f3k\u00e1knak \u00e9s b\u00e1ln\u00e1knak biztos\u00edt \u00e9l\u0151helyet. \u00d6sszeoml\u00e1sa megzavarhatja ezeket az \u00f6kosziszt\u00e9m\u00e1kat, \u00e9s potenci\u00e1lisan popul\u00e1ci\u00f3cs\u00f6kken\u00e9shez vezethet.<\/p>\n\n<h2 class=\"wp-block-heading\">J\u00f6v\u0151beli kil\u00e1t\u00e1sok<\/h2>\n\n<p>A tud\u00f3sok agg\u00f3dnak amiatt, hogy a Larsen C j\u00e9gsz\u00e1l lev\u00e1l\u00e1sa az Antarktiszon a j\u00e9gvesztes\u00e9g sz\u00e9lesebb k\u00f6r\u0171 jele lehet. Ha a j\u00e9gsz\u00e1lak tov\u00e1bbra is \u00f6sszeomlanak, az jelent\u0151s tengerszint-emelked\u00e9shez \u00e9s m\u00e1s \u00e9ghajlatv\u00e1ltoz\u00e1ssal kapcsolatos hat\u00e1sokhoz vezethet.<\/p>\n\n<h2 class=\"wp-block-heading\">Tov\u00e1bbi inform\u00e1ci\u00f3<\/h2>\n\n<ul class=\"wp-block-list\">\n<li>A Larsen C j\u00e9gsz\u00e1l az Antarktisz egyik legnagyobb \u00e9s legstabilabb j\u00e9gsz\u00e1lfala.<\/li>\n<li>A j\u00e9ghegy lev\u00e1l\u00e1s\u00e1hoz vezet\u0151 reped\u00e9s t\u00f6bb mint egy \u00e9vtizede n\u00f6vekedett.<\/li>\n<li>A j\u00e9ghegy v\u00e1rhat\u00f3an \u00e9szak fel\u00e9 sodr\u00f3dik, \u00e9s v\u00e9g\u00fcl melegebb vizekben megolvad.<\/li>\n<li>A tud\u00f3sok tov\u00e1bbra is figyelemmel k\u00eds\u00e9rik a Larsen C j\u00e9gsz\u00e1lfalat \u00e9s m\u00e1s antarktiszi j\u00e9gsz\u00e1lfalakat a tov\u00e1bbi \u00f6sszeoml\u00e1s jeleire.<\/li>\n<\/ul>","protected":false},"excerpt":{"rendered":"<p>Delaware-m\u00e9ret\u0171 j\u00e9ghegy szakadt le az Antarktiszr\u00f3l H\u00e1tt\u00e9r A Larsen C j\u00e9gsz\u00e1l, amely az Antarktiszi-f\u00e9lsziget keleti partj\u00e1n tal\u00e1lhat\u00f3, \u00e9vek \u00f3ta egyre sz\u00e9lesed\u0151 reped\u00e9st\u0151l szenved. A tud\u00f3sok 2014 \u00f3ta figyelemmel k\u00eds\u00e9rik a&hellip;<\/p>\n","protected":false},"author":6,"featured_media":0,"comment_status":"closed","ping_status":"closed","sticky":false,"template":"","format":"standard","meta":{"footnotes":""},"categories":[728],"tags":[749,17900,34,7595,17901,4317],"class_list":["post-13279","post","type-post","status-publish","format-standard","hentry","category-earth-sciences","tag-sea-level-rise","tag-antarctic-ice-shelf","tag-climate-change","tag-iceberg","tag-larsen-c","tag-polar-science"],"_links":{"self":[{"href":"https:\/\/www.lifescienceart.com\/hu\/wp-json\/wp\/v2\/posts\/13279","targetHints":{"allow":["GET"]}}],"collection":[{"href":"https:\/\/www.lifescienceart.com\/hu\/wp-json\/wp\/v2\/posts"}],"about":[{"href":"https:\/\/www.lifescienceart.com\/hu\/wp-json\/wp\/v2\/types\/post"}],"author":[{"embeddable":true,"href":"https:\/\/www.lifescienceart.com\/hu\/wp-json\/wp\/v2\/users\/6"}],"replies":[{"embeddable":true,"href":"https:\/\/www.lifescienceart.com\/hu\/wp-json\/wp\/v2\/comments?post=13279"}],"version-history":[{"count":1,"href":"https:\/\/www.lifescienceart.com\/hu\/wp-json\/wp\/v2\/posts\/13279\/revisions"}],"predecessor-version":[{"id":13280,"href":"https:\/\/www.lifescienceart.com\/hu\/wp-json\/wp\/v2\/posts\/13279\/revisions\/13280"}],"wp:attachment":[{"href":"https:\/\/www.lifescienceart.com\/hu\/wp-json\/wp\/v2\/media?parent=13279"}],"wp:term":[{"taxonomy":"category","embeddable":true,"href":"https:\/\/www.lifescienceart.com\/hu\/wp-json\/wp\/v2\/categories?post=13279"},{"taxonomy":"post_tag","embeddable":true,"href":"https:\/\/www.lifescienceart.com\/hu\/wp-json\/wp\/v2\/tags?post=13279"}],"curies":[{"name":"wp","href":"https:\/\/api.w.org\/{rel}","templated":true}]}}