{"id":1363,"date":"2021-07-22T19:12:48","date_gmt":"2021-07-22T19:12:48","guid":{"rendered":"https:\/\/www.lifescienceart.com\/?p=1363"},"modified":"2021-07-22T19:12:48","modified_gmt":"2021-07-22T19:12:48","slug":"medieval-ink-pen-discovery-reveals-surprising-literacy-in-ireland","status":"publish","type":"post","link":"https:\/\/www.lifescienceart.com\/hu\/life\/history\/medieval-ink-pen-discovery-reveals-surprising-literacy-in-ireland\/","title":{"rendered":"K\u00f6z\u00e9pkori toll felfedez\u00e9se \u00cdrorsz\u00e1gban meglep\u0151 m\u0171velts\u00e9gre utal"},"content":{"rendered":"<h2 class=\"wp-block-heading\">K\u00f6z\u00e9pkori toll felfedez\u00e9se \u00cdrorsz\u00e1gban meglep\u0151 m\u0171velts\u00e9gre utal<\/h2>\n\n<h2 class=\"wp-block-heading\">A valaha tal\u00e1lt legr\u00e9gebbi \u00edr tintatart\u00f3 felfedez\u00e9se<\/h2>\n\n<p>Nyugat-\u00cdrorsz\u00e1gban egy k\u00f6z\u00e9pkori k\u0151er\u0151d\u00f6t felt\u00e1r\u00f3 r\u00e9g\u00e9szek forradalmi felfedez\u00e9st tettek &#8211; megtal\u00e1lt\u00e1k az orsz\u00e1gban valaha tal\u00e1lt legr\u00e9gebbi tintatart\u00f3t. A tollat, amely egy \u00fcreges csonttart\u00e1lyb\u00f3l \u00e9s egy r\u00e9z\u00f6tv\u00f6zet\u0171 hegyb\u0151l (tollhegy) k\u00e9sz\u00fclt, Clare megyei Caherconnell Cashelben, egy 11. sz\u00e1zadi \u00fcled\u00e9kr\u00e9tegben t\u00e1rt\u00e1k fel.<\/p>\n\n<h2 class=\"wp-block-heading\">A toll jelent\u0151s\u00e9ge<\/h2>\n\n<p>A felfedez\u00e9s az\u00e9rt jelent\u0151s, mert ebben az id\u0151szakban az \u00edr m\u0171velts\u00e9g \u00e1ltal\u00e1ban a kereszt\u00e9ny egyh\u00e1zzal \u00e1llt kapcsolatban. A tollat azonban egy vil\u00e1gi k\u00f6rnyezetben tal\u00e1lt\u00e1k meg, ami arra utal, hogy a m\u0171velts\u00e9g elterjedtebb lehetett, mint kor\u00e1bban gondolt\u00e1k.<\/p>\n\n<h2 class=\"wp-block-heading\">A toll szerkezete \u00e9s haszn\u00e1lata<\/h2>\n\n<p>A toll szerkezete elt\u00e9r a k\u00f6z\u00e9pkori Eur\u00f3p\u00e1ban az \u00edr\u00e1stud\u00f3 egy\u00e9nek \u00e1ltal \u00e1ltal\u00e1ban haszn\u00e1lt l\u00fadtollakt\u00f3l. Tim O&#8217;Neill t\u00f6rt\u00e9n\u00e9sz \u00e9s kalligr\u00e1fus szerint vonalak h\u00faz\u00e1s\u00e1ra haszn\u00e1lhatt\u00e1k, p\u00e9ld\u00e1ul egy oldal bekeretez\u00e9s\u00e9hez.<\/p>\n\n<h2 class=\"wp-block-heading\">Vil\u00e1gi m\u0171velts\u00e9g bizony\u00edt\u00e9kai<\/h2>\n\n<p>Az er\u0151dben tett egy\u00e9b felfedez\u00e9sek, p\u00e9ld\u00e1ul a finom k\u00e9zm\u0171vess\u00e9g, f\u00e9mmegmunk\u00e1l\u00e1s, j\u00e1t\u00e9kok \u00e9s zene bizony\u00edt\u00e9kai al\u00e1t\u00e1masztj\u00e1k azt az elm\u00e9letet, hogy a tollat vil\u00e1gi c\u00e9lokra haszn\u00e1lt\u00e1k. A kutat\u00f3k \u00fagy v\u00e9lik, lehetett, hogy csal\u00e1di lesz\u00e1rmaz\u00e1sok \u00e9s kereskedelmi \u00fcgyletek r\u00f6gz\u00edt\u00e9s\u00e9re haszn\u00e1lt\u00e1k.<\/p>\n\n<h2 class=\"wp-block-heading\">\u00d6sszehasonl\u00edt\u00e1s m\u00e1s tollakkal<\/h2>\n\n<p>Annak ellen\u00e9re, hogy ez a t\u00e1rgy a brit szigeteken tal\u00e1lt \u00f6sszetett toll legr\u00e9gebbi teljes p\u00e9ld\u00e1nya, a kutat\u00f3k ismernek n\u00e1la r\u00e9gebbi \u00e9s \u00fajabb kapcsol\u00f3d\u00f3 terveket is. Britannia r\u00f3mai megsz\u00e1ll\u00e1sa alatt az emberek n\u00e9ha teljes eg\u00e9sz\u00e9ben r\u00e9z\u00f6tv\u00f6zetb\u0151l k\u00e9sz\u00fclt tollakat haszn\u00e1ltak. Angli\u00e1ban a r\u00e9g\u00e9szek tal\u00e1ltak olyan r\u00e9z\u00f6tv\u00f6zet\u0171 tollhegyeket is, amelyeknek nincs csonttart\u00e1lyuk, \u00e9s ford\u00edtva, ezek \u00e1ltal\u00e1ban a 13-16. sz\u00e1zadb\u00f3l sz\u00e1rmaznak.<\/p>\n\n<h2 class=\"wp-block-heading\">A toll haszn\u00e1lhat\u00f3s\u00e1g\u00e1nak tesztel\u00e9se<\/h2>\n\n<p>Annak meg\u00e1llap\u00edt\u00e1s\u00e1hoz, hogy a t\u00e1rgy val\u00f3ban haszn\u00e1lhat\u00f3 volt-e \u00edr\u00e1sra, Adam Parsons r\u00e9g\u00e9sz, a Blueaxe Reproductions munkat\u00e1rsa elk\u00e9sz\u00edtett egy m\u00e1solatot. A teszt meger\u0151s\u00edtette, hogy az eszk\u00f6z mer\u00edt\u0151s tollk\u00e9nt m\u0171k\u00f6dhetett volna.<\/p>\n\n<h2 class=\"wp-block-heading\">T\u00f6rt\u00e9nelmi kontextus: \u00cdrorsz\u00e1gban a szerzetesi m\u0171velts\u00e9g<\/h2>\n\n<p>A korai k\u00f6z\u00e9pkori \u00cdrorsz\u00e1gban az \u00edr\u00e1s a szerzetesi \u00e9let l\u00e9nyeges r\u00e9sze volt. A m\u00e1sol\u00e1s r\u00e9v\u00e9n k\u00e9pzett \u00edrnokok viaszlapokra v\u00e9stek szavakat egy f\u00e9mt\u0171 seg\u00edts\u00e9g\u00e9vel. V\u00e9g\u00fcl az \u00edrnokok a toll \u00e9s a pergamen fel\u00e9 fordultak, \u00e9s l\u00fadtollakat haszn\u00e1ltak a megl\u00e9v\u0151 \u00e1h\u00edtatos sz\u00f6vegek m\u00e1sol\u00e1s\u00e1hoz vagy saj\u00e1t sz\u00f6vegeik meg\u00edr\u00e1s\u00e1hoz.<\/p>\n\n<h2 class=\"wp-block-heading\">A Burren m\u00faltj\u00e1nak felt\u00e1r\u00e1sa<\/h2>\n\n<p>Caherconnell Cashel az \u00cdrorsz\u00e1g nyugati partj\u00e1n fekv\u0151 Burren nev\u0171 r\u00e9gi\u00f3 r\u00e9sze. A helysz\u00ednen v\u00e9gzett \u00e1sat\u00e1sok nemcsak a k\u00f6z\u00e9pkori telep\u00fcl\u00e9s maradv\u00e1nyait t\u00e1rt\u00e1k fel, hanem olyan t\u00e1rgyakat is, amelyek eg\u00e9szen a neolitikumig ny\u00falnak vissza. Ezek a felfedez\u00e9sek \u00e9rt\u00e9kes betekint\u00e9st ny\u00fajtanak az \u00e9let fejl\u0151d\u00e9s\u00e9be \u00cdrorsz\u00e1g egy olyan r\u00e9sz\u00e9n, amelyet nagyr\u00e9szt nem \u00e9rintettek olyan betolakod\u00f3 csoportok, mint a vikingek \u00e9s az anglonormannok.<\/p>\n\n<h2 class=\"wp-block-heading\">Folyamatban l\u00e9v\u0151 kutat\u00e1sok \u00e9s j\u00f6v\u0151beli felfedez\u00e9sek<\/h2>\n\n<p>Az Archaeology Ireland magazin a 2021. t\u00e9li sz\u00e1m\u00e1ban tette k\u00f6zz\u00e9 a toll felfedez\u00e9s\u00e9nek teljes besz\u00e1mol\u00f3j\u00e1t. A kutat\u00f3k tov\u00e1bbra is tanulm\u00e1nyozz\u00e1k a t\u00e1rgyat \u00e9s a Caherconnell Cashel lel\u0151helyet, abban a rem\u00e9nyben, hogy tov\u00e1bbi bizony\u00edt\u00e9kokat tal\u00e1lnak a 11. sz\u00e1zadi \u00cdrorsz\u00e1g meglep\u0151en fejlett m\u0171velts\u00e9g\u00e9re.<\/p>","protected":false},"excerpt":{"rendered":"<p>K\u00f6z\u00e9pkori toll felfedez\u00e9se \u00cdrorsz\u00e1gban meglep\u0151 m\u0171velts\u00e9gre utal A valaha tal\u00e1lt legr\u00e9gebbi \u00edr tintatart\u00f3 felfedez\u00e9se Nyugat-\u00cdrorsz\u00e1gban egy k\u00f6z\u00e9pkori k\u0151er\u0151d\u00f6t felt\u00e1r\u00f3 r\u00e9g\u00e9szek forradalmi felfedez\u00e9st tettek &#8211; megtal\u00e1lt\u00e1k az orsz\u00e1gban valaha tal\u00e1lt legr\u00e9gebbi&hellip;<\/p>\n","protected":false},"author":1,"featured_media":0,"comment_status":"closed","ping_status":"closed","sticky":false,"template":"","format":"standard","meta":{"footnotes":""},"categories":[767],"tags":[3051,873,1701,1026,88],"class_list":["post-1363","post","type-post","status-publish","format-standard","hentry","category-history","tag-irish-heritage","tag-writing","tag-literacy","tag-medieval-history","tag-archaeology"],"_links":{"self":[{"href":"https:\/\/www.lifescienceart.com\/hu\/wp-json\/wp\/v2\/posts\/1363","targetHints":{"allow":["GET"]}}],"collection":[{"href":"https:\/\/www.lifescienceart.com\/hu\/wp-json\/wp\/v2\/posts"}],"about":[{"href":"https:\/\/www.lifescienceart.com\/hu\/wp-json\/wp\/v2\/types\/post"}],"author":[{"embeddable":true,"href":"https:\/\/www.lifescienceart.com\/hu\/wp-json\/wp\/v2\/users\/1"}],"replies":[{"embeddable":true,"href":"https:\/\/www.lifescienceart.com\/hu\/wp-json\/wp\/v2\/comments?post=1363"}],"version-history":[{"count":1,"href":"https:\/\/www.lifescienceart.com\/hu\/wp-json\/wp\/v2\/posts\/1363\/revisions"}],"predecessor-version":[{"id":1364,"href":"https:\/\/www.lifescienceart.com\/hu\/wp-json\/wp\/v2\/posts\/1363\/revisions\/1364"}],"wp:attachment":[{"href":"https:\/\/www.lifescienceart.com\/hu\/wp-json\/wp\/v2\/media?parent=1363"}],"wp:term":[{"taxonomy":"category","embeddable":true,"href":"https:\/\/www.lifescienceart.com\/hu\/wp-json\/wp\/v2\/categories?post=1363"},{"taxonomy":"post_tag","embeddable":true,"href":"https:\/\/www.lifescienceart.com\/hu\/wp-json\/wp\/v2\/tags?post=1363"}],"curies":[{"name":"wp","href":"https:\/\/api.w.org\/{rel}","templated":true}]}}