{"id":13819,"date":"2023-06-29T14:27:14","date_gmt":"2023-06-29T14:27:14","guid":{"rendered":"https:\/\/www.lifescienceart.com\/?p=13819"},"modified":"2023-06-29T14:27:14","modified_gmt":"2023-06-29T14:27:14","slug":"human-evolution-and-the-art-of-boxing","status":"publish","type":"post","link":"https:\/\/www.lifescienceart.com\/hu\/science\/evolutionary-biology\/human-evolution-and-the-art-of-boxing\/","title":{"rendered":"Az emberi evol\u00faci\u00f3 \u00e9s a boksz m\u0171v\u00e9szete: az er\u0151szak szerepe"},"content":{"rendered":"<h2 class=\"wp-block-heading\">Az emberi evol\u00faci\u00f3 \u00e9s a boksz m\u0171v\u00e9szete<\/h2>\n\n<h2 class=\"wp-block-heading\">A fajon bel\u00fcli er\u0151szak szerepe<\/h2>\n\n<p>Az antropol\u00f3gusok \u00e9s evol\u00faci\u00f3biol\u00f3gusok r\u00e9g\u00f3ta pr\u00f3b\u00e1lj\u00e1k meg\u00e9rteni nemcsak azt, hogy az emberek hogyan \u00e9s mikor fejl\u0151dtek ki, hanem azt is, hogy mi\u00e9rt vagyunk olyanok, amilyenek. Az egyik \u00edg\u00e9retes elm\u00e9let szerint a fajon bel\u00fcli er\u0151szak\u2014az azonos fajhoz tartoz\u00f3 egyedek k\u00f6z\u00f6tti harc\u2014jelent\u0151s szerepet j\u00e1tszott az emberi evol\u00faci\u00f3 alak\u00edt\u00e1s\u00e1ban.<\/p>\n\n<h2 class=\"wp-block-heading\">Az emberi arc evol\u00faci\u00f3ja<\/h2>\n\n<p>A Utah Egyetem biol\u00f3gusa, David Carrier \u00fagy v\u00e9li, hogy a korai emberi \u0151s\u00f6k arca \u00fagy fejl\u0151d\u00f6tt ki, hogy jobban ellen\u00e1lljon az arcra m\u00e9rt \u00fct\u00e9seknek. Azt sugallja, hogy a f\u00e9rfiak, akik nagyobb val\u00f3sz\u00edn\u0171s\u00e9ggel vesznek r\u00e9szt fizikai \u00f6sszet\u0171z\u00e9sekben, er\u0151sebb \u00e1llkapocs izmokat \u00e9s nagyobb csontokat fejlesztettek ki, hogy megv\u00e9dj\u00e9k magukat a s\u00e9r\u00fcl\u00e9sekt\u0151l.<\/p>\n\n<h2 class=\"wp-block-heading\">A koponyacsontokb\u00f3l sz\u00e1rmaz\u00f3 bizony\u00edt\u00e9kok<\/h2>\n\n<p>Carrier elm\u00e9let\u00e9t az emberi \u0151s\u00f6k koponyacsontjaib\u00f3l sz\u00e1rmaz\u00f3 bizony\u00edt\u00e9kok t\u00e1masztj\u00e1k al\u00e1. A harc sor\u00e1n legval\u00f3sz\u00edn\u0171bben elt\u00f6r\u0151 csontok, p\u00e9ld\u00e1ul az \u00e1llkapocs, az arccsont, a szemg\u00f6d\u00f6r \u00e9s az orr, az ausztr\u00e1l antropoid\u00e1kn\u00e1l, a korai \u0151seinkn\u00e9l az evol\u00faci\u00f3s er\u0151s\u00f6d\u00e9s jeleit mutatj\u00e1k.<\/p>\n\n<h2 class=\"wp-block-heading\">K\u00fcl\u00f6nbs\u00e9gek f\u00e9rfiak \u00e9s n\u0151k k\u00f6z\u00f6tt<\/h2>\n\n<p>\u00c9rdekes m\u00f3don ezek a koponyacsontok jelent\u0151s k\u00fcl\u00f6nbs\u00e9geket mutatnak f\u00e9rfiak \u00e9s n\u0151k, valamint h\u00edm \u00e9s n\u0151st\u00e9ny \u0151seik k\u00f6z\u00f6tt is. Ez a minta arra utal, hogy ezek a csontok v\u00e9d\u0151p\u00e1nc\u00e9lk\u00e9nt fejl\u0151dtek ki, megv\u00e9dve a h\u00edmeket a harccal j\u00e1r\u00f3 fokozott s\u00e9r\u00fcl\u00e9svesz\u00e9lyt\u0151l.<\/p>\n\n<h2 class=\"wp-block-heading\">A kapcsolat a k\u00e9zfejl\u0151d\u00e9ssel<\/h2>\n\n<p>Carrier elm\u00e9lete az arcvon\u00e1sok evol\u00faci\u00f3j\u00e1r\u00f3l szorosan kapcsol\u00f3dik a k\u00e9zfejl\u0151d\u00e9sr\u0151l sz\u00f3l\u00f3 kor\u00e1bbi kutat\u00e1saihoz. \u0150 \u00e9s koll\u00e9g\u00e1ja, Michael Morgan azt javasolt\u00e1k, hogy az emberi k\u00e9z id\u0151beli v\u00e1ltoz\u00e1sai lehet\u0151v\u00e9 tett\u00e9k egy er\u0151s \u00fct\u00e9s kifejleszt\u00e9s\u00e9t. Ez a hipot\u00e9zis, b\u00e1r ellentmond\u00e1sos, lehets\u00e9ges magyar\u00e1zatot ad azoknak az arccsontnak az evol\u00faci\u00f3j\u00e1ra, amelyek ellen\u00e1llnak az \u00fct\u00e9seknek.<\/p>\n\n<h2 class=\"wp-block-heading\">Evol\u00faci\u00f3s fegyverkez\u00e9si verseny<\/h2>\n\n<p>Carrier \u00e9s Morgan azzal \u00e9rvelnek, hogy az emberi \u0151s\u00f6kn\u00e9l a pusztakezes \u00f6k\u00f6lv\u00edv\u00e1s hajlama evol\u00faci\u00f3s fegyverkez\u00e9si versenyt v\u00e1ltott ki a kez\u00fck \u00e9s az arcuk k\u00f6z\u00f6tt. Ahogy a kezek \u00fcgyesebb\u00e9 v\u00e1ltak az \u00fct\u00e9sek lead\u00e1s\u00e1ban, az arcok is \u00fagy fejl\u0151dtek, hogy jobban megv\u00e9dj\u00e9k magukat a s\u00e9r\u00fcl\u00e9sekt\u0151l.<\/p>\n\n<h2 class=\"wp-block-heading\">Kritik\u00e1k \u00e9s vit\u00e1k<\/h2>\n\n<p>Carrier kutat\u00e1sa a k\u00e9z \u00e9s az arc evol\u00faci\u00f3j\u00e1r\u00f3l egyar\u00e1nt kritik\u00e1val tal\u00e1lkozott a tudom\u00e1nyos k\u00f6z\u00f6ss\u00e9gen bel\u00fcl. N\u00e9h\u00e1ny tud\u00f3s megk\u00e9rd\u0151jelezi azt a felt\u00e9telez\u00e9st, hogy az \u00f6k\u00f6lharcok az emberi evol\u00faci\u00f3 f\u0151 mozgat\u00f3rug\u00f3i voltak. Azonban a Carrier elm\u00e9let\u00e9t al\u00e1t\u00e1maszt\u00f3 bizony\u00edt\u00e9kok tov\u00e1bbra is gyarapodnak, \u00e9s ez tov\u00e1bbra is meggy\u0151z\u0151 hipot\u00e9zis fajunk egyedi jellemz\u0151inek meg\u00e9rt\u00e9s\u00e9hez.<\/p>\n\n<h2 class=\"wp-block-heading\">A fajon bel\u00fcli er\u0151szak fontoss\u00e1ga<\/h2>\n\n<p>Az az elm\u00e9let, hogy a fajon bel\u00fcli er\u0151szak szerepet j\u00e1tszott az emberi evol\u00faci\u00f3ban, kiemeli evol\u00faci\u00f3s t\u00f6rt\u00e9net\u00fcnk \u00f6sszetett \u00e9s sokoldal\u00fa jelleg\u00e9t. Azt sugallja, hogy nemcsak a k\u00f6rnyezeti nyom\u00e1sok, hanem a t\u00e1rsadalmi interakci\u00f3k is alak\u00edtott\u00e1k fizikai \u00e9s viselked\u00e9si tulajdons\u00e1gainkat.<\/p>\n\n<h2 class=\"wp-block-heading\">V\u00e9delmi strukt\u00far\u00e1k evol\u00faci\u00f3ja<\/h2>\n\n<p>Azoknak az arccsontnak az evol\u00faci\u00f3ja, amelyek ellen\u00e1llnak az \u00fct\u00e9seknek, leny\u0171g\u00f6z\u0151 p\u00e9ld\u00e1ja annak, hogy a term\u00e9szetes szelekci\u00f3 hogyan r\u00e9szes\u00edtheti el\u0151nyben azokat a tulajdons\u00e1gokat, amelyek fokozz\u00e1k a t\u00fal\u00e9l\u00e9st \u00e9s a szaporod\u00e1si sikert. Ezek a v\u00e9delmi strukt\u00far\u00e1k lehet\u0151v\u00e9 tett\u00e9k az emberek sz\u00e1m\u00e1ra, hogy fizikai \u00f6sszet\u0171z\u00e9sekben vegyenek r\u00e9szt kisebb s\u00falyos s\u00e9r\u00fcl\u00e9svesz\u00e9llyel.<\/p>\n\n<h2 class=\"wp-block-heading\">Implik\u00e1ci\u00f3k az emberi viselked\u00e9sre<\/h2>\n\n<p>Carrier kutat\u00e1s\u00e1nak k\u00f6vetkezm\u00e9nyei vannak az emberi viselked\u00e9s, k\u00fcl\u00f6n\u00f6sen az agresszi\u00f3 \u00e9s az er\u0151szak meg\u00e9rt\u00e9s\u00e9re. Azt sugallja, hogy a harcokhoz val\u00f3 hajlam m\u00e9ly evol\u00faci\u00f3s gy\u00f6kerekkel rendelkezhet, \u00e9s hogy az a mai napig befoly\u00e1solja t\u00e1rsadalmi kapcsolatainkat.<\/p>\n\n<h2 class=\"wp-block-heading\">K\u00f6vetkeztet\u00e9s<\/h2>\n\n<p>Az emberi evol\u00faci\u00f3 tanulm\u00e1nyoz\u00e1sa folyamatos folyamat, \u00e9s folyamatosan \u00faj felfedez\u00e9sek sz\u00fcletnek. Carrier kutat\u00e1sa a fajon bel\u00fcli er\u0151szak szerep\u00e9r\u0151l az arccsont evol\u00faci\u00f3j\u00e1ban \u00e9rt\u00e9kes hozz\u00e1j\u00e1rul\u00e1st jelent ahhoz, hogy meg\u00e9rts\u00fck, hogyan j\u00f6tt l\u00e9tre a fajunk.<\/p>","protected":false},"excerpt":{"rendered":"<p>Az emberi evol\u00faci\u00f3 \u00e9s a boksz m\u0171v\u00e9szete A fajon bel\u00fcli er\u0151szak szerepe Az antropol\u00f3gusok \u00e9s evol\u00faci\u00f3biol\u00f3gusok r\u00e9g\u00f3ta pr\u00f3b\u00e1lj\u00e1k meg\u00e9rteni nemcsak azt, hogy az emberek hogyan \u00e9s mikor fejl\u0151dtek ki, hanem&hellip;<\/p>\n","protected":false},"author":6,"featured_media":0,"comment_status":"closed","ping_status":"closed","sticky":false,"template":"","format":"standard","meta":{"footnotes":""},"categories":[2547],"tags":[18593,487,18591,18592,18590,2546],"class_list":["post-13819","post","type-post","status-publish","format-standard","hentry","category-evolutionary-biology","tag-boxing","tag-human-evolution","tag-facial-bones","tag-physical-adaptations","tag-intraspecies-violence","tag-natural-selection"],"_links":{"self":[{"href":"https:\/\/www.lifescienceart.com\/hu\/wp-json\/wp\/v2\/posts\/13819","targetHints":{"allow":["GET"]}}],"collection":[{"href":"https:\/\/www.lifescienceart.com\/hu\/wp-json\/wp\/v2\/posts"}],"about":[{"href":"https:\/\/www.lifescienceart.com\/hu\/wp-json\/wp\/v2\/types\/post"}],"author":[{"embeddable":true,"href":"https:\/\/www.lifescienceart.com\/hu\/wp-json\/wp\/v2\/users\/6"}],"replies":[{"embeddable":true,"href":"https:\/\/www.lifescienceart.com\/hu\/wp-json\/wp\/v2\/comments?post=13819"}],"version-history":[{"count":1,"href":"https:\/\/www.lifescienceart.com\/hu\/wp-json\/wp\/v2\/posts\/13819\/revisions"}],"predecessor-version":[{"id":13820,"href":"https:\/\/www.lifescienceart.com\/hu\/wp-json\/wp\/v2\/posts\/13819\/revisions\/13820"}],"wp:attachment":[{"href":"https:\/\/www.lifescienceart.com\/hu\/wp-json\/wp\/v2\/media?parent=13819"}],"wp:term":[{"taxonomy":"category","embeddable":true,"href":"https:\/\/www.lifescienceart.com\/hu\/wp-json\/wp\/v2\/categories?post=13819"},{"taxonomy":"post_tag","embeddable":true,"href":"https:\/\/www.lifescienceart.com\/hu\/wp-json\/wp\/v2\/tags?post=13819"}],"curies":[{"name":"wp","href":"https:\/\/api.w.org\/{rel}","templated":true}]}}