{"id":14290,"date":"2021-11-21T11:44:04","date_gmt":"2021-11-21T11:44:04","guid":{"rendered":"https:\/\/www.lifescienceart.com\/?p=14290"},"modified":"2021-11-21T11:44:04","modified_gmt":"2021-11-21T11:44:04","slug":"test-your-face-recognition-skills","status":"publish","type":"post","link":"https:\/\/www.lifescienceart.com\/hu\/science\/cognitive-science\/test-your-face-recognition-skills\/","title":{"rendered":"Teszdeld az arcfelismer\u0151 k\u00e9pess\u00e9geidet"},"content":{"rendered":"<h2 class=\"wp-block-heading\">Teszteld az arcfelismer\u0151 k\u00e9pess\u00e9geidet<\/h2>\n\n<h2 class=\"wp-block-heading\">Mi az arcfelismer\u00e9s?<\/h2>\n\n<p>Az arcfelismer\u00e9s az arcok azonos\u00edt\u00e1s\u00e1nak \u00e9s megjegyz\u00e9s\u00e9nek k\u00e9pess\u00e9ge. Ez egy \u00f6sszetett kognit\u00edv folyamat, amely az agy t\u00f6bb ter\u00fclet\u00e9t is ig\u00e9nybe veszi. Egyesek term\u00e9szetesen jobbak az arcfelismer\u00e9sben, mint m\u00e1sok.<\/p>\n\n<h2 class=\"wp-block-heading\">Mennyire j\u00f3l eml\u00e9kszel arcokra?<\/h2>\n\n<p>V\u00e9gezd el ezt a 10 perces tesztet, hogy l\u00e1sd, mennyire j\u00f3l eml\u00e9kszel arcokra. 56 arcot \u00e9s nevet mutatunk, majd megk\u00e9r\u00fcnk, hogy eml\u00e9kezz vissza min\u00e9l t\u00f6bbet.<\/p>\n\n<h2 class=\"wp-block-heading\">Kattints ide a teszt elv\u00e9gz\u00e9s\u00e9hez.<\/h2>\n\n<h2 class=\"wp-block-heading\">Mi\u00e9rt fontos az arcfelismer\u00e9s?<\/h2>\n\n<p>Az arcfelismer\u00e9s t\u00f6bb okb\u00f3l is fontos. Seg\u00edt nek\u00fcnk:<\/p>\n\n<ul class=\"wp-block-list\">\n<li>Felismerni bar\u00e1tokat \u00e9s csal\u00e1dtagokat<\/li>\n<li>Azonos\u00edtani idegeneket<\/li>\n<li>Elker\u00fclni a vesz\u00e9lyes embereket<\/li>\n<li>Kommunik\u00e1lni m\u00e1sokkal<\/li>\n<li>Meg\u00e9rteni a t\u00e1rsadalmi jelz\u00e9seket<\/li>\n<\/ul>\n\n<h2 class=\"wp-block-heading\">Mi a prozopagn\u00f3zia?<\/h2>\n\n<p>A prozopagn\u00f3zia egy olyan \u00e1llapot, amely megnehez\u00edti vagy lehetetlenn\u00e9 teszi az arcok felismer\u00e9s\u00e9t. A prozopagn\u00f3zi\u00e1ban szenved\u0151k m\u00e9g a legk\u00f6zelebbi bar\u00e1taikat \u00e9s csal\u00e1dtagjaikat sem ismerik fel.<\/p>\n\n<h2 class=\"wp-block-heading\">Mi okozza a prozopagn\u00f3zi\u00e1t?<\/h2>\n\n<p>A prozopagn\u00f3zia pontos oka ismeretlen, de \u00fagy gondolj\u00e1k, hogy a fusiform arcfelismer\u0151 ter\u00fclet (FFA) k\u00e1rosod\u00e1sa okozza, amely az agy egy olyan ter\u00fclete, amely az arcfelismer\u00e9s\u00e9rt felel\u0151s.<\/p>\n\n<h2 class=\"wp-block-heading\">Hogyan kezelik a prozopagn\u00f3zi\u00e1t?<\/h2>\n\n<p>A prozopagn\u00f3zi\u00e1ra nincs gy\u00f3gym\u00f3d, de vannak olyan kezel\u00e9sek, amelyek seg\u00edthetnek az \u00e1llapotban szenved\u0151knek jav\u00edtani az arcfelismer\u0151 k\u00e9pess\u00e9geiket. Ezek a kezel\u00e9sek a k\u00f6vetkez\u0151k:<\/p>\n\n<ul class=\"wp-block-list\">\n<li>Arcfelismer\u0151 gyakorlatok<\/li>\n<li>Sz\u00e1m\u00edt\u00f3g\u00e9pes programok<\/li>\n<li>Szoci\u00e1lis k\u00e9szs\u00e9gek fejleszt\u00e9se<\/li>\n<\/ul>\n\n<h2 class=\"wp-block-heading\">Hogyan jav\u00edthatom az arcfelismer\u0151 k\u00e9pess\u00e9geimet?<\/h2>\n\n<p>Ha szeretn\u00e9d jav\u00edtani az arcfelismer\u0151 k\u00e9pess\u00e9geidet, tehetsz n\u00e9h\u00e1ny dolgot:<\/p>\n\n<ul class=\"wp-block-list\">\n<li>Figyelj az arcokra. Amikor \u00faj emberrel tal\u00e1lkozol, sz\u00e1nj egy kis id\u0151t arra, hogy alaposan megn\u00e9zd az arc\u00e1t. Figyeld meg a von\u00e1sait, a kifejez\u00e9seit \u00e9s az \u00e1ltal\u00e1nos megjelen\u00e9s\u00e9t.<\/li>\n<li>Gyakorold az arcok megjegyz\u00e9s\u00e9t. Pr\u00f3b\u00e1ld meg visszaid\u00e9zni a nemr\u00e9giben tal\u00e1lkozott emberek arc\u00e1t. Ha nem tudsz visszaeml\u00e9kezni valakinek az arc\u00e1ra, k\u00e9rdezd meg \u00fajra a nev\u00e9t.<\/li>\n<li>Haszn\u00e1lj mem\u00f3riatechnik\u00e1kat. Sz\u00e1mos mem\u00f3riatechnika l\u00e9tezik, amelyek seg\u00edthetnek az arcok megjegyz\u00e9s\u00e9ben. P\u00e9ld\u00e1ul megpr\u00f3b\u00e1lhatod \u00f6sszekapcsolni egy szem\u00e9ly arc\u00e1t egy ismert t\u00e1rggyal vagy egy adott eml\u00e9kkel.<\/li>\n<\/ul>\n\n<h2 class=\"wp-block-heading\">Tov\u00e1bbi forr\u00e1sok<\/h2>\n\n<ul class=\"wp-block-list\">\n<li><a href=\"https:\/\/www.smithsonianmag.com\/science-nature\/reading-faces-1362748\/\" rel=\"nofollow noopener\" target=\"_blank\">Arcokon olvasni<\/a><\/li>\n<li>[Ezek a csod\u00e1latos mem\u00f3ri\u00e1val rendelkez\u0151 emberek seg\u00edthetnek a b\u0171n\u00f6z\u00e9s elleni harcban](<a href=\"https:\/\/www.smithsonianmag.com\/science-nature\/these-people-with-amazing-memories-could-help-fight-crime\" rel=\"nofollow noopener\" target=\"_blank\">https:\/\/www.smithsonianmag.com\/science-nature\/these-people-with-amazing-memories-could-help-fight-crime<\/a> -180959021\/)<\/li>\n<li><a href=\"https:\/\/www.smithsonianmag.com\/smart-news\/experts-cars-really-do-have-faces-180953374\/\" rel=\"nofollow noopener\" target=\"_blank\">A szak\u00e9rt\u0151k szerint az aut\u00f3knak t\u00e9nyleg van arcuk<\/a><\/li>\n<\/ul>","protected":false},"excerpt":{"rendered":"<p>Teszteld az arcfelismer\u0151 k\u00e9pess\u00e9geidet Mi az arcfelismer\u00e9s? Az arcfelismer\u00e9s az arcok azonos\u00edt\u00e1s\u00e1nak \u00e9s megjegyz\u00e9s\u00e9nek k\u00e9pess\u00e9ge. Ez egy \u00f6sszetett kognit\u00edv folyamat, amely az agy t\u00f6bb ter\u00fclet\u00e9t is ig\u00e9nybe veszi. Egyesek term\u00e9szetesen&hellip;<\/p>\n","protected":false},"author":6,"featured_media":0,"comment_status":"closed","ping_status":"","sticky":false,"template":"","format":"standard","meta":{"footnotes":""},"categories":[1222],"tags":[7136,99,539,2508],"class_list":["post-14290","post","type-post","status-publish","format-standard","hentry","category-cognitive-science","tag-face-recognition","tag-lifescienceart","tag-memory","tag-cognitive-science"],"_links":{"self":[{"href":"https:\/\/www.lifescienceart.com\/hu\/wp-json\/wp\/v2\/posts\/14290","targetHints":{"allow":["GET"]}}],"collection":[{"href":"https:\/\/www.lifescienceart.com\/hu\/wp-json\/wp\/v2\/posts"}],"about":[{"href":"https:\/\/www.lifescienceart.com\/hu\/wp-json\/wp\/v2\/types\/post"}],"author":[{"embeddable":true,"href":"https:\/\/www.lifescienceart.com\/hu\/wp-json\/wp\/v2\/users\/6"}],"replies":[{"embeddable":true,"href":"https:\/\/www.lifescienceart.com\/hu\/wp-json\/wp\/v2\/comments?post=14290"}],"version-history":[{"count":1,"href":"https:\/\/www.lifescienceart.com\/hu\/wp-json\/wp\/v2\/posts\/14290\/revisions"}],"predecessor-version":[{"id":14291,"href":"https:\/\/www.lifescienceart.com\/hu\/wp-json\/wp\/v2\/posts\/14290\/revisions\/14291"}],"wp:attachment":[{"href":"https:\/\/www.lifescienceart.com\/hu\/wp-json\/wp\/v2\/media?parent=14290"}],"wp:term":[{"taxonomy":"category","embeddable":true,"href":"https:\/\/www.lifescienceart.com\/hu\/wp-json\/wp\/v2\/categories?post=14290"},{"taxonomy":"post_tag","embeddable":true,"href":"https:\/\/www.lifescienceart.com\/hu\/wp-json\/wp\/v2\/tags?post=14290"}],"curies":[{"name":"wp","href":"https:\/\/api.w.org\/{rel}","templated":true}]}}