{"id":14478,"date":"2022-06-30T21:33:53","date_gmt":"2022-06-30T21:33:53","guid":{"rendered":"https:\/\/www.lifescienceart.com\/?p=14478"},"modified":"2022-06-30T21:33:53","modified_gmt":"2022-06-30T21:33:53","slug":"dinosaur-extinction-theories-vitamin-d-uv-radiation","status":"publish","type":"post","link":"https:\/\/www.lifescienceart.com\/hu\/science\/paleontology\/dinosaur-extinction-theories-vitamin-d-uv-radiation\/","title":{"rendered":"A dinoszauruszok kihal\u00e1s\u00e1nak rejt\u00e9lye: D-vitamin-hi\u00e1ny \u00e9s ultraibolya sug\u00e1rz\u00e1s"},"content":{"rendered":"<h2 class=\"wp-block-heading\">A dinoszauruszok kihal\u00e1s\u00e1nak elm\u00e9letei: Az UV-sug\u00e1rz\u00e1s \u00e9s a D-vitamin-hi\u00e1ny szerepe<\/h2>\n\n<h2 class=\"wp-block-heading\">K\u00f6rnyezeti v\u00e1ltoz\u00e1sok \u00e9s t\u00f6meges kihal\u00e1s<\/h2>\n\n<p>A dinoszauruszok kihal\u00e1sa, egy 65 milli\u00f3 \u00e9vvel ezel\u0151tt bek\u00f6vetkezett kataklizmikus esem\u00e9ny, \u00e9vsz\u00e1zadok \u00f3ta leny\u0171g\u00f6zi a tud\u00f3sokat. A sz\u00e1mos felvetett elm\u00e9let k\u00f6z\u00fcl az egyik, amely felkeltette a figyelmet, az az elk\u00e9pzel\u00e9s, miszerint egy hirtelen k\u00f6rnyezeti v\u00e1ltoz\u00e1s jelent\u0151s szerepet j\u00e1tszott.<\/p>\n\n<h2 class=\"wp-block-heading\">Harry Marshall k\u00f6szv\u00e9nyes elm\u00e9lete<\/h2>\n\n<p>1928-ban Harry T. Marshall patol\u00f3gus el\u0151\u00e1llt egy izgalmas hipot\u00e9zissel, miszerint a dinoszauruszok k\u00f6szv\u00e9nyben halhattak meg, egy olyan \u00e1llapotban, amelyet a D-vitamin-hi\u00e1ny okoz. Marshall elm\u00e9lete szerint porfelh\u0151k takart\u00e1k el a napot, elv\u00e1gva a dinoszauruszok ultraibolya (UV) f\u00e9nyforr\u00e1s\u00e1t, amely a D-vitamin termel\u00e9s\u00e9hez sz\u00fcks\u00e9ges.<\/p>\n\n<h2 class=\"wp-block-heading\">A D-vitamin-hi\u00e1ny bizony\u00edt\u00e9kai<\/h2>\n\n<p>Marshall hipot\u00e9zise \u00e9vtizedekkel k\u00e9s\u0151bb nyert nagyobb hiteless\u00e9get, amikor a Stanford Egyetem Charles Cockellje \u00fajra\u00e9rt\u00e9kelte az \u00f6tletet a Paleobiology foly\u00f3iratban. Cockell r\u00e1mutatott, hogy a p\u00e1fr\u00e1nyok \u00e9s m\u00e1s n\u00f6v\u00e9nyek, amelyek a dinoszauruszok \u00e9trendj\u00e9nek jelent\u0151s r\u00e9sz\u00e9t k\u00e9pezt\u00e9k, nem rendelkeznek UV-elnyel\u0151 vegy\u00fcletekkel. Ez arra utal, hogy a dinoszauruszoknak neh\u00e9zs\u00e9get okozhatott elegend\u0151 D-vitamin megszerz\u00e9se t\u00e1pl\u00e1l\u00e9kforr\u00e1saikb\u00f3l.<\/p>\n\n<h2 class=\"wp-block-heading\">A toj\u00e1sfogyaszt\u00e1si hipot\u00e9zis c\u00e1folata<\/h2>\n\n<p>A kihal\u00e1s egyik n\u00e9pszer\u0171, de hib\u00e1s elm\u00e9lete szerint kis eml\u0151s\u00f6k felfalt\u00e1k a dinoszaurusztoj\u00e1sokat, ami a pusztul\u00e1sukhoz vezetett. Ez az elm\u00e9let azonban nem veszi figyelembe a hatalmas mennyis\u00e9g\u0171 toj\u00e1st, amely az eml\u0151spopul\u00e1ci\u00f3 fenntart\u00e1s\u00e1hoz sz\u00fcks\u00e9ges lett volna. Ezenk\u00edv\u00fcl a paleontol\u00f3gusok nem tal\u00e1ltak bizony\u00edt\u00e9kot a sz\u00e9les k\u00f6r\u0171 toj\u00e1sragadoz\u00e1sra.<\/p>\n\n<h2 class=\"wp-block-heading\">Az UV-sug\u00e1rz\u00e1s hat\u00e1sa<\/h2>\n\n<p>Cockell tov\u00e1bbvitte Marshall hipot\u00e9zis\u00e9t, azzal az elk\u00e9pzel\u00e9ssel, hogy az \u00f3zonr\u00e9teg id\u0151szakos kimer\u00fcl\u00e9se \u00e1ltal okozott t\u00falzott UV-sug\u00e1rz\u00e1s felel\u0151s lehetett a t\u00f6meges kihal\u00e1sok\u00e9rt. Az UV-sug\u00e1rz\u00e1s k\u00e1ros\u00edthatja a DNS-t \u00e9s elnyomhatja az immunrendszert, \u00edgy a szervezetek fog\u00e9konyabb\u00e1 v\u00e1lnak a betegs\u00e9gekre \u00e9s a k\u00f6rnyezeti stresszre.<\/p>\n\n<h2 class=\"wp-block-heading\">Az \u00f3zonr\u00e9teg kimer\u00fcl\u00e9s\u00e9nek bizony\u00edt\u00e9kai<\/h2>\n\n<p>B\u00e1r az \u00f3zonr\u00e9teg kimer\u00fcl\u00e9s\u00e9nek hipot\u00e9zise tov\u00e1bbra is spekulat\u00edv, vannak olyan bizony\u00edt\u00e9kok, amelyek arra utalnak, hogy szerepet j\u00e1tszhatott. Tanulm\u00e1nyok kimutatt\u00e1k, hogy a kr\u00e9ta id\u0151szakban az \u00f3zonr\u00e9teg v\u00e9konyabb volt, mint napjainkban, ami lehet\u0151v\u00e9 tette, hogy t\u00f6bb UV-sug\u00e1rz\u00e1s \u00e9rje el a F\u00f6ld felsz\u00edn\u00e9t.<\/p>\n\n<h2 class=\"wp-block-heading\">Folyamatban l\u00e9v\u0151 kutat\u00e1sok \u00e9s k\u00f6vetkezm\u00e9nyek<\/h2>\n\n<p>A dinoszauruszok kihal\u00e1s\u00e1t k\u00f6r\u00fclvev\u0151 elm\u00e9leteket a tud\u00f3sok folyamatosan finom\u00edtj\u00e1k \u00e9s vitatj\u00e1k. Marshall eredeti hipot\u00e9zise \u00e9s Cockell UV-sug\u00e1rz\u00e1ssal kapcsolatos k\u00e9s\u0151bbi kutat\u00e1sai \u00e9rt\u00e9kes betekint\u00e9st ny\u00fajtottak a lehets\u00e9ges k\u00f6rnyezeti t\u00e9nyez\u0151kbe, amelyek hozz\u00e1j\u00e1rulhattak ehhez a katasztrof\u00e1lis esem\u00e9nyhez.<\/p>\n\n<h2 class=\"wp-block-heading\">A D-vitamin jelent\u0151s\u00e9ge<\/h2>\n\n<p>A D-vitamin-hi\u00e1nyt sz\u00e1mos eg\u00e9szs\u00e9g\u00fcgyi probl\u00e9m\u00e1val hozt\u00e1k \u00f6sszef\u00fcgg\u00e9sbe a modern \u00e1llatokn\u00e1l, bele\u00e9rtve a csontdeformit\u00e1sokat, az izomgyenges\u00e9get \u00e9s az immunrendszer diszfunkci\u00f3j\u00e1t. Lehets\u00e9ges, hogy hasonl\u00f3 eg\u00e9szs\u00e9g\u00fcgyi probl\u00e9m\u00e1k \u00e9rinthett\u00e9k a dinoszauruszokat is a korl\u00e1tozott UV-sug\u00e1rz\u00e1snak kitett id\u0151szakokban.<\/p>\n\n<h2 class=\"wp-block-heading\">K\u00f6rnyezeti v\u00e1ltoz\u00e1sok \u00e9s j\u00f6v\u0151beli kihal\u00e1sok<\/h2>\n\n<p>A dinoszauruszok kihal\u00e1s\u00e1nak elm\u00e9leteinek tanulm\u00e1nyoz\u00e1sa fontos a k\u00f6rnyezeti v\u00e1ltoz\u00e1soknak a modern fajokra gyakorolt lehets\u00e9ges hat\u00e1sainak meg\u00e9rt\u00e9s\u00e9hez. Ahogy az emberi tev\u00e9kenys\u00e9gek tov\u00e1bbra is megv\u00e1ltoztatj\u00e1k a bolyg\u00f3 \u00f6kosziszt\u00e9m\u00e1it, elengedhetetlen figyelembe venni, hogy ezek a v\u00e1ltoz\u00e1sok hogyan befoly\u00e1solhatj\u00e1k mind a n\u00f6v\u00e9nyek, mind az \u00e1llatok eg\u00e9szs\u00e9g\u00e9t \u00e9s fennmarad\u00e1s\u00e1t.<\/p>","protected":false},"excerpt":{"rendered":"<p>A dinoszauruszok kihal\u00e1s\u00e1nak elm\u00e9letei: Az UV-sug\u00e1rz\u00e1s \u00e9s a D-vitamin-hi\u00e1ny szerepe K\u00f6rnyezeti v\u00e1ltoz\u00e1sok \u00e9s t\u00f6meges kihal\u00e1s A dinoszauruszok kihal\u00e1sa, egy 65 milli\u00f3 \u00e9vvel ezel\u0151tt bek\u00f6vetkezett kataklizmikus esem\u00e9ny, \u00e9vsz\u00e1zadok \u00f3ta leny\u0171g\u00f6zi a&hellip;<\/p>\n","protected":false},"author":1,"featured_media":0,"comment_status":"closed","ping_status":"","sticky":false,"template":"","format":"standard","meta":{"footnotes":""},"categories":[138],"tags":[19435,134,400,137,19436],"class_list":["post-14478","post","type-post","status-publish","format-standard","hentry","category-paleontology","tag-vitamin-d","tag-dinosaurs","tag-extinction","tag-paleontology","tag-uv-radiation"],"_links":{"self":[{"href":"https:\/\/www.lifescienceart.com\/hu\/wp-json\/wp\/v2\/posts\/14478","targetHints":{"allow":["GET"]}}],"collection":[{"href":"https:\/\/www.lifescienceart.com\/hu\/wp-json\/wp\/v2\/posts"}],"about":[{"href":"https:\/\/www.lifescienceart.com\/hu\/wp-json\/wp\/v2\/types\/post"}],"author":[{"embeddable":true,"href":"https:\/\/www.lifescienceart.com\/hu\/wp-json\/wp\/v2\/users\/1"}],"replies":[{"embeddable":true,"href":"https:\/\/www.lifescienceart.com\/hu\/wp-json\/wp\/v2\/comments?post=14478"}],"version-history":[{"count":1,"href":"https:\/\/www.lifescienceart.com\/hu\/wp-json\/wp\/v2\/posts\/14478\/revisions"}],"predecessor-version":[{"id":14479,"href":"https:\/\/www.lifescienceart.com\/hu\/wp-json\/wp\/v2\/posts\/14478\/revisions\/14479"}],"wp:attachment":[{"href":"https:\/\/www.lifescienceart.com\/hu\/wp-json\/wp\/v2\/media?parent=14478"}],"wp:term":[{"taxonomy":"category","embeddable":true,"href":"https:\/\/www.lifescienceart.com\/hu\/wp-json\/wp\/v2\/categories?post=14478"},{"taxonomy":"post_tag","embeddable":true,"href":"https:\/\/www.lifescienceart.com\/hu\/wp-json\/wp\/v2\/tags?post=14478"}],"curies":[{"name":"wp","href":"https:\/\/api.w.org\/{rel}","templated":true}]}}