{"id":14569,"date":"2024-03-15T00:20:27","date_gmt":"2024-03-15T00:20:27","guid":{"rendered":"https:\/\/www.lifescienceart.com\/?p=14569"},"modified":"2024-03-15T00:20:27","modified_gmt":"2024-03-15T00:20:27","slug":"americas-most-bicycle-friendly-cities-a-comprehensive-guide","status":"publish","type":"post","link":"https:\/\/www.lifescienceart.com\/hu\/life\/cycling\/americas-most-bicycle-friendly-cities-a-comprehensive-guide\/","title":{"rendered":"Amerika legker\u00e9kp\u00e1rosbar\u00e1tabb v\u00e1rosai: \u00c1tfog\u00f3 \u00fatmutat\u00f3"},"content":{"rendered":"<h2 class=\"wp-block-heading\">Amerika legker\u00e9kp\u00e1ros-bar\u00e1tabb v\u00e1rosai: \u00c1tfog\u00f3 \u00fatmutat\u00f3<\/h2>\n\n<h2 class=\"wp-block-heading\">Bevezet\u00e9s<\/h2>\n\n<p>Az Egyes\u00fclt \u00c1llamokban egyre n\u00e9pszer\u0171bb a ker\u00e9kp\u00e1roz\u00e1s, egyre t\u00f6bben ing\u00e1znak munkahely\u00fckre \u00e9s int\u00e9zik el \u00fcgyeiket k\u00e9t ker\u00e9ken. Erre a n\u00f6vekv\u0151 ig\u00e9nyre reag\u00e1lva az orsz\u00e1g sz\u00e1mos v\u00e1rosa fektet ker\u00e9kp\u00e1rosbar\u00e1t infrastrukt\u00far\u00e1ba, mint p\u00e9ld\u00e1ul ker\u00e9kp\u00e1rutak, ker\u00e9kp\u00e1rmegoszt\u00f3 programok \u00e9s jobb jelz\u00e9sek.<\/p>\n\n<h2 class=\"wp-block-heading\">PeopleForBikes v\u00e1rosi rangsorol\u00e1s<\/h2>\n\n<p>Az Egyes\u00fclt \u00c1llamok ker\u00e9kp\u00e1rosbar\u00e1t v\u00e1rosainak egyik leg\u00e1tfog\u00f3bb rangsorol\u00e1sa a PeopleForBikes v\u00e1rosi rangsorol\u00e1si programja. Ez a program \u00f6tcsillagos sk\u00e1l\u00e1n \u00e9rt\u00e9keli a v\u00e1rosokat, k\u00fcl\u00f6nf\u00e9le t\u00e9nyez\u0151k alapj\u00e1n, t\u00f6bbek k\u00f6z\u00f6tt:<\/p>\n\n<ul class=\"wp-block-list\">\n<li><strong>Infrastrukt\u00fara:<\/strong> Ker\u00e9kp\u00e1rutak, ker\u00e9kp\u00e1rmegoszt\u00f3 programok \u00e9s egy\u00e9b ker\u00e9kp\u00e1ros infrastrukt\u00far\u00e1k el\u00e9rhet\u0151s\u00e9ge \u00e9s min\u0151s\u00e9ge.<\/li>\n<li><strong>Hozz\u00e1f\u00e9r\u00e9s:<\/strong> A ker\u00e9kp\u00e1ros l\u00e9tes\u00edtm\u00e9nyekhez val\u00f3 hozz\u00e1f\u00e9r\u00e9s egyszer\u0171s\u00e9ge minden koroszt\u00e1ly \u00e9s k\u00e9pess\u00e9g\u0171 ember sz\u00e1m\u00e1ra, bele\u00e9rtve az alacsony j\u00f6vedelm\u0171 k\u00f6rny\u00e9keket is.<\/li>\n<li><strong>Biztons\u00e1g:<\/strong> A ker\u00e9kp\u00e1ros hal\u00e1lesetek \u00e9s s\u00e9r\u00fcl\u00e9sek sz\u00e1ma, valamint az olyan biztons\u00e1gi int\u00e9zked\u00e9sek jelenl\u00e9te, mint a v\u00e9dett ker\u00e9kp\u00e1rutak \u00e9s a forgalomcsillap\u00edt\u00f3 eszk\u00f6z\u00f6k.<\/li>\n<li><strong>T\u00e1mogat\u00e1s:<\/strong> A v\u00e1ros er\u0151fesz\u00edt\u00e9sei a ker\u00e9kp\u00e1roz\u00e1s n\u00e9pszer\u0171s\u00edt\u00e9s\u00e9re, p\u00e9ld\u00e1ul k\u00f6zoktat\u00e1si kamp\u00e1nyokon \u00e9s ker\u00e9kp\u00e1rral munk\u00e1ba j\u00e1r\u00f3 programokon kereszt\u00fcl.<\/li>\n<li><strong>Fejleszt\u00e9s:<\/strong> A v\u00e1ros elk\u00f6telezetts\u00e9ge a ker\u00e9kp\u00e1ros infrastrukt\u00fara fejleszt\u00e9se \u00e9s mindenki sz\u00e1m\u00e1ra hozz\u00e1f\u00e9rhet\u0151bb\u00e9 \u00e9s biztons\u00e1gosabb\u00e1 t\u00e9tele ir\u00e1nt.<\/li>\n<\/ul>\n\n<h2 class=\"wp-block-heading\">Legmagasabban rangsorolt v\u00e1rosok<\/h2>\n\n<p>A PeopleForBikes v\u00e1rosi rangsorol\u00e1si programj\u00e1ban 2023-ra legmagasabban rangsorolt v\u00e1rosok a k\u00f6vetkez\u0151k:<\/p>\n\n<ol class=\"wp-block-list\">\n<li>Fort Collins, Colorado<\/li>\n<li>Wausau, Wisconsin<\/li>\n<li>Boulder, Colorado<\/li>\n<li>Madison, Wisconsin<\/li>\n<li>Minneapolis, Minnesota<\/li>\n<\/ol>\n\n<h2 class=\"wp-block-heading\">M\u00f3dszertan<\/h2>\n\n<p>A PeopleForBikes v\u00e1rosi rangsorol\u00e1si program a v\u00e1rosok \u00e9rt\u00e9kel\u00e9s\u00e9hez k\u00fcl\u00f6nf\u00e9le adatforr\u00e1sokat haszn\u00e1l, t\u00f6bbek k\u00f6z\u00f6tt:<\/p>\n\n<ul class=\"wp-block-list\">\n<li>Helyi \u00e9s sz\u00f6vets\u00e9gi adatok, p\u00e9ld\u00e1ul az amerikai n\u00e9psz\u00e1ml\u00e1l\u00e1s American Community Survey-je \u00e9s a hal\u00e1loz\u00e1si statisztik\u00e1k<\/li>\n<li>Helyi ker\u00e9kp\u00e1ros sz\u00f3sz\u00f3l\u00f3k \u00e9s v\u00e1rosi tisztvisel\u0151k bemenete<\/li>\n<li>Helysz\u00edni l\u00e1togat\u00e1sok a ker\u00e9kp\u00e1ros infrastrukt\u00fara min\u0151s\u00e9g\u00e9nek felm\u00e9r\u00e9s\u00e9re<\/li>\n<\/ul>\n\n<h2 class=\"wp-block-heading\">A ker\u00e9kp\u00e1roz\u00e1s el\u0151nyei<\/h2>\n\n<p>A ker\u00e9kp\u00e1roz\u00e1snak sz\u00e1mos el\u0151nye van, t\u00f6bbek k\u00f6z\u00f6tt:<\/p>\n\n<ul class=\"wp-block-list\">\n<li><strong>Jobb eg\u00e9szs\u00e9g:<\/strong> A ker\u00e9kp\u00e1roz\u00e1s kiv\u00e1l\u00f3 m\u00f3dja a testmozg\u00e1snak \u00e9s az \u00e1ltal\u00e1nos eg\u00e9szs\u00e9gi \u00e1llapot jav\u00edt\u00e1s\u00e1nak. Seg\u00edthet a fogy\u00e1sban, cs\u00f6kkentheti a sz\u00edvbetegs\u00e9gek \u00e9s a stroke kock\u00e1zat\u00e1t, valamint jav\u00edthatja a ment\u00e1lis eg\u00e9szs\u00e9get.<\/li>\n<li><strong>Cs\u00f6kkent forgalmi torl\u00f3d\u00e1s:<\/strong> A ker\u00e9kp\u00e1roz\u00e1s seg\u00edthet cs\u00f6kkenteni a forgalmi torl\u00f3d\u00e1st az\u00e1ltal, hogy alternat\u00edv k\u00f6zleked\u00e9si m\u00f3dot k\u00edn\u00e1l. Ez id\u0151t \u00e9s p\u00e9nzt takar\u00edthat meg, valamint jav\u00edthatja a leveg\u0151 min\u0151s\u00e9g\u00e9t is.<\/li>\n<li><strong>Kisebb k\u00f6rnyezeti hat\u00e1s:<\/strong> A ker\u00e9kp\u00e1roz\u00e1s a k\u00f6zleked\u00e9s z\u00e9r\u00f3 kibocs\u00e1t\u00e1s\u00fa form\u00e1ja, amely seg\u00edthet cs\u00f6kkenteni a sz\u00e9nl\u00e1bnyom\u00e1t.<\/li>\n<\/ul>\n\n<h2 class=\"wp-block-heading\">Hogyan tegye ker\u00e9kp\u00e1rosbar\u00e1tabb\u00e1 v\u00e1ros\u00e1t<\/h2>\n\n<p>Ha ker\u00e9kp\u00e1rosbar\u00e1tabb\u00e1 szeretn\u00e9 tenni v\u00e1ros\u00e1t, sz\u00e1mos dolgot tehet:<\/p>\n\n<ul class=\"wp-block-list\">\n<li><strong>Vegye fel a kapcsolatot helyi v\u00e1lasztott tiszts\u00e9gvisel\u0151ivel:<\/strong> T\u00e1j\u00e9koztassa \u0151ket arr\u00f3l, hogy t\u00e1mogatja a ker\u00e9kp\u00e1rosbar\u00e1t infrastrukt\u00far\u00e1ba \u00e9s programokba t\u00f6rt\u00e9n\u0151 befektet\u00e9seket.<\/li>\n<li><strong>Csatlakozzon egy helyi ker\u00e9kp\u00e1ros \u00e9rdekv\u00e9delmi csoporthoz:<\/strong> A ker\u00e9kp\u00e1ros \u00e9rdekv\u00e9delmi csoportok a ker\u00e9kp\u00e1roz\u00e1s n\u00e9pszer\u0171s\u00edt\u00e9s\u00e9n \u00e9s a ker\u00e9kp\u00e1roz\u00e1s felt\u00e9teleinek jav\u00edt\u00e1s\u00e1n dolgoznak k\u00f6z\u00f6ss\u00e9geikben.<\/li>\n<li><strong>Jelentkezzen \u00f6nk\u00e9ntesnek ker\u00e9kp\u00e1ros esem\u00e9nyeken val\u00f3 seg\u00edts\u00e9gny\u00fajt\u00e1sra:<\/strong> Ez egy nagyszer\u0171 m\u00f3dja annak, hogy kifejezze t\u00e1mogat\u00e1s\u00e1t a ker\u00e9kp\u00e1roz\u00e1s ir\u00e1nt, \u00e9s tal\u00e1lkozzon m\u00e1s hasonl\u00f3 szenved\u00e9ly\u0171 emberekkel.<\/li>\n<\/ul>\n\n<h2 class=\"wp-block-heading\">K\u00f6vetkeztet\u00e9s<\/h2>\n\n<p>A ker\u00e9kp\u00e1roz\u00e1s nagyszer\u0171 m\u00f3dja az eg\u00e9szs\u00e9g jav\u00edt\u00e1s\u00e1nak, a forgalmi torl\u00f3d\u00e1sok cs\u00f6kkent\u00e9s\u00e9nek \u00e9s a k\u00f6rnyezeti hat\u00e1s cs\u00f6kkent\u00e9s\u00e9nek. A ker\u00e9kp\u00e1rosbar\u00e1t infrastrukt\u00far\u00e1ba \u00e9s programokba val\u00f3 befektet\u00e9ssel a v\u00e1rosok k\u00f6nnyebb\u00e9 \u00e9s biztons\u00e1gosabb\u00e1 tehetik az emberek sz\u00e1m\u00e1ra a ker\u00e9kp\u00e1roz\u00e1st.<\/p>","protected":false},"excerpt":{"rendered":"<p>Amerika legker\u00e9kp\u00e1ros-bar\u00e1tabb v\u00e1rosai: \u00c1tfog\u00f3 \u00fatmutat\u00f3 Bevezet\u00e9s Az Egyes\u00fclt \u00c1llamokban egyre n\u00e9pszer\u0171bb a ker\u00e9kp\u00e1roz\u00e1s, egyre t\u00f6bben ing\u00e1znak munkahely\u00fckre \u00e9s int\u00e9zik el \u00fcgyeiket k\u00e9t ker\u00e9ken. Erre a n\u00f6vekv\u0151 ig\u00e9nyre reag\u00e1lva az orsz\u00e1g&hellip;<\/p>\n","protected":false},"author":4,"featured_media":0,"comment_status":"closed","ping_status":"closed","sticky":false,"template":"","format":"standard","meta":{"footnotes":""},"categories":[15374],"tags":[14938,19553,3265,2771,823],"class_list":["post-14569","post","type-post","status-publish","format-standard","hentry","category-cycling","tag-health-and-fitness","tag-bicycle-friendly-cities","tag-cycling","tag-transportation","tag-urban-planning"],"_links":{"self":[{"href":"https:\/\/www.lifescienceart.com\/hu\/wp-json\/wp\/v2\/posts\/14569","targetHints":{"allow":["GET"]}}],"collection":[{"href":"https:\/\/www.lifescienceart.com\/hu\/wp-json\/wp\/v2\/posts"}],"about":[{"href":"https:\/\/www.lifescienceart.com\/hu\/wp-json\/wp\/v2\/types\/post"}],"author":[{"embeddable":true,"href":"https:\/\/www.lifescienceart.com\/hu\/wp-json\/wp\/v2\/users\/4"}],"replies":[{"embeddable":true,"href":"https:\/\/www.lifescienceart.com\/hu\/wp-json\/wp\/v2\/comments?post=14569"}],"version-history":[{"count":1,"href":"https:\/\/www.lifescienceart.com\/hu\/wp-json\/wp\/v2\/posts\/14569\/revisions"}],"predecessor-version":[{"id":14570,"href":"https:\/\/www.lifescienceart.com\/hu\/wp-json\/wp\/v2\/posts\/14569\/revisions\/14570"}],"wp:attachment":[{"href":"https:\/\/www.lifescienceart.com\/hu\/wp-json\/wp\/v2\/media?parent=14569"}],"wp:term":[{"taxonomy":"category","embeddable":true,"href":"https:\/\/www.lifescienceart.com\/hu\/wp-json\/wp\/v2\/categories?post=14569"},{"taxonomy":"post_tag","embeddable":true,"href":"https:\/\/www.lifescienceart.com\/hu\/wp-json\/wp\/v2\/tags?post=14569"}],"curies":[{"name":"wp","href":"https:\/\/api.w.org\/{rel}","templated":true}]}}