{"id":14684,"date":"2026-04-27T02:08:48","date_gmt":"2026-04-27T02:08:48","guid":{"rendered":"https:\/\/www.lifescienceart.com\/?p=14684"},"modified":"2026-04-27T02:08:48","modified_gmt":"2026-04-27T02:08:48","slug":"massive-two-fault-earthquake-pacific-northwest-1100-years-ago","status":"publish","type":"post","link":"https:\/\/www.lifescienceart.com\/hu\/science\/earth-sciences\/massive-two-fault-earthquake-pacific-northwest-1100-years-ago\/","title":{"rendered":"Massz\u00edv K\u00e9t-Fault F\u00f6ldreng\u00e9s a Pacific Northwest-ben 1\u202f100 \u00e9ve \u2013 \u00daj tanulm\u00e1ny felt\u00e1rja a rejtett kock\u00e1zatot"},"content":{"rendered":"<h2 class=\"wp-block-heading\">T\u00f6bb mint egy ezer \u00e9vvel ezel\u0151tt hatalmas k\u00e9thib\u00e1s f\u00f6ldreng\u00e9s \u00e9rhette a Csendes-\u00f3ce\u00e1ni \u00e9szaknyugati partot<\/h2>\n\n<h2 class=\"wp-block-heading\">\u00daj tanulm\u00e1ny felfedte az \u0151si f\u00f6ldreng\u00e9s intenzit\u00e1s\u00e1t<\/h2>\n\n<p>A kutat\u00f3k olyan bizony\u00edt\u00e9kot tal\u00e1ltak egy hatalmas f\u00f6ldreng\u00e9sr\u0151l \u2013 vagy egym\u00e1st k\u00f6vet\u0151 k\u00e9t f\u00f6ldreng\u00e9sr\u0151l \u2013, amely mintegy 1\u202f100 \u00e9vvel ezel\u0151tt csapott le a Puget Sound t\u00e9rs\u00e9g\u00e9re a Csendes-\u00f3ce\u00e1ni \u00e9szaknyugati r\u00e9szben. A <em>Science Advances<\/em> foly\u00f3iratban megjelent tanulm\u00e1ny fagy\u0171r\u0171-d\u00e1tumoz\u00e1st alkalmazott, \u00e9s meg\u00e1llap\u00edtotta, hogy Seattle k\u00f6zel\u00e9ben l\u00e9v\u0151 k\u00e9t rep\u00fcl\u00e9si z\u00f3na hat h\u00f3napos id\u0151szakban, 923\u2013924\u202fi. k\u00f6z\u00f6tt szakadt meg.<\/p>\n\n<h2 class=\"wp-block-heading\">Alulbecs\u00fclt f\u00f6ldreng\u00e9skock\u00e1zat<\/h2>\n\n<p>Ez a felfedez\u00e9s ellentmond a kor\u00e1bbi kutat\u00e1soknak, amelyek szerint a ter\u00fclet kisebb f\u00f6ldreng\u00e9seknek volt kit\u00e9ve. Az \u00faj eredm\u00e9nyek azt sugallj\u00e1k, hogy a Seattle\u2011t, Tacoma\u2011t \u00e9s Olympia\u2011t, Washington\u2011t mag\u00e1ba foglal\u00f3 r\u00e9gi\u00f3 extr\u00e9mebb f\u00f6ldreng\u00e9seket is elszenvedhet, mint azt kor\u00e1bban gondolt\u00e1k.<\/p>\n\n<h2 class=\"wp-block-heading\">T\u00f6bb hib\u00e1t \u00e9rint\u0151 repeszek<\/h2>\n\n<p>Az egyszerre t\u00f6bb hiba z\u00f3n\u00e1t \u00e9rint\u0151 f\u00f6ldreng\u00e9sek \u00e1ltal\u00e1ban a legpuszt\u00edt\u00f3bbak egy adott ter\u00fcleten. Ugyanakkor ritk\u00e1k \u00e9s nehezen megfigyelhet\u0151k a t\u00f6rt\u00e9nelmi feljegyz\u00e9sekben. Az \u00faj tanulm\u00e1nyban le\u00edrt esem\u00e9ny val\u00f3sz\u00edn\u0171leg egy t\u00f6bbr\u00e9tes repeszk\u00e9nt keletkezett, ami k\u00fcl\u00f6n\u00f6sen vesz\u00e9lyess\u00e9 teszi.<\/p>\n\n<h2 class=\"wp-block-heading\">Fa gy\u0171r\u0171i felfedik a f\u00f6ldreng\u00e9s id\u0151pontj\u00e1t<\/h2>\n\n<p>Az \u0151si f\u00f6ldreng\u00e9s id\u0151z\u00edt\u00e9s\u00e9nek meghat\u00e1roz\u00e1s\u00e1hoz a kutat\u00f3k hat helysz\u00ednr\u0151l sz\u00e1rmaz\u00f3 Douglas-feny\u0151 f\u00e1k gy\u0171r\u0171it elemezt\u00e9k a Puget Sound k\u00f6rny\u00e9k\u00e9n. A fa\u00e1gak gy\u0171r\u0171it egym\u00e1ssal \u00e9s egy referenciakronol\u00f3gi\u00e1val \u00f6sszehasonl\u00edtva meg\u00e1llap\u00edtott\u00e1k, hogy a f\u00e1k okt\u00f3ber 923 \u00e9s m\u00e1rcius 924 k\u00f6z\u00f6tt pusztultak el. Ez lehet\u0151v\u00e9 tette a f\u00f6ldreng\u00e9s(ek) pontos beazonos\u00edt\u00e1s\u00e1t ebben a hat h\u00f3napos id\u0151ablakban.<\/p>\n\n<h2 class=\"wp-block-heading\">Miyake\u2011esem\u00e9ny igazolja a d\u00e1tumoz\u00e1st<\/h2>\n\n<p>A biztons\u00e1g n\u00f6vel\u00e9se \u00e9rdek\u00e9ben a csapat a fa gy\u0171r\u0171iben egy jellegzetes, a dat\u00e1l\u00e1st seg\u00edt\u0151 jelet keresett: a Miyake\u2011esem\u00e9nyt, amely a kozmikus sug\u00e1rz\u00e1s egy hirtelen n\u00f6veked\u00e9se. Ez az esem\u00e9ny \u2013 egy napkit\u00f6r\u00e9s vagy szupern\u00f3va \u2013 a sz\u00e9n\u201114 koncentr\u00e1ci\u00f3ban jellegzetes ugr\u00e1st hagyott a f\u00e1kban. A kutat\u00f3k 774\u2013775\u202fi. k\u00f6z\u00f6tti esem\u00e9nyt azonos\u00edtott\u00e1k, \u00e9s ezt referencia\u2011pontk\u00e9nt haszn\u00e1lt\u00e1k, amely meger\u0151s\u00edtette, hogy a mint\u00e1k legutols\u00f3 gy\u0171r\u0171je 923\u202fi. volt.<\/p>\n\n<h2 class=\"wp-block-heading\">Magnit\u00fad\u00f3 \u00e9s energiafelszabadul\u00e1s<\/h2>\n\n<p>Az eredm\u00e9nyek alapj\u00e1n a kutat\u00f3k \u00fagy becs\u00fclik, hogy a hat h\u00f3napos id\u0151szakban vagy k\u00e9t k\u00f6zel egym\u00e1s ut\u00e1ni, 7,5\u2011es \u00e9s 7,3\u2011as magnit\u00fad\u00f3j\u00fa f\u00f6ldreng\u00e9s, vagy egy egyetlen, t\u00f6bb hib\u00e1t \u00e9rint\u0151, k\u00f6r\u00fclbel\u00fcl 7,8\u2011as magnit\u00fad\u00f3j\u00fa esem\u00e9ny csapott le a t\u00e9rs\u00e9gre. Az egyetlen f\u00f6ldreng\u00e9s forgat\u00f3k\u00f6nyve k\u00f6r\u00fclbel\u00fcl h\u00e1romszor val\u00f3sz\u00edn\u0171bb, mint a k\u00e9t k\u00fcl\u00f6n\u00e1ll\u00f3 esem\u00e9ny.<\/p>\n\n<p>Egy 7,8\u2011as magnit\u00fad\u00f3j\u00fa f\u00f6ldreng\u00e9s a tanulm\u00e1nyban le\u00edrtak szerint 38\u2011szor annyi energi\u00e1t szabad\u00edt fel, mint egy 6,7\u2011es magnit\u00fad\u00f3j\u00fa f\u00f6ldreng\u00e9s, amely a kor\u00e1bbi kock\u00e1zati modellek alapj\u00e1t k\u00e9pezte. Ez helyi sz\u00f6k\u0151\u00e1rhoz, valamint sz\u00e9les k\u00f6r\u0171 puszt\u00edt\u00e1shoz \u00e9s \u00e1ldozatokhoz vezethet.<\/p>\n\n<h2 class=\"wp-block-heading\">A vesz\u00e9lymodellek friss\u00edt\u00e9se sz\u00fcks\u00e9ges<\/h2>\n\n<p>A tanulm\u00e1ny eredm\u00e9nyei kiemelik a vesz\u00e9lymodellek friss\u00edt\u00e9s\u00e9nek sz\u00fcks\u00e9gess\u00e9g\u00e9t, hogy figyelembe vegy\u00e9k az ilyen nagys\u00e1g\u00fa f\u00f6ldreng\u00e9sek lehet\u0151s\u00e9g\u00e9t. A jelenlegi modellek nem tartalmazz\u00e1k az ilyen er\u0151ss\u00e9g\u0171 esem\u00e9nyeket, ami alulbecs\u00fclheti a potenci\u00e1lis kock\u00e1zatot \u00e9s nem megfelel\u0151 felk\u00e9sz\u00fclts\u00e9ghez vezethet.<\/p>\n\n<h2 class=\"wp-block-heading\">Felk\u00e9sz\u00fcl\u00e9s a legrosszabbra<\/h2>\n\n<p>B\u00e1r az ilyen extr\u00e9m esem\u00e9ny egy adott \u00e9vben val\u00f3 bek\u00f6vetkez\u00e9s\u00e9nek val\u00f3sz\u00edn\u0171s\u00e9ge alacsony, a tanulm\u00e1ny r\u00e1mutat a katasztrof\u00e1lis f\u00f6ldreng\u00e9sek elleni felk\u00e9sz\u00fcl\u00e9s fontoss\u00e1g\u00e1ra. Az \u00e9p\u00edt\u00e9si szab\u00e1lyzatokat \u00e9s a v\u00e9szhelyzeti tervet fel\u00fcl kell vizsg\u00e1lni \u00e9s friss\u00edteni kell, hogy t\u00fckr\u00f6zz\u00e9k a kor\u00e1bban v\u00e1rtakt\u00f3l nagyobb f\u00f6ldreng\u00e9sek lehet\u0151s\u00e9g\u00e9t.<\/p>\n\n<h2 class=\"wp-block-heading\">K\u00f6vetkezm\u00e9nyek a Csendes-\u00f3ce\u00e1ni \u00e9szaknyugatra<\/h2>\n\n<p>Az \u00faj tanulm\u00e1nyban le\u00edrt f\u00f6ldreng\u00e9s val\u00f3sz\u00edn\u0171leg a r\u00e9gi\u00f3 legintenz\u00edvebb esem\u00e9nye az elm\u00falt 16\u202f000 \u00e9vben. Ez hangs\u00falyozza a folyamatos kutat\u00e1s \u00e9s megfigyel\u00e9s fontoss\u00e1g\u00e1t, hogy jobban meg\u00e9rts\u00fck a Csendes-\u00f3ce\u00e1ni \u00e9szaknyugat f\u00f6ldreng\u00e9skock\u00e1zat\u00e1t, \u00e9s hat\u00e9kony m\u00e9rs\u00e9kl\u0151 strat\u00e9gi\u00e1kat dolgozzunk ki.<\/p>","protected":false},"excerpt":{"rendered":"<p>T\u00f6bb mint egy ezer \u00e9vvel ezel\u0151tt hatalmas k\u00e9thib\u00e1s f\u00f6ldreng\u00e9s \u00e9rhette a Csendes-\u00f3ce\u00e1ni \u00e9szaknyugati partot \u00daj tanulm\u00e1ny felfedte az \u0151si f\u00f6ldreng\u00e9s intenzit\u00e1s\u00e1t A kutat\u00f3k olyan bizony\u00edt\u00e9kot tal\u00e1ltak egy hatalmas f\u00f6ldreng\u00e9sr\u0151l \u2013&hellip;<\/p>\n","protected":false},"author":2,"featured_media":25407,"comment_status":"closed","ping_status":"closed","sticky":false,"template":"","format":"standard","meta":{"footnotes":""},"categories":[728],"tags":[8053,6748,19690,4866,19691,1643,613],"class_list":["post-14684","post","type-post","status-publish","format-standard","has-post-thumbnail","hentry","category-earth-sciences","tag-pacific-northwest","tag-tree-rings","tag-fault-zones","tag-earthquakes","tag-hazard-mitigation","tag-ancient-history","tag-scientific-discovery"],"_links":{"self":[{"href":"https:\/\/www.lifescienceart.com\/hu\/wp-json\/wp\/v2\/posts\/14684","targetHints":{"allow":["GET"]}}],"collection":[{"href":"https:\/\/www.lifescienceart.com\/hu\/wp-json\/wp\/v2\/posts"}],"about":[{"href":"https:\/\/www.lifescienceart.com\/hu\/wp-json\/wp\/v2\/types\/post"}],"author":[{"embeddable":true,"href":"https:\/\/www.lifescienceart.com\/hu\/wp-json\/wp\/v2\/users\/2"}],"replies":[{"embeddable":true,"href":"https:\/\/www.lifescienceart.com\/hu\/wp-json\/wp\/v2\/comments?post=14684"}],"version-history":[{"count":2,"href":"https:\/\/www.lifescienceart.com\/hu\/wp-json\/wp\/v2\/posts\/14684\/revisions"}],"predecessor-version":[{"id":25408,"href":"https:\/\/www.lifescienceart.com\/hu\/wp-json\/wp\/v2\/posts\/14684\/revisions\/25408"}],"wp:featuredmedia":[{"embeddable":true,"href":"https:\/\/www.lifescienceart.com\/hu\/wp-json\/wp\/v2\/media\/25407"}],"wp:attachment":[{"href":"https:\/\/www.lifescienceart.com\/hu\/wp-json\/wp\/v2\/media?parent=14684"}],"wp:term":[{"taxonomy":"category","embeddable":true,"href":"https:\/\/www.lifescienceart.com\/hu\/wp-json\/wp\/v2\/categories?post=14684"},{"taxonomy":"post_tag","embeddable":true,"href":"https:\/\/www.lifescienceart.com\/hu\/wp-json\/wp\/v2\/tags?post=14684"}],"curies":[{"name":"wp","href":"https:\/\/api.w.org\/{rel}","templated":true}]}}