{"id":15131,"date":"2023-05-11T03:19:02","date_gmt":"2023-05-11T03:19:02","guid":{"rendered":"https:\/\/www.lifescienceart.com\/?p=15131"},"modified":"2023-05-11T03:19:02","modified_gmt":"2023-05-11T03:19:02","slug":"advertising-on-us-currency-a-delicate-balance","status":"publish","type":"post","link":"https:\/\/www.lifescienceart.com\/hu\/life\/economics\/advertising-on-us-currency-a-delicate-balance\/","title":{"rendered":"Rekl\u00e1m az amerikai valut\u00e1n: k\u00e9nyes egyens\u00faly"},"content":{"rendered":"<h2 class=\"wp-block-heading\">Rekl\u00e1m az amerikai valut\u00e1n: k\u00e9nyes egyens\u00faly<\/h2>\n\n<h2 class=\"wp-block-heading\">Ir\u00e1nyelvek a rekl\u00e1moz\u00e1shoz az amerikai valut\u00e1n<\/h2>\n\n<p>A nemzeti ad\u00f3ss\u00e1g cs\u00f6kkent\u00e9se \u00e9rdek\u00e9ben az amerikai korm\u00e1ny j\u00f3v\u00e1hagyta a rekl\u00e1mhelyek \u00e9rt\u00e9kes\u00edt\u00e9s\u00e9t az amerikai valut\u00e1n. Ez a politika azonban aggodalmakat vetett fel a valuta \u00e9rt\u00e9k\u00e9re \u00e9s a nemzeti identit\u00e1sra gyakorolt lehets\u00e9ges hat\u00e1ssal kapcsolatban.<\/p>\n\n<p>Ezen aggodalmak kezel\u00e9se \u00e9rdek\u00e9ben a korm\u00e1ny szigor\u00fa ir\u00e1nyelveket hat\u00e1rozott meg e politika v\u00e9grehajt\u00e1s\u00e1hoz. Ezen ir\u00e1nyelvek c\u00e9lja a zs\u00fafolts\u00e1g minimaliz\u00e1l\u00e1sa, az \u00e9rdekellent\u00e9tek elker\u00fcl\u00e9se \u00e9s a valuta t\u00f6rt\u00e9nelmi integrit\u00e1s\u00e1nak meg\u0151rz\u00e9se.<\/p>\n\n<h2 class=\"wp-block-heading\">Etikai megfontol\u00e1sok<\/h2>\n\n<p>A kritikusok azzal \u00e9rvelnek, hogy a valut\u00e1n t\u00f6rt\u00e9n\u0151 rekl\u00e1moz\u00e1s lealacsony\u00edtja \u00e9s le\u00e9rt\u00e9keli a nemzeti identit\u00e1s ezen jelk\u00e9p\u00e9t. A korm\u00e1ny elismeri ezeket az aggodalmakat, \u00e9s hangs\u00falyozza, hogy a c\u00e9l a bev\u00e9telek maximaliz\u00e1l\u00e1sa a valut\u00e1nak kij\u00e1r\u00f3 m\u00e9lt\u00f3s\u00e1g \u00e9s tisztelet fenntart\u00e1sa mellett.<\/p>\n\n<h2 class=\"wp-block-heading\">A valuta \u00e9rt\u00e9k\u00e9re gyakorolt hat\u00e1s<\/h2>\n\n<p>Neh\u00e9z megj\u00f3solni a rekl\u00e1moz\u00e1s hat\u00e1s\u00e1t a valuta \u00e9rt\u00e9k\u00e9re. Egyes szak\u00e9rt\u0151k \u00fagy v\u00e9lik, hogy ez \u00e9rt\u00e9kcs\u00f6kken\u00e9shez vezethet, mivel a k\u00f6zv\u00e9lem\u00e9ny elvesz\u00edtheti a bizalm\u00e1t a valuta integrit\u00e1s\u00e1ban. M\u00e1sok azzal \u00e9rvelnek, hogy a rekl\u00e1moz\u00e1sb\u00f3l sz\u00e1rmaz\u00f3 bev\u00e9telek ellens\u00falyozhatj\u00e1k az \u00e9rt\u00e9k esetleges cs\u00f6kken\u00e9s\u00e9t.<\/p>\n\n<h2 class=\"wp-block-heading\">A fogyaszt\u00f3k reakci\u00f3i<\/h2>\n\n<p>A fogyaszt\u00f3k reakci\u00f3i a valut\u00e1n t\u00f6rt\u00e9n\u0151 rekl\u00e1moz\u00e1sra vegyesek. Vannak, akik kifog\u00e1solhat\u00f3nak tal\u00e1lj\u00e1k, m\u00edg m\u00e1sok k\u00f6z\u00f6mb\u00f6sek vagy ak\u00e1r t\u00e1mogatj\u00e1k is. A korm\u00e1ny szorosan figyeli a k\u00f6zv\u00e9lem\u00e9nyt, \u00e9s sz\u00fcks\u00e9g szerint m\u00f3dos\u00edtani fogja a politik\u00e1n.<\/p>\n\n<h2 class=\"wp-block-heading\">A rekl\u00e1moz\u00e1s t\u00f6rt\u00e9nete a valut\u00e1n<\/h2>\n\n<p>A rekl\u00e1moz\u00e1s a valut\u00e1n nem \u00faj kelet\u0171 fogalom. A m\u00faltban a korm\u00e1nyok helyet \u00e9rt\u00e9kes\u00edtettek a b\u00e9lyegeken, \u00e9rm\u00e9ken \u00e9s m\u00e1s p\u00e9nznemeken a bev\u00e9telek n\u00f6vel\u00e9se \u00e9rdek\u00e9ben. Ez azonban az els\u0151 alkalom, hogy a rekl\u00e1moz\u00e1st enged\u00e9lyezt\u00e9k az amerikai pap\u00edrp\u00e9nzen.<\/p>\n\n<h2 class=\"wp-block-heading\">A rekl\u00e1moz\u00e1s jogi vonatkoz\u00e1sai a valut\u00e1n<\/h2>\n\n<p>A rekl\u00e1moz\u00e1s t\u00f6rv\u00e9nyess\u00e9ge a valut\u00e1n \u00f6sszetett k\u00e9rd\u00e9s. A korm\u00e1nynak joga van a valuta kibocs\u00e1t\u00e1s\u00e1ra \u00e9s szab\u00e1lyoz\u00e1s\u00e1ra, de be kell tartania az alkotm\u00e1nyos v\u00e9delmet az sz\u00f3l\u00e1sszabads\u00e1g \u00e9s a kereskedelem ter\u00e9n is. A korm\u00e1ny \u00fagy v\u00e9li, hogy a rekl\u00e1moz\u00e1si ir\u00e1nyelvek igazs\u00e1gos egyens\u00falyt teremtenek e verseng\u0151 \u00e9rdekek k\u00f6z\u00f6tt.<\/p>\n\n<h2 class=\"wp-block-heading\">Kreat\u00edv \u00f6tletek a rekl\u00e1moz\u00e1shoz a valut\u00e1n<\/h2>\n\n<p>A rekl\u00e1moz\u00f3k k\u00fcl\u00f6nf\u00e9le kreat\u00edv \u00f6tleteket vizsg\u00e1lnak term\u00e9keik \u00e9s szolg\u00e1ltat\u00e1saik n\u00e9pszer\u0171s\u00edt\u00e9s\u00e9re a valut\u00e1n. N\u00e9h\u00e1ny \u00f6tlet a k\u00f6vetkez\u0151ket foglalja mag\u00e1ban: sarok sz\u00e1mok haszn\u00e1lata v\u00e1llalati log\u00f3k\u00e9nt, p\u00e1rbesz\u00e9d bubor\u00e9kok elhelyez\u00e9se t\u00f6rt\u00e9nelmi szem\u00e9lyis\u00e9gek aj\u00e1nl\u00e1saival \u00e9s egyedi diz\u00e1jnok k\u00e9sz\u00edt\u00e9se, amelyek eltakarj\u00e1k a t\u00f6rt\u00e9nelmi \u00e9p\u00fcleteket an\u00e9lk\u00fcl, hogy megv\u00e1ltoztatn\u00e1k azok k\u00e9p\u00e9t.<\/p>\n\n<h2 class=\"wp-block-heading\">A rekl\u00e1moz\u00e1s gazdas\u00e1gi el\u0151nyei a valut\u00e1n<\/h2>\n\n<p>A korm\u00e1ny becsl\u00e9sei szerint a rekl\u00e1moz\u00e1s a valut\u00e1n t\u00f6bb milli\u00e1rd doll\u00e1r bev\u00e9telt hozhat. Ez a bev\u00e9tel felhaszn\u00e1lhat\u00f3 a nemzeti ad\u00f3ss\u00e1g cs\u00f6kkent\u00e9s\u00e9re, korm\u00e1nyzati programok finansz\u00edroz\u00e1s\u00e1ra vagy m\u00e1s ad\u00f3cs\u00f6kkent\u00e9sek k\u00f6lts\u00e9geinek ellens\u00falyoz\u00e1s\u00e1ra.<\/p>\n\n<h2 class=\"wp-block-heading\">A rekl\u00e1moz\u00e1s lehets\u00e9ges kock\u00e1zatai a valut\u00e1n<\/h2>\n\n<p>A rekl\u00e1moz\u00e1shoz a valut\u00e1n bizonyos potenci\u00e1lis kock\u00e1zatok kapcsol\u00f3dnak. Ezek a kock\u00e1zatok a hamis\u00edt\u00e1s, a csal\u00e1s \u00e9s a valuta reput\u00e1ci\u00f3j\u00e1nak k\u00e1rosod\u00e1s\u00e1nak lehet\u0151s\u00e9g\u00e9t foglalj\u00e1k magukban. A korm\u00e1ny szigor\u00fa biztons\u00e1gi int\u00e9zked\u00e9sekkel \u00e9s a rekl\u00e1moz\u00e1si ir\u00e1nyelvek betartat\u00e1s\u00e1val tesz l\u00e9p\u00e9seket e kock\u00e1zatok m\u00e9rs\u00e9kl\u00e9se \u00e9rdek\u00e9ben.<\/p>\n\n<h2 class=\"wp-block-heading\">Alternat\u00edv m\u00f3dszerek a korm\u00e1nyzati bev\u00e9telek n\u00f6vel\u00e9s\u00e9re<\/h2>\n\n<p>A rekl\u00e1moz\u00e1s a valut\u00e1n csak egyike annak a t\u00f6bb lehet\u0151s\u00e9gnek, amelyet a korm\u00e1ny a bev\u00e9telek n\u00f6vel\u00e9se \u00e9rdek\u00e9ben m\u00e9rlegel. M\u00e1s lehet\u0151s\u00e9gek k\u00f6z\u00e9 tartozik az ad\u00f3k emel\u00e9se, a kiad\u00e1sok cs\u00f6kkent\u00e9se \u00e9s \u00faj k\u00f6tv\u00e9nyek kibocs\u00e1t\u00e1sa. A korm\u00e1ny m\u00e9rlegelni fogja az egyes lehet\u0151s\u00e9gek el\u0151nyeit \u00e9s h\u00e1tr\u00e1nyait, miel\u0151tt v\u00e9gleges d\u00f6nt\u00e9st hozna.<\/p>","protected":false},"excerpt":{"rendered":"<p>Rekl\u00e1m az amerikai valut\u00e1n: k\u00e9nyes egyens\u00faly Ir\u00e1nyelvek a rekl\u00e1moz\u00e1shoz az amerikai valut\u00e1n A nemzeti ad\u00f3ss\u00e1g cs\u00f6kkent\u00e9se \u00e9rdek\u00e9ben az amerikai korm\u00e1ny j\u00f3v\u00e1hagyta a rekl\u00e1mhelyek \u00e9rt\u00e9kes\u00edt\u00e9s\u00e9t az amerikai valut\u00e1n. Ez a politika&hellip;<\/p>\n","protected":false},"author":4,"featured_media":0,"comment_status":"closed","ping_status":"closed","sticky":false,"template":"","format":"standard","meta":{"footnotes":""},"categories":[15254],"tags":[1280,4352,17617,5909,17555],"class_list":["post-15131","post","type-post","status-publish","format-standard","hentry","category-economics","tag-ethics","tag-advertising","tag-money","tag-national-identity","tag-currency"],"_links":{"self":[{"href":"https:\/\/www.lifescienceart.com\/hu\/wp-json\/wp\/v2\/posts\/15131","targetHints":{"allow":["GET"]}}],"collection":[{"href":"https:\/\/www.lifescienceart.com\/hu\/wp-json\/wp\/v2\/posts"}],"about":[{"href":"https:\/\/www.lifescienceart.com\/hu\/wp-json\/wp\/v2\/types\/post"}],"author":[{"embeddable":true,"href":"https:\/\/www.lifescienceart.com\/hu\/wp-json\/wp\/v2\/users\/4"}],"replies":[{"embeddable":true,"href":"https:\/\/www.lifescienceart.com\/hu\/wp-json\/wp\/v2\/comments?post=15131"}],"version-history":[{"count":1,"href":"https:\/\/www.lifescienceart.com\/hu\/wp-json\/wp\/v2\/posts\/15131\/revisions"}],"predecessor-version":[{"id":15132,"href":"https:\/\/www.lifescienceart.com\/hu\/wp-json\/wp\/v2\/posts\/15131\/revisions\/15132"}],"wp:attachment":[{"href":"https:\/\/www.lifescienceart.com\/hu\/wp-json\/wp\/v2\/media?parent=15131"}],"wp:term":[{"taxonomy":"category","embeddable":true,"href":"https:\/\/www.lifescienceart.com\/hu\/wp-json\/wp\/v2\/categories?post=15131"},{"taxonomy":"post_tag","embeddable":true,"href":"https:\/\/www.lifescienceart.com\/hu\/wp-json\/wp\/v2\/tags?post=15131"}],"curies":[{"name":"wp","href":"https:\/\/api.w.org\/{rel}","templated":true}]}}